{"id":72776,"date":"2024-01-14T13:09:18","date_gmt":"2024-01-14T13:09:18","guid":{"rendered":"https:\/\/www.ole.com.ar\/boca-juniors\/kevin-zenon-union-boca-presidente-luis-spahn_0_LdZK23qRuK.html"},"modified":"2024-01-14T13:09:18","modified_gmt":"2024-01-14T13:09:18","slug":"que-dijo-zenon-de-su-llegada-a-boca-y-el-enojo-con-el-presidente-de-union","status":"publish","type":"post","link":"http:\/\/hoycordobaweb.com\/index.php\/2024\/01\/14\/que-dijo-zenon-de-su-llegada-a-boca-y-el-enojo-con-el-presidente-de-union\/","title":{"rendered":"Qu\u00e9 dijo Zen\u00f3n de su llegada a Boca y el enojo con el presidente de Uni\u00f3n"},"content":{"rendered":"<p><img src=\"http:\/\/hoycordobaweb.com\/wp-content\/uploads\/2024\/01\/que-dijo-zenon-de-su-llegada-a-boca-y-el-enojo-con-el-presidente-de-union.jpg\"><\/p>\n<p><time class=\"createDate\" datetime=\"2024-01-14T10:09:18-03:00\">14\/01\/2024 10:09hs.<\/time><\/p>\n<div id=\"storyBody\">\n<div class=\"custom-text \" readability=\"36\">\n<p><strong>El acuerdo econ\u00f3mico entre Boca y Uni\u00f3n est\u00e1 encaminado: 3.500.000 de d\u00f3lares por el 80 por ciento del pase.<\/strong> Sin embargo, resta definir qu\u00e9 jugadores o qu\u00e9 jugador pasar\u00e1 a pr\u00e9stamo a Santa Fe. Y esa es la traba que en las \u00faltimas horas gener\u00f3 muchas molestias en Kevin Zen\u00f3n y su entorno.<\/p>\n<\/div>\n<div class=\"custom-text \" readability=\"42\">\n<p><strong>\u00abNo s\u00e9, deber\u00edan preguntarle al presidente&#8230;\u00bb,<\/strong> fue la primera frase del volante de 22 a\u00f1os sobre el tema Boca. Visiblemente molesto, apunt\u00f3 directamente contra Luis Spahn. <strong>\u00abNo s\u00e9, no puedo hablar del tema, deber\u00edan preguntarle al presidente. \u00c9l es el que est\u00e1 poniendo las trabas, no yo\u00bb<\/strong>, dijo.<\/p>\n<\/div>\n<div class=\"custom-text \" readability=\"39\">\n<p>Y agreg\u00f3: <strong>\u00abUno trata de estar tranquilo, pero a veces en estos partidos se complica porque la cabeza la ten\u00e9s en cualquier lado\u00bb. <\/strong>Sin dudas, el fastidio de Zen\u00f3n es evidente y quiere jugar en Boca, en donde ya lo esperan para reemplazar a Barco. Incluso, en el Xeneize creen que en las pr\u00f3ximas horas esta historia tendr\u00e1 punto final.<\/p>\n<\/div>\n<p><h2><strong>Los n\u00fameros de Kevin Zen\u00f3n en Uni\u00f3n<\/strong><\/h2>\n<\/p>\n<div class=\"custom-text \" readability=\"38\">\n<p>Kevin Zen\u00f3n hizo inferiores en Uni\u00f3n, club con el que debut\u00f3 en la Primera Divisi\u00f3n en 2020 de la mano de Leonardo Madel\u00f3n, entonces t\u00e9cnico del Tatengue. <strong>Desde entonces, el defensor disput\u00f3 114 partidos, convirti\u00f3 seis goles y reparti\u00f3 10 asistencias.<\/strong><\/p>\n<\/div>\n<div type=\"embed\" class=\"sc-7ce6049-0 dwIKul\">\n<div class=\"sc-7ce6049-1 bdcBBS videoText\" id=\"contentTitleembeduH9S1bKO\" type=\"embed\"><svg fill=\"#ffffff\"><symbol id=\"play\" viewBox=\"0 0 512 512\"><path d=\"M512 256C512 397.4 397.4 512 256 512C114.6 512 0 397.4 0 256C0 114.6 114.6 0 256 0C397.4 0 512 114.6 512 256zM176 168V344C176 352.7 180.7 360.7 188.3 364.9C195.8 369.2 205.1 369 212.5 364.5L356.5 276.5C363.6 272.1 368 264.4 368 256C368 247.6 363.6 239.9 356.5 235.5L212.5 147.5C205.1 142.1 195.8 142.8 188.3 147.1C180.7 151.3 176 159.3 176 168V168z\" \/><\/symbol><use xlink:href=\"#play\" \/><\/svg><\/p>\n<div class=\"right\">\n<p>Kevin Zen\u00f3n<!-- --> &#8211;<!-- --> <span>14-1-2024<\/span><\/p>\n<h2 class=\"title-vid\">La palabra de Kevin Zen\u00f3n sobre Boca<\/h2>\n<\/div>\n<\/div>\n<p><span class=\"back\" id=\"spanBackembeduH9S1bKO\"><\/span><\/div>\n<p><h2><strong>La palabra de Kily Gonz\u00e1lez ante la posible salida de Kevin Zen\u00f3n<\/strong><\/h2>\n<\/p>\n<div class=\"custom-text \" readability=\"39\">\n<p>Tras la derrota en el amistoso, Kily Gonz\u00e1lez se refiri\u00f3 a la posible salida de Kevin Zen\u00f3n y remarc\u00f3 que el futbolista no la est\u00e1 pasando bien. <strong>\u00abEs complicado, especialmente para el chico. Al ser pretendido por un equipo como es Boca&#8230; a todo el mundo le gusta estar en estos clubes, pero uno trata de que se focalice en esto\u00bb<\/strong>, reconoci\u00f3 en di\u00e1logo con ESPN.<\/p>\n<\/div>\n<div class=\"custom-text \" readability=\"36\">\n<p>Siguiendo la misma l\u00ednea, cerr\u00f3: <strong>\u00abEl tiempo dir\u00e1 si se hace o no para el bien de \u00e9l, pero lo que est\u00e1 claro es que la est\u00e1 pasando complicada y no est\u00e1 bueno. Ojal\u00e1 le busquemos la vuelta para que se solucione y se quede o se vaya\u00bb.<\/strong><\/p>\n<\/div>\n<div type=\"embed\" class=\"sc-7ce6049-0 dwIKul\">\n<div class=\"sc-7ce6049-1 bdcBBS videoText\" id=\"contentTitleembedaLRmX47Z\" type=\"embed\"><svg fill=\"#ffffff\"><symbol id=\"play\" viewBox=\"0 0 512 512\"><path d=\"M512 256C512 397.4 397.4 512 256 512C114.6 512 0 397.4 0 256C0 114.6 114.6 0 256 0C397.4 0 512 114.6 512 256zM176 168V344C176 352.7 180.7 360.7 188.3 364.9C195.8 369.2 205.1 369 212.5 364.5L356.5 276.5C363.6 272.1 368 264.4 368 256C368 247.6 363.6 239.9 356.5 235.5L212.5 147.5C205.1 142.1 195.8 142.8 188.3 147.1C180.7 151.3 176 159.3 176 168V168z\" \/><\/symbol><use xlink:href=\"#play\" \/><\/svg><\/p>\n<div class=\"right\">\n<p>Kevin Zen\u00f3n<!-- --> &#8211;<!-- --> <span>14-1-2024<\/span><\/p>\n<h2 class=\"title-vid\">La palabra de Kily Gonz\u00e1lez sobre la posible salida de Kevin Zen\u00f3n<\/h2>\n<\/div>\n<\/div>\n<p><span class=\"back\" id=\"spanBackembedaLRmX47Z\"><\/span><\/div>\n<div class=\"sc-a7166897-0 exHLBh\" readability=\"6.5\">\n<section readability=\"3\"><picture><img alt=\"Figal, sobre la lesi\u00f3n de Rojo: &quot;Se va a recuperar porque es un animal&quot; \" src=\"http:\/\/hoycordobaweb.com\/wp-content\/uploads\/2024\/01\/que-dijo-zenon-de-su-llegada-a-boca-y-el-enojo-con-el-presidente-de-union-2.jpg\" width=\"290\" height=\"290\" decoding=\"async\" data-nimg=\"future\" loading=\"lazy\"><\/picture>\n<p><span>Mir\u00e1 tambi\u00e9n<\/span><\/p>\n<hr>\n<h3>Figal, sobre la lesi\u00f3n de Rojo: \u00abSe va a recuperar porque es un animal\u00bb <\/h3>\n<\/p>\n<\/section>\n<\/div>\n<div class=\"sc-a7166897-0 exHLBh\" readability=\"6\">\n<section readability=\"2\"><picture><img alt=\"Rojo se lesion\u00f3 antes del amistoso y dej\u00f3 el estadio en muletas\" src=\"http:\/\/hoycordobaweb.com\/wp-content\/uploads\/2024\/01\/que-dijo-zenon-de-su-llegada-a-boca-y-el-enojo-con-el-presidente-de-union-3.jpg\" width=\"290\" height=\"290\" decoding=\"async\" data-nimg=\"future\" loading=\"lazy\"><\/picture>\n<p><span>Mir\u00e1 tambi\u00e9n<\/span><\/p>\n<hr>\n<h3>Rojo se lesion\u00f3 antes del amistoso y dej\u00f3 el estadio en muletas<\/h3>\n<\/p>\n<\/section>\n<\/div>\n<div class=\"sc-a7166897-0 exHLBh\" readability=\"7\">\n<section readability=\"4\"><picture><img alt=\"La palabra de Diego Mart\u00ednez tras su debut en Boca: el juego, nivel de algunos jugadores y la lesi\u00f3n de Rojo\" src=\"http:\/\/hoycordobaweb.com\/wp-content\/uploads\/2024\/01\/que-dijo-zenon-de-su-llegada-a-boca-y-el-enojo-con-el-presidente-de-union-4.jpg\" width=\"290\" height=\"290\" decoding=\"async\" data-nimg=\"future\" loading=\"lazy\"><\/picture>\n<p><span>Mir\u00e1 tambi\u00e9n<\/span><\/p>\n<hr>\n<h3>La palabra de Diego Mart\u00ednez tras su debut en Boca: el juego, nivel de algunos jugadores y la lesi\u00f3n de Rojo<\/h3>\n<\/p>\n<\/section>\n<\/div>\n<div class=\"sc-a7166897-0 exHLBh\" readability=\"6.5\">\n<section readability=\"3\"><picture><img alt=\"Cristian Lema, luego de su debut en Boca: &quot;Estoy cumpliendo un sue\u00f1o&quot;\" src=\"http:\/\/hoycordobaweb.com\/wp-content\/uploads\/2024\/01\/que-dijo-zenon-de-su-llegada-a-boca-y-el-enojo-con-el-presidente-de-union-5.jpg\" width=\"290\" height=\"290\" decoding=\"async\" data-nimg=\"future\" loading=\"lazy\"><\/picture>\n<p><span>Mir\u00e1 tambi\u00e9n<\/span><\/p>\n<hr>\n<h3>Cristian Lema, luego de su debut en Boca: \u00abEstoy cumpliendo un sue\u00f1o\u00bb<\/h3>\n<\/p>\n<\/section>\n<\/div>\n<div class=\"sc-a7166897-0 exHLBh\" readability=\"6.5\">\n<section readability=\"3\"><picture><img alt=\"El uno por uno del debut de Boca y de Diego Mart\u00ednez con triunfo ante Gimnasia y Tiro\" src=\"http:\/\/hoycordobaweb.com\/wp-content\/uploads\/2024\/01\/que-dijo-zenon-de-su-llegada-a-boca-y-el-enojo-con-el-presidente-de-union-6.jpg\" width=\"290\" height=\"290\" decoding=\"async\" data-nimg=\"future\" loading=\"lazy\"><\/picture>\n<p><span>Mir\u00e1 tambi\u00e9n<\/span><\/p>\n<hr>\n<h3>El uno por uno del debut de Boca y de Diego Mart\u00ednez con triunfo ante Gimnasia y Tiro<\/h3>\n<\/p>\n<\/section>\n<\/div>\n<div class=\"sc-a7166897-0 exHLBh\" readability=\"7.5\">\n<section readability=\"5\"><picture><img alt=\"Kevin Zen\u00f3n, el nuevo refuerzo de Boca, habr\u00eda disputado su \u00faltimo partido con Uni\u00f3n\" src=\"http:\/\/hoycordobaweb.com\/wp-content\/uploads\/2024\/01\/que-dijo-zenon-de-su-llegada-a-boca-y-el-enojo-con-el-presidente-de-union-7.jpg\" width=\"290\" height=\"290\" decoding=\"async\" data-nimg=\"future\" loading=\"lazy\"><\/picture>\n<p><span>Mir\u00e1 tambi\u00e9n<\/span><\/p>\n<hr>\n<h3>Kevin Zen\u00f3n, el nuevo refuerzo de Boca, habr\u00eda disputado su \u00faltimo partido con Uni\u00f3n<\/h3>\n<\/p>\n<\/section>\n<\/div>\n<\/div>\n","protected":false},"excerpt":{"rendered":"<p>14\/01\/2024 10:09hs. El acuerdo econ\u00f3mico entre Boca y Uni\u00f3n est\u00e1 encaminado: 3.500.000 de d\u00f3lares por el 80 por ciento del pase. Sin embargo, resta definir qu\u00e9 jugadores o qu\u00e9 jugador pasar\u00e1 a pr\u00e9stamo a Santa Fe. Y esa es la traba que en las \u00faltimas horas gener\u00f3 muchas molestias en Kevin Zen\u00f3n y su entorno. [&hellip;]<\/p>\n","protected":false},"author":1,"featured_media":72777,"comment_status":"open","ping_status":"closed","sticky":false,"template":"","format":"standard","meta":[],"categories":[16],"tags":[],"_links":{"self":[{"href":"http:\/\/hoycordobaweb.com\/index.php\/wp-json\/wp\/v2\/posts\/72776"}],"collection":[{"href":"http:\/\/hoycordobaweb.com\/index.php\/wp-json\/wp\/v2\/posts"}],"about":[{"href":"http:\/\/hoycordobaweb.com\/index.php\/wp-json\/wp\/v2\/types\/post"}],"author":[{"embeddable":true,"href":"http:\/\/hoycordobaweb.com\/index.php\/wp-json\/wp\/v2\/users\/1"}],"replies":[{"embeddable":true,"href":"http:\/\/hoycordobaweb.com\/index.php\/wp-json\/wp\/v2\/comments?post=72776"}],"version-history":[{"count":0,"href":"http:\/\/hoycordobaweb.com\/index.php\/wp-json\/wp\/v2\/posts\/72776\/revisions"}],"wp:featuredmedia":[{"embeddable":true,"href":"http:\/\/hoycordobaweb.com\/index.php\/wp-json\/wp\/v2\/media\/72777"}],"wp:attachment":[{"href":"http:\/\/hoycordobaweb.com\/index.php\/wp-json\/wp\/v2\/media?parent=72776"}],"wp:term":[{"taxonomy":"category","embeddable":true,"href":"http:\/\/hoycordobaweb.com\/index.php\/wp-json\/wp\/v2\/categories?post=72776"},{"taxonomy":"post_tag","embeddable":true,"href":"http:\/\/hoycordobaweb.com\/index.php\/wp-json\/wp\/v2\/tags?post=72776"}],"curies":[{"name":"wp","href":"https:\/\/api.w.org\/{rel}","templated":true}]}}