{"id":72774,"date":"2024-01-14T13:22:57","date_gmt":"2024-01-14T13:22:57","guid":{"rendered":"https:\/\/www.ole.com.ar\/union\/zenon-kily-gonzalez-union-boca_0_RvyYopy8yS.html"},"modified":"2024-01-14T13:22:57","modified_gmt":"2024-01-14T13:22:57","slug":"kily-gonzalez-rompio-el-silencio-ante-la-posible-salida-de-kevin-zenon","status":"publish","type":"post","link":"http:\/\/hoycordobaweb.com\/index.php\/2024\/01\/14\/kily-gonzalez-rompio-el-silencio-ante-la-posible-salida-de-kevin-zenon\/","title":{"rendered":"Kily Gonz\u00e1lez rompi\u00f3 el silencio ante la posible salida de Kevin Zen\u00f3n"},"content":{"rendered":"<p><img src=\"http:\/\/hoycordobaweb.com\/wp-content\/uploads\/2024\/01\/kily-gonzalez-rompio-el-silencio-ante-la-posible-salida-de-kevin-zenon.jpg\"><\/p>\n<div><img src=\"http:\/\/hoycordobaweb.com\/wp-content\/uploads\/2024\/01\/kily-gonzalez-rompio-el-silencio-ante-la-posible-salida-de-kevin-zenon.jpg\" class=\"ff-og-image-inserted\"><\/div>\n<p><time class=\"createDate\" datetime=\"2024-01-14T10:22:57-03:00\">14\/01\/2024 10:22hs.<\/time><\/p>\n<div id=\"storyBody\">\n<div class=\"custom-text \" readability=\"36\">\n<p><strong>Uni\u00f3n <\/strong>perdi\u00f3 por penales ante <strong>Nacional <\/strong>en un amistoso de pretemporada. Luego de la derrota, <strong>Kily G\u00f3nzalez <\/strong>se refiri\u00f3 a la situaci\u00f3n de <strong>Kevin Zen\u00f3n<\/strong>, futbolista que estar\u00eda a un paso de convertirse en refuerzo de <strong>Boca<\/strong>.<\/p>\n<\/div>\n<div class=\"custom-text \" readability=\"37\">\n<p>\u00ab<strong>Es complicado, especialmente para el chico<\/strong>. Al ser pretendido por un equipo como es Boca&#8230; a todo el mundo le gusta estar en estos clubes, pero uno trata de que se focalice en esto\u00bb, reconoci\u00f3 el entrenador en di\u00e1logo con ESPN.<\/p>\n<\/div>\n<div class=\"custom-text \" readability=\"36\">\n<p>Siguiendo la misma l\u00ednea, remarc\u00f3: \u00abEl tiempo dir\u00e1 si se hace o no para el bien de \u00e9l, pero <strong>lo que est\u00e1 claro es que la est\u00e1 pasando complicada y no est\u00e1 bueno<\/strong>. Ojal\u00e1 le busquemos la vuelta para que se solucione y se quede o se vaya\u00bb.<\/p>\n<\/div>\n<div type=\"embed\" class=\"sc-7ce6049-0 dwIKul\">\n<div class=\"sc-7ce6049-1 bdcBBS videoText\" id=\"contentTitleembedaLRmX47Z\" type=\"embed\"><svg fill=\"#ffffff\"><symbol id=\"play\" viewBox=\"0 0 512 512\"><path d=\"M512 256C512 397.4 397.4 512 256 512C114.6 512 0 397.4 0 256C0 114.6 114.6 0 256 0C397.4 0 512 114.6 512 256zM176 168V344C176 352.7 180.7 360.7 188.3 364.9C195.8 369.2 205.1 369 212.5 364.5L356.5 276.5C363.6 272.1 368 264.4 368 256C368 247.6 363.6 239.9 356.5 235.5L212.5 147.5C205.1 142.1 195.8 142.8 188.3 147.1C180.7 151.3 176 159.3 176 168V168z\" \/><\/symbol><use xlink:href=\"#play\" \/><\/svg><\/p>\n<div class=\"right\">\n<p>Kevin Zen\u00f3n<!-- --> &#8211;<!-- --> <span>14-1-2024<\/span><\/p>\n<h2 class=\"title-vid\">La palabra de Kily Gonz\u00e1lez sobre la posible salida de Kevin Zen\u00f3n<\/h2>\n<\/div>\n<\/div>\n<p><span class=\"back\" id=\"spanBackembedaLRmX47Z\"><\/span><\/div>\n<p><h2>Los n\u00fameros de Kevin Zen\u00f3n<\/h2>\n<\/p>\n<div class=\"custom-text \" readability=\"38\">\n<p><strong>Kevin Zen\u00f3n<\/strong> hizo inferiores en <strong>Uni\u00f3n<\/strong>, club con el que debut\u00f3 en la Primera Divisi\u00f3n en 2020 de la mano de <strong>Leonardo Madel\u00f3n<\/strong>, entonces t\u00e9cnico del Tatengue. Desde entonces, el defensor disput\u00f3 114 partidos, convirti\u00f3 seis goles y reparti\u00f3 10 asistencias.<\/p>\n<\/div>\n<div class=\"custom-text \" readability=\"37\">\n<p>Transfermarkt, p\u00e1gina que hace seguimientos estad\u00edsticos, detalla que tuvo 36 partidos como extremo izquierdo, 15 de lateral, 14 de volante por izquierda y diez como extremo por derecha.<\/p>\n<\/div>\n<p><h2>La palabra de Kevin Zen\u00f3n cuando le preguntaron por Boca<\/h2>\n<\/p>\n<div class=\"custom-text \" readability=\"41\">\n<p>Luego del encuentro, <strong>Kevin Zen\u00f3n<\/strong> fue consultado por <strong>Boca<\/strong>. En este contexto, el futbolista explic\u00f3 c\u00f3mo hace para mantenerse enfocado en <strong>Uni\u00f3n <\/strong>sabiendo que hay un inter\u00e9s por parte del Xeneize. \u00ab<strong>Trato de estar focalizado, entrenarme siempre, ser profesional y ver qu\u00e9 pasa<\/strong>\u00ab, resalt\u00f3 en di\u00e1logo con ESPN. Y cerr\u00f3: \u00ab<strong>Yo no hablo de ese tema, se encarga mi representante<\/strong>\u00ab.<\/p>\n<\/div>\n<div type=\"embed\" class=\"sc-7ce6049-0 dwIKul\">\n<div class=\"sc-7ce6049-1 bdcBBS videoText\" id=\"contentTitleembeduH9S1bKO\" type=\"embed\"><svg fill=\"#ffffff\"><symbol id=\"play\" viewBox=\"0 0 512 512\"><path d=\"M512 256C512 397.4 397.4 512 256 512C114.6 512 0 397.4 0 256C0 114.6 114.6 0 256 0C397.4 0 512 114.6 512 256zM176 168V344C176 352.7 180.7 360.7 188.3 364.9C195.8 369.2 205.1 369 212.5 364.5L356.5 276.5C363.6 272.1 368 264.4 368 256C368 247.6 363.6 239.9 356.5 235.5L212.5 147.5C205.1 142.1 195.8 142.8 188.3 147.1C180.7 151.3 176 159.3 176 168V168z\" \/><\/symbol><use xlink:href=\"#play\" \/><\/svg><\/p>\n<div class=\"right\">\n<p>Kevin Zen\u00f3n<!-- --> &#8211;<!-- --> <span>14-1-2024<\/span><\/p>\n<h2 class=\"title-vid\">La palabra de Kevin Zen\u00f3n sobre Boca<\/h2>\n<\/div>\n<\/div>\n<p><span class=\"back\" id=\"spanBackembeduH9S1bKO\"><\/span><\/div>\n<\/div>\n","protected":false},"excerpt":{"rendered":"<p>14\/01\/2024 10:22hs. Uni\u00f3n perdi\u00f3 por penales ante Nacional en un amistoso de pretemporada. Luego de la derrota, Kily G\u00f3nzalez se refiri\u00f3 a la situaci\u00f3n de Kevin Zen\u00f3n, futbolista que estar\u00eda a un paso de convertirse en refuerzo de Boca. \u00abEs complicado, especialmente para el chico. Al ser pretendido por un equipo como es Boca&#8230; a [&hellip;]<\/p>\n","protected":false},"author":1,"featured_media":72775,"comment_status":"open","ping_status":"closed","sticky":false,"template":"","format":"standard","meta":[],"categories":[16],"tags":[],"_links":{"self":[{"href":"http:\/\/hoycordobaweb.com\/index.php\/wp-json\/wp\/v2\/posts\/72774"}],"collection":[{"href":"http:\/\/hoycordobaweb.com\/index.php\/wp-json\/wp\/v2\/posts"}],"about":[{"href":"http:\/\/hoycordobaweb.com\/index.php\/wp-json\/wp\/v2\/types\/post"}],"author":[{"embeddable":true,"href":"http:\/\/hoycordobaweb.com\/index.php\/wp-json\/wp\/v2\/users\/1"}],"replies":[{"embeddable":true,"href":"http:\/\/hoycordobaweb.com\/index.php\/wp-json\/wp\/v2\/comments?post=72774"}],"version-history":[{"count":0,"href":"http:\/\/hoycordobaweb.com\/index.php\/wp-json\/wp\/v2\/posts\/72774\/revisions"}],"wp:featuredmedia":[{"embeddable":true,"href":"http:\/\/hoycordobaweb.com\/index.php\/wp-json\/wp\/v2\/media\/72775"}],"wp:attachment":[{"href":"http:\/\/hoycordobaweb.com\/index.php\/wp-json\/wp\/v2\/media?parent=72774"}],"wp:term":[{"taxonomy":"category","embeddable":true,"href":"http:\/\/hoycordobaweb.com\/index.php\/wp-json\/wp\/v2\/categories?post=72774"},{"taxonomy":"post_tag","embeddable":true,"href":"http:\/\/hoycordobaweb.com\/index.php\/wp-json\/wp\/v2\/tags?post=72774"}],"curies":[{"name":"wp","href":"https:\/\/api.w.org\/{rel}","templated":true}]}}