{"id":72772,"date":"2024-01-13T16:14:19","date_gmt":"2024-01-13T16:14:19","guid":{"rendered":"https:\/\/ladecimaweb.com\/?p=24180"},"modified":"2024-01-13T16:14:19","modified_gmt":"2024-01-13T16:14:19","slug":"debieron-evacuar-una-residencia-para-ancianos","status":"publish","type":"post","link":"http:\/\/hoycordobaweb.com\/index.php\/2024\/01\/13\/debieron-evacuar-una-residencia-para-ancianos\/","title":{"rendered":"Debieron evacuar una residencia para ancianos"},"content":{"rendered":"<div class=\"boldgrid-section\">\n<div class=\"container\">\n<div class=\"row\">\n<div class=\"col-md-12 col-xs-12 col-sm-12\">\n<p class=\"\">En las \u00faltimas horas, personal de la Dir. Bomberos se constituy\u00f3 en calles General Bustos &amp; Lavalleja de B\u00b0 Cofico, donde por circunstancias que se tratan de establecer se habr\u00eda producido un incendio en una residencia para adultos mayores.<\/p>\n<p class=\"\">Inmediatamente, el personal actuante mediante las t\u00e9cnicas y elementos adecuados procedi\u00f3 a la extinci\u00f3n del foco \u00edgneo, previa extracci\u00f3n de los residentes.<\/p>\n<p class=\"\">Cabe mencionar que, el personal policial que se hizo presente en primera instancia rescat\u00f3 a algunos de los adultos mayores, continuando con la evacuaci\u00f3n al arribo de bomberos, siendo un total de siete.<\/p>\n<p class=\"\">Varios servicios de emergencias asistieron a los damnificados y a dos efectivos, diagnostic\u00e1ndoles intoxicaci\u00f3n por inhalaci\u00f3n de mon\u00f3xido de carbono.<\/p>\n<p class=\"\">Posteriormente fueron trasladados cuatro adultos mayores a distintos nosocomios y dos polic\u00edas al Policl\u00ednico Policial. Se constat\u00f3 da\u00f1os totales en una habitaci\u00f3n del lugar.<\/p>\n<p>&nbsp;<\/p>\n<div class=\"ubm_banner\"><a href=\"https:\/\/www.cordobaturismo.gov.ar\/\" target=\"_blank\" rel=\"dofollow noopener noreferrer\"><img src=\"http:\/\/hoycordobaweb.com\/wp-content\/uploads\/2024\/01\/debieron-evacuar-una-residencia-para-ancianos.gif\" alt=\"\"><\/a><\/div>\n<\/div>\n<\/div>\n<\/div>\n<\/div>\n<p>La entrada <a rel=\"nofollow\" href=\"https:\/\/ladecimaweb.com\/debieron-evacuar-una-residencia-para-ancianos\/\">Debieron evacuar una residencia para ancianos<\/a> se public\u00f3 primero en <a rel=\"nofollow\" href=\"https:\/\/ladecimaweb.com\">LaDecima<\/a>.<\/p>\n","protected":false},"excerpt":{"rendered":"<p>En las \u00faltimas horas, personal de la Dir. Bomberos se constituy\u00f3 en calles General Bustos &amp; Lavalleja de B\u00b0 Cofico, donde por circunstancias que se tratan de establecer se habr\u00eda producido un incendio en una residencia para adultos mayores. Inmediatamente, el personal actuante mediante las t\u00e9cnicas y elementos adecuados procedi\u00f3 a la extinci\u00f3n del foco [&hellip;]<\/p>\n","protected":false},"author":1,"featured_media":72773,"comment_status":"closed","ping_status":"closed","sticky":false,"template":"","format":"standard","meta":[],"categories":[19],"tags":[],"_links":{"self":[{"href":"http:\/\/hoycordobaweb.com\/index.php\/wp-json\/wp\/v2\/posts\/72772"}],"collection":[{"href":"http:\/\/hoycordobaweb.com\/index.php\/wp-json\/wp\/v2\/posts"}],"about":[{"href":"http:\/\/hoycordobaweb.com\/index.php\/wp-json\/wp\/v2\/types\/post"}],"author":[{"embeddable":true,"href":"http:\/\/hoycordobaweb.com\/index.php\/wp-json\/wp\/v2\/users\/1"}],"replies":[{"embeddable":true,"href":"http:\/\/hoycordobaweb.com\/index.php\/wp-json\/wp\/v2\/comments?post=72772"}],"version-history":[{"count":0,"href":"http:\/\/hoycordobaweb.com\/index.php\/wp-json\/wp\/v2\/posts\/72772\/revisions"}],"wp:featuredmedia":[{"embeddable":true,"href":"http:\/\/hoycordobaweb.com\/index.php\/wp-json\/wp\/v2\/media\/72773"}],"wp:attachment":[{"href":"http:\/\/hoycordobaweb.com\/index.php\/wp-json\/wp\/v2\/media?parent=72772"}],"wp:term":[{"taxonomy":"category","embeddable":true,"href":"http:\/\/hoycordobaweb.com\/index.php\/wp-json\/wp\/v2\/categories?post=72772"},{"taxonomy":"post_tag","embeddable":true,"href":"http:\/\/hoycordobaweb.com\/index.php\/wp-json\/wp\/v2\/tags?post=72772"}],"curies":[{"name":"wp","href":"https:\/\/api.w.org\/{rel}","templated":true}]}}