{"id":72768,"date":"2024-01-14T12:50:00","date_gmt":"2024-01-14T12:50:00","guid":{"rendered":"http:\/\/hoycordobaweb.com\/index.php\/2024\/01\/14\/liberaron-a-todos-los-guardiacarceles-secuestrados-por-bandas-criminales\/"},"modified":"2024-01-14T12:50:00","modified_gmt":"2024-01-14T12:50:00","slug":"liberaron-a-todos-los-guardiacarceles-secuestrados-por-bandas-criminales","status":"publish","type":"post","link":"http:\/\/hoycordobaweb.com\/index.php\/2024\/01\/14\/liberaron-a-todos-los-guardiacarceles-secuestrados-por-bandas-criminales\/","title":{"rendered":"Liberaron a todos los guardiac\u00e1rceles secuestrados por bandas criminales"},"content":{"rendered":"<p><img src=\"https:\/\/www.telam.com.ar\/advf\/imagenes\/2024\/01\/659db7a75f92f.01.2024 foto afp.jpg\"><\/p>\n<figure class=\"mb-3\"><img loading=\"lazy\" data-src=\"http:\/\/hoycordobaweb.com\/wp-content\/uploads\/2024\/01\/liberaron-a-todos-los-guardiacarceles-secuestrados-por-bandas-criminales.jpg\" src=\"https:\/\/www.telam.com.ar\/assets\/img\/not_image.png\" class=\" lazy \" width=\"100%\" height=\"100%\" alt=\"Foto AFP\"><figcaption> Foto: AFP <\/figcaption><\/figure>\n<p>Todos los rehenes que estaban retenidos en c\u00e1rceles de Ecuador fueron liberados en la noche del s\u00e1bado, confirmaron la autoridades penitenciarias y el presidente Daniel Noboa, quien dio la informaci\u00f3n en su cuenta de X.<\/p>\n<p>\u00abLos protocolos de seguridad y trabajo conjunto con Polic\u00eda Nacional y Fuerzas Armadas concluyeron exitosamente con la liberaci\u00f3n de todos (&#8230;) quienes estuvieron retenidos en los diferentes Centros de Privaci\u00f3n de Libertad (CPL) de pa\u00eds\u00bb, se\u00f1al\u00f3 el Servicio Nacional de Atenci\u00f3n Integral a Personas Adultas Privadas de la Libertad y a Adolescentes Infractores (SNAI).<\/p>\n<p>El presidente ecuatoriano, Daniel Noboa, quien en la \u00faltima semana enfrent\u00f3 una fuerte arremetida de bandas del narcotr\u00e1fico, <strong>confirm\u00f3 la liberaci\u00f3n del personal secuestrado en c\u00e1rceles de siete provincias del pa\u00eds<\/strong> que se extienden desde la frontera con Colombia (norte) hasta con la de Per\u00fa (sur).<\/p>\n<blockquote class=\"twitter-tweet\" readability=\"8.1377245508982\">\n<p lang=\"es\" dir=\"ltr\">Felicitaciones a la labor patri\u00f3tica, profesional y valiente de las Fuerzas Armadas, Polic\u00eda Nacional y el SNAI bajo el liderazgo de la ministra <a href=\"https:\/\/twitter.com\/Palencia3Monica?ref_src=twsrc%5Etfw\">@Palencia3Monica<\/a> y Gian Carlo Loffredo por lograr la liberaci\u00f3n del cuerpo de seguridad y vigilancia penitenciario y el personal\u2026<\/p>\n<p>\u2014 Daniel Noboa Azin (@DanielNoboaOk) <a href=\"https:\/\/twitter.com\/DanielNoboaOk\/status\/1746368719792525652?ref_src=twsrc%5Etfw\">January 14, 2024<\/a><\/p><\/blockquote>\n<p>\u00abSomos liberados. (&#8230;) Gracias a Dios que salimos todos con bien\u00bb, expres\u00f3 un empleado penitenciario mostrando una bandera de Ecuador y parado al frente de un grupo de custodios dejados en libertad en el reclusorio de la provincia andina de Cotopaxi (sur), de acuerdo con un video difundido por redes sociales.<\/p>\n<p>El mandatario felicit\u00f3 a la fuerza p\u00fablica y a sus ministros de Gobierno y de Defensa \u00abpor lograr la liberaci\u00f3n\u00bb del personal penitenciario, en la red X.<\/p>\n<p>En un balance previo, el SNAI hab\u00eda se\u00f1alado que permanec\u00edan retenidos 133 vigilantes y tres empleados administrativos despu\u00e9s de la liberaci\u00f3n ayer de 41 personas, tras gestiones en las que colabor\u00f3 la Iglesia Cat\u00f3lica, report\u00f3 la agencia de noticias AFP.<\/p>\n<p>Antes tambi\u00e9n se dieron otras liberaciones. <strong>El jueves la autoridad carcelaria hab\u00eda registrado 178 rehenes<\/strong>.<\/p>\n<h2 class>El terror desde las c\u00e1rceles<\/h2>\n<p>Una veintena de organizaciones criminales siembran terror y desde las c\u00e1rceles imponen su poder violento en Ecuador, en represalia por las pol\u00edticas de mano firme del gobierno de Noboa para enfrentarles, en un pa\u00eds que hasta hace pocos a\u00f1os era considerado tranquilo.<\/p>\n<p>La crisis empez\u00f3 el pasado domingo, cuando uno de los capos m\u00e1s temidos desapareci\u00f3 de su prisi\u00f3n en el puerto de Guayaquil (suroeste), cuyo sistema penitenciario es uno de los escenarios de cruentas matanzas entre presos que dejan m\u00e1s de 460 muertos desde 2021.<\/p>\n<p>A la fuga de Adolfo Mac\u00edas, alias \u00abFito\u00bb, jefe de la principal banda criminal del pa\u00eds conocida como \u00abLos Choneros\u00bb, le sigui\u00f3 una arremetida violenta: <strong>19 muertos, motines en las c\u00e1rceles, funcionarios de prisiones retenidos por presos, polic\u00edas secuestrados, varias decenas de reclusos fugados, ataques con explosivos y veh\u00edculos incendiados<\/strong>.<\/p>\n<p>El SNAI apunt\u00f3 que investigar\u00e1 las causas y a los responsables de los \u00abacontecimientos\u00bb en penitenciar\u00edas.<\/p>\n<p>\u00abFelicitaciones a la labor patri\u00f3tica, profesional y valiente de las Fuerzas Armadas, Polic\u00eda Nacional y el SNAI bajo el liderazgo de la ministra (del Interior) M\u00f3nica Palencia y (el ministro de Defensa) Gian Carlo Loffredo por lograr la liberaci\u00f3n del cuerpo de seguridad y vigilancia penitenciario y el personal administrativo retenido en los Centros de Privaci\u00f3n de Libertad de Azuay, Ca\u00f1ar, Esmeraldas, Cotopaxi, Tungurahua, El Oro y Loja. Estamos a la espera del informe detallado\u00bb, public\u00f3 el presidente Noboa en su cuenta de X.<\/p>\n<p>El SNAI agreg\u00f3 que los liberados ser\u00e1n sometidos a evaluaciones m\u00e9dicas y que se iniciar\u00e1n \u00ablas investigaciones pertinentes para determinar las causas y responsables de los \u00faltimos acontecimientos\u00bb registrados en centros penitenciarios. <\/p>\n","protected":false},"excerpt":{"rendered":"<p>Foto: AFP Todos los rehenes que estaban retenidos en c\u00e1rceles de Ecuador fueron liberados en la noche del s\u00e1bado, confirmaron la autoridades penitenciarias y el presidente Daniel Noboa, quien dio la informaci\u00f3n en su cuenta de X. \u00abLos protocolos de seguridad y trabajo conjunto con Polic\u00eda Nacional y Fuerzas Armadas concluyeron exitosamente con la liberaci\u00f3n [&hellip;]<\/p>\n","protected":false},"author":1,"featured_media":72769,"comment_status":"open","ping_status":"closed","sticky":false,"template":"","format":"standard","meta":[],"categories":[24],"tags":[],"_links":{"self":[{"href":"http:\/\/hoycordobaweb.com\/index.php\/wp-json\/wp\/v2\/posts\/72768"}],"collection":[{"href":"http:\/\/hoycordobaweb.com\/index.php\/wp-json\/wp\/v2\/posts"}],"about":[{"href":"http:\/\/hoycordobaweb.com\/index.php\/wp-json\/wp\/v2\/types\/post"}],"author":[{"embeddable":true,"href":"http:\/\/hoycordobaweb.com\/index.php\/wp-json\/wp\/v2\/users\/1"}],"replies":[{"embeddable":true,"href":"http:\/\/hoycordobaweb.com\/index.php\/wp-json\/wp\/v2\/comments?post=72768"}],"version-history":[{"count":0,"href":"http:\/\/hoycordobaweb.com\/index.php\/wp-json\/wp\/v2\/posts\/72768\/revisions"}],"wp:featuredmedia":[{"embeddable":true,"href":"http:\/\/hoycordobaweb.com\/index.php\/wp-json\/wp\/v2\/media\/72769"}],"wp:attachment":[{"href":"http:\/\/hoycordobaweb.com\/index.php\/wp-json\/wp\/v2\/media?parent=72768"}],"wp:term":[{"taxonomy":"category","embeddable":true,"href":"http:\/\/hoycordobaweb.com\/index.php\/wp-json\/wp\/v2\/categories?post=72768"},{"taxonomy":"post_tag","embeddable":true,"href":"http:\/\/hoycordobaweb.com\/index.php\/wp-json\/wp\/v2\/tags?post=72768"}],"curies":[{"name":"wp","href":"https:\/\/api.w.org\/{rel}","templated":true}]}}