{"id":72706,"date":"2024-01-12T14:01:29","date_gmt":"2024-01-12T14:01:29","guid":{"rendered":"https:\/\/www.espinof.com\/proyectos\/david-gordon-green-abandona-secuela-exorcista-creyente-universal-borra-su-calendario-estrenos"},"modified":"2024-01-12T14:01:29","modified_gmt":"2024-01-12T14:01:29","slug":"david-gordon-green-abandona-la-secuela-de-el-exorcista-creyente-y-universal-la-borra-de-su-calendario-de-estrenos","status":"publish","type":"post","link":"http:\/\/hoycordobaweb.com\/index.php\/2024\/01\/12\/david-gordon-green-abandona-la-secuela-de-el-exorcista-creyente-y-universal-la-borra-de-su-calendario-de-estrenos\/","title":{"rendered":"David Gordon Green abandona la secuela de &#8216;El Exorcista: Creyente&#8217; y Universal la borra de su calendario de estrenos"},"content":{"rendered":"<p><strong>El cineasta David Gordon Green ha abandonado &#8216;El exorcista: Deceiver&#8217;<\/strong>, la pr\u00f3xima secuela del fracaso de cr\u00edtica del a\u00f1o pasado &#8216;<a href=\"https:\/\/www.espinof.com\/estrenos\/error-calculo-historico-blumhouse-exorcista-creyente-razones-primer-gran-fracaso-modelo-negocio-infalible-para-terror\">El Exorcista: Creyente<\/a>&#8216; de Universal Pictures y Blumhouse, que transcurre &nbsp;50 a\u00f1os despu\u00e9s de los acontecimientos de la primera y sirve de secuela directa del cl\u00e1sico de William Friedkin. Ellen Burstyn volvi\u00f3 a su papel de Chris MacNeil, que ahora debe ayudar a dos j\u00f3venes pose\u00eddas por una fuerza demon\u00edaca.<\/p>\n<p><!-- BREAK 1 --> <\/p>\n<div class=\"article-asset-image article-asset-normal article-asset-center\">\n<div class=\"asset-content\"> <img class=\"centro_sinmarco\" height=\"1318\" width=\"1977\" loading=\"lazy\" decoding=\"async\" sizes=\"100vw\" fetchpriority=\"high\" srcset=\"http:\/\/hoycordobaweb.com\/wp-content\/uploads\/2024\/01\/david-gordon-green-abandona-la-secuela-de-el-exorcista-creyente-y-universal-la-borra-de-su-calendario-de-estrenos.jpg 450w, http:\/\/hoycordobaweb.com\/wp-content\/uploads\/2024\/01\/david-gordon-green-abandona-la-secuela-de-el-exorcista-creyente-y-universal-la-borra-de-su-calendario-de-estrenos-3.jpg 681w, http:\/\/hoycordobaweb.com\/wp-content\/uploads\/2024\/01\/david-gordon-green-abandona-la-secuela-de-el-exorcista-creyente-y-universal-la-borra-de-su-calendario-de-estrenos-4.jpg 1024w, http:\/\/hoycordobaweb.com\/wp-content\/uploads\/2024\/01\/david-gordon-green-abandona-la-secuela-de-el-exorcista-creyente-y-universal-la-borra-de-su-calendario-de-estrenos-5.jpg 1366w\" src=\"http:\/\/hoycordobaweb.com\/wp-content\/uploads\/2024\/01\/david-gordon-green-abandona-la-secuela-de-el-exorcista-creyente-y-universal-la-borra-de-su-calendario-de-estrenos.jpg\" alt=\"Believer Image\"> <noscript><img alt=\"Believer Image\" class=\"centro_sinmarco\" src=\"http:\/\/hoycordobaweb.com\/wp-content\/uploads\/2024\/01\/david-gordon-green-abandona-la-secuela-de-el-exorcista-creyente-y-universal-la-borra-de-su-calendario-de-estrenos.jpg\"><\/noscript> <\/div>\n<\/div>\n<h2>Lo que mal empieza&#8230;<\/h2>\n<p>Realizada con un presupuesto de 30 millones de d\u00f3lares, la pel\u00edcula recaud\u00f3 137 millones en la taquilla mundial a pesar de las cr\u00edticas mordaces. Dado que Universal adquiri\u00f3 los derechos de distribuci\u00f3n de la franquicia por 400 millones de d\u00f3lares en junio de 2021, la intenci\u00f3n es continuar con una nueva trilog\u00eda de pel\u00edculas de &#8216;El exorcista&#8217; pero ahora <strong>Green, sin embargo, se baja del proyecto despu\u00e9s de haber dirigido la primera.<\/strong><\/p>\n<p><!-- BREAK 2 --><\/p>\n<div class=\"article-asset article-asset-normal article-asset-center\">\n<div class=\"desvio-container\">\n<div class=\"desvio\">\n<div class=\"desvio-figure js-desvio-figure\"> <a href=\"https:\/\/www.espinof.com\/listas\/semana-santa-miedo-23-peliculas-imprescindibles-terror-religioso-para-ver-rosario-mano\"> <img alt=\"Semana Santa de miedo: 23 pel\u00edculas imprescindibles de terror religioso para ver con el rosario en la mano\" src=\"http:\/\/hoycordobaweb.com\/wp-content\/uploads\/2024\/01\/david-gordon-green-abandona-la-secuela-de-el-exorcista-creyente-y-universal-la-borra-de-su-calendario-de-estrenos-1.jpg\"> <\/a> <\/div><\/div><\/div>\n<\/div>\n<p>Al parecer, Universal y Blumhouse est\u00e1n buscando un nuevo director y probablemente como consecuencia del cambio, &#8216;<strong>Deceiver&#8217; ha sido retirada de su estreno previsto para el 18 de abril de 20<\/strong>25, y ahora, el biopic de Michael Jackson &#8216;Michael&#8217;, de Antoine Fuqua, ocupar\u00e1 su lugar en esa fecha. En la actualidad, Green est\u00e1 produciendo &#8216;Nutcracker&#8217; dirigida por Ben Stiller, y la cuarta temporada de \u00abThe Righteous Gemstones\u00bb, de HBO.<\/p>\n<p><!-- BREAK 3 --> <\/p>\n<p>En Espinof:<\/p>\n","protected":false},"excerpt":{"rendered":"<p>El cineasta David Gordon Green ha abandonado &#8216;El exorcista: Deceiver&#8217;, la pr\u00f3xima secuela del fracaso de cr\u00edtica del a\u00f1o pasado &#8216;El Exorcista: Creyente&#8216; de Universal Pictures y Blumhouse, que transcurre &nbsp;50 a\u00f1os despu\u00e9s de los acontecimientos de la primera y sirve de secuela directa del cl\u00e1sico de William Friedkin. Ellen Burstyn volvi\u00f3 a su papel [&hellip;]<\/p>\n","protected":false},"author":1,"featured_media":72707,"comment_status":"open","ping_status":"closed","sticky":false,"template":"","format":"standard","meta":[],"categories":[10],"tags":[],"_links":{"self":[{"href":"http:\/\/hoycordobaweb.com\/index.php\/wp-json\/wp\/v2\/posts\/72706"}],"collection":[{"href":"http:\/\/hoycordobaweb.com\/index.php\/wp-json\/wp\/v2\/posts"}],"about":[{"href":"http:\/\/hoycordobaweb.com\/index.php\/wp-json\/wp\/v2\/types\/post"}],"author":[{"embeddable":true,"href":"http:\/\/hoycordobaweb.com\/index.php\/wp-json\/wp\/v2\/users\/1"}],"replies":[{"embeddable":true,"href":"http:\/\/hoycordobaweb.com\/index.php\/wp-json\/wp\/v2\/comments?post=72706"}],"version-history":[{"count":0,"href":"http:\/\/hoycordobaweb.com\/index.php\/wp-json\/wp\/v2\/posts\/72706\/revisions"}],"wp:featuredmedia":[{"embeddable":true,"href":"http:\/\/hoycordobaweb.com\/index.php\/wp-json\/wp\/v2\/media\/72707"}],"wp:attachment":[{"href":"http:\/\/hoycordobaweb.com\/index.php\/wp-json\/wp\/v2\/media?parent=72706"}],"wp:term":[{"taxonomy":"category","embeddable":true,"href":"http:\/\/hoycordobaweb.com\/index.php\/wp-json\/wp\/v2\/categories?post=72706"},{"taxonomy":"post_tag","embeddable":true,"href":"http:\/\/hoycordobaweb.com\/index.php\/wp-json\/wp\/v2\/tags?post=72706"}],"curies":[{"name":"wp","href":"https:\/\/api.w.org\/{rel}","templated":true}]}}