{"id":72695,"date":"2024-01-12T13:27:00","date_gmt":"2024-01-12T13:27:00","guid":{"rendered":"http:\/\/hoycordobaweb.com\/index.php\/2024\/01\/12\/moyano-afirmo-que-la-cgt-es-el-unico-muro-de-contencion-de-los-trabajadores\/"},"modified":"2024-01-12T13:27:00","modified_gmt":"2024-01-12T13:27:00","slug":"moyano-afirmo-que-la-cgt-es-el-unico-muro-de-contencion-de-los-trabajadores","status":"publish","type":"post","link":"http:\/\/hoycordobaweb.com\/index.php\/2024\/01\/12\/moyano-afirmo-que-la-cgt-es-el-unico-muro-de-contencion-de-los-trabajadores\/","title":{"rendered":"Moyano afirm\u00f3 que \u00abla CGT es el \u00fanico muro de contenci\u00f3n de los trabajadores\u00bb"},"content":{"rendered":"<p><img src=\"http:\/\/hoycordobaweb.com\/wp-content\/uploads\/2024\/01\/moyano-afirmo-que-la-cgt-es-el-unico-muro-de-contencion-de-los-trabajadores.jpg\"><\/p>\n<figure class=\"mb-3\"><img loading=\"lazy\" data-src=\"http:\/\/hoycordobaweb.com\/wp-content\/uploads\/2024\/01\/moyano-afirmo-que-la-cgt-es-el-unico-muro-de-contencion-de-los-trabajadores-2.jpg\" src=\"https:\/\/www.telam.com.ar\/assets\/img\/not_image.png\" class=\" lazy \" width=\"100%\" height=\"100%\" alt=\"Foto Camila Godoy\"><figcaption> Foto: Camila Godoy <\/figcaption><\/figure>\n<p>&nbsp;<br \/>El <strong>dirigente de la CGT y secretario adjunto de la Federaci\u00f3n de Camioneros, Pablo Moyano<\/strong>, sostuvo este viernes que la central obrera es \u00abel \u00fanico muro de contenci\u00f3n de los trabajadores\u00bb ante las pol\u00edticas que pretende implementar el gobierno del presidente Javier Milei, e inst\u00f3 al peronismo a \u00abreorganizarse en el Congreso\u00bb para oponerse a la promulgaci\u00f3n del <strong>Decreto de Necesidad y Urgencia<\/strong> (DNU) 70\/2023 y a la aprobaci\u00f3n del proyecto de ley de Bases y Puntos de Partida para la Libertad de los Argentinos, enviada por el Ejecutivo al parlamento.<\/p>\n<p>\u00abHoy somos el \u00fanico muro de contenci\u00f3n contra el avasallamiento de los derechos de los trabajadores. Los dirigentes del PJ (Partido Justicialista) \u00abse tiene que reunir y reorganizarse, sobre todo en el Congreso. <strong>Les pedimos que est\u00e9n con nosotros en la calle resistiendo.<\/strong> Tenemos que estar todos juntos para frenar esta pol\u00edtica de hambre contra el pueblo argentino\u00bb, se\u00f1al\u00f3 Moyano en declaraciones a la radio AM750.<\/p>\n<p>El dirigente sindical calific\u00f3 adem\u00e1s como \u00abun show\u00bb las <a href=\"https:\/\/www.telam.com.ar\/notas\/202401\/652289-pablo-moyano-sindicatos-camioneros-cgt-gobierno-nacional-javier-milei.html\" target=\"_blank\" rel=\"noopener noreferrer\">demandas econ\u00f3micas a los sindicatos anunciadas la ministra de Seguridad, Patricia Bullrich<\/a>, con el prop\u00f3sito de exigirles a las organizaciones gremiales para que paguen los costos de los operativos policiales que ponen en marcha ante las protestas y movilizaciones.<\/p>\n<p>\u00abEs parte del show de la ministra Bullrich. En la \u00e9poca del gobierno de Mauricio Macri hab\u00eda multado a nuestra organizaci\u00f3n gremial (Camioneros) por casi 800 millones de pesos por hacer asambleas. Luego, la justicia desestim\u00f3 todo. Ella se pone al frente de las pantallas para demostrar fortaleza contra los trabajadores. Lo que hace es una pavada porque quiere imponer fuerza frente a todas las movilizaciones que se van a realizar por la p\u00e9rdida del poder adquisitivo que van a sufrir los trabajadores\u00bb, apunt\u00f3 Moyano.<\/p>\n<p>El titular de Camioneros <strong>reafirm\u00f3 su rol opositor al Gobierno nacional<\/strong>, al subrayar que se opondr\u00e1 a \u00abcualquier reforma laboral que vaya en contra de los derechos de los trabajadores\u00bb, al igual que \u00aba las privatizaciones de la empresas del Estado y a toda medida que afecte la soberan\u00eda nacional\u00bb.<\/p>\n<p>Moyano compar\u00f3 el rol actual que desempe\u00f1a como referente de movimiento obrero organizado, con el papel que cumpli\u00f3 su padre, Hugo, que desde la conducci\u00f3n del sindicato de Camioneros se opuso a las pol\u00edticas econ\u00f3micas del gobierno de Carlos Menem, en los a\u00f1os &#8217;90.<\/p>\n<p>\u00abAhora nos toca a nosotros con la CGT oponernos al DNU y a la ley \u00f3mnibus, de la misma forma en la que Hugo lo hizo durante el gobierno de Menem. <strong>En este contexto, parece que el PJ est\u00e1 ac\u00e9falo<\/strong>. No veo tampoco a ning\u00fan dirigente que se haya puesto al frente de frenar esta locura. Hasta ahora solo lo hace la CGT\u00bb, remarc\u00f3 Moyano.<\/p>\n<p>El dirigente camionero consider\u00f3 adem\u00e1s que el rechazo a las iniciativas que el gobierno pretende aprobar en el Congreso \u00abdebe ser general\u00bb y lament\u00f3 que muchos legisladores \u00abno sean claros\u00bb al respecto.<\/p>\n<p>\u00abNosotros creemos que son normas que deben rechazarse en general. Hoy est\u00e1 suspendida transitoriamente la reforma laboral por un amparo de la Justicia, pero es algo que tiene un car\u00e1cter provisorio. Por eso les pedimos a los legisladores que digan p\u00fablicamente que van a hacer. Que dejen en claro si est\u00e1n con los laburantes rechazando el DNU o con los empresarios que fueron los que hicieron esa norma\u00bb, enfatiz\u00f3. <\/p>\n","protected":false},"excerpt":{"rendered":"<p>Foto: Camila Godoy &nbsp;El dirigente de la CGT y secretario adjunto de la Federaci\u00f3n de Camioneros, Pablo Moyano, sostuvo este viernes que la central obrera es \u00abel \u00fanico muro de contenci\u00f3n de los trabajadores\u00bb ante las pol\u00edticas que pretende implementar el gobierno del presidente Javier Milei, e inst\u00f3 al peronismo a \u00abreorganizarse en el Congreso\u00bb [&hellip;]<\/p>\n","protected":false},"author":1,"featured_media":72696,"comment_status":"open","ping_status":"closed","sticky":false,"template":"","format":"standard","meta":[],"categories":[19],"tags":[],"_links":{"self":[{"href":"http:\/\/hoycordobaweb.com\/index.php\/wp-json\/wp\/v2\/posts\/72695"}],"collection":[{"href":"http:\/\/hoycordobaweb.com\/index.php\/wp-json\/wp\/v2\/posts"}],"about":[{"href":"http:\/\/hoycordobaweb.com\/index.php\/wp-json\/wp\/v2\/types\/post"}],"author":[{"embeddable":true,"href":"http:\/\/hoycordobaweb.com\/index.php\/wp-json\/wp\/v2\/users\/1"}],"replies":[{"embeddable":true,"href":"http:\/\/hoycordobaweb.com\/index.php\/wp-json\/wp\/v2\/comments?post=72695"}],"version-history":[{"count":0,"href":"http:\/\/hoycordobaweb.com\/index.php\/wp-json\/wp\/v2\/posts\/72695\/revisions"}],"wp:featuredmedia":[{"embeddable":true,"href":"http:\/\/hoycordobaweb.com\/index.php\/wp-json\/wp\/v2\/media\/72696"}],"wp:attachment":[{"href":"http:\/\/hoycordobaweb.com\/index.php\/wp-json\/wp\/v2\/media?parent=72695"}],"wp:term":[{"taxonomy":"category","embeddable":true,"href":"http:\/\/hoycordobaweb.com\/index.php\/wp-json\/wp\/v2\/categories?post=72695"},{"taxonomy":"post_tag","embeddable":true,"href":"http:\/\/hoycordobaweb.com\/index.php\/wp-json\/wp\/v2\/tags?post=72695"}],"curies":[{"name":"wp","href":"https:\/\/api.w.org\/{rel}","templated":true}]}}