{"id":72685,"date":"2024-01-12T12:45:41","date_gmt":"2024-01-12T12:45:41","guid":{"rendered":"https:\/\/www.mujerhoy.com\/moda\/no-te-pierdas\/pantis-termicos-usan-nordicas-perfectos-invierno-20240112134520-nt.html"},"modified":"2024-01-12T12:45:41","modified_gmt":"2024-01-12T12:45:41","slug":"estos-son-los-pantis-termicos-que-usan-las-nordicas-para-llevar-vestidos-durante-el-invierno-y-no-pasar-frio","status":"publish","type":"post","link":"http:\/\/hoycordobaweb.com\/index.php\/2024\/01\/12\/estos-son-los-pantis-termicos-que-usan-las-nordicas-para-llevar-vestidos-durante-el-invierno-y-no-pasar-frio\/","title":{"rendered":"Estos son los pantis t\u00e9rmicos que usan las n\u00f3rdicas para llevar vestidos durante el invierno y no pasar fr\u00edo"},"content":{"rendered":"<p><!-- AUTHOR --> <\/p>\n<div class=\"voc-author-timesocial \"> <!-- AUTHOR --> <\/p>\n<div class=\"voc-author-timesocial__signature\"> <!-- IMAGE AUTHOR --> <picture class=\"voc-image-signature\"> <img class=\"voc-image-signature__img\" src=\"http:\/\/hoycordobaweb.com\/wp-content\/uploads\/2024\/01\/estos-son-los-pantis-termicos-que-usan-las-nordicas-para-llevar-vestidos-durante-el-invierno-y-no-pasar-frio.jpg\" alt=\"Carla Dom\u00ednguez\"> <\/picture> <!-- INFO AUTHOR --> <\/div><\/div>\n<p> <!-- COMPONENTS --> <\/p>\n<p class=\"voc-paragraph\">Ha llegado el mes de enero y eso solo significa una cosa: los term\u00f3metros bajan. Las temperaturas descienden notablemente en muchos lugares del mundo como en los pa\u00edses n\u00f3rdicos. Es una de las \u00e9pocas del a\u00f1o m\u00e1s duras donde se llegan a registrar hasta -11 grados bajo cero.\n<\/p>\n<p class=\"voc-paragraph\">Por eso, si eres friolera, pero vives en Madrid quiz\u00e1s te interese ver algunos de <a data-voc-vtm-id=\"in-text-traffic\" href=\"https:\/\/www.mujerhoy.com\/belleza\/tratamientos\/cremas-dia-hidratantes-favoritas-nordicas-rostro-efecto-tensor-rejuvenecedor-20220821150013-ga.html\">los trucos de las n\u00f3rdicas<\/a> para vestir bien e ir calentita durante toda esta \u00e9poca del a\u00f1o. \u00bfLo mejor? Sabemos d\u00f3nde puedes encontrar una de sus prendas favoritas a buen precio.\n<\/p>\n<p class=\"voc-paragraph\">Hablamos de <a data-voc-vtm-id=\"in-text-traffic\" href=\"https:\/\/www.mujerhoy.com\/moda\/no-te-pierdas\/camiseta-termica-manga-larga-uniqlo-invierno-20230101125339-nt.html\">las prendas t\u00e9rmicas<\/a> que se han convertido en el mejor aliado para sobrevivir a las bajas temperaturas durante el mes de enero. Es un comod\u00edn perfecto para ir abrigado, por capas y poder lucir otras prendas algo m\u00e1s estilosas sin pasar nada de fr\u00edo.\n<\/p>\n<p class=\"voc-paragraph\">Hay dise\u00f1os t\u00e9rmicos de todo tipo: <strong>desde calcetines, camisetas, hasta incluso abrigos.<\/strong> Pero hay una prenda que adorna llevar por debajo incluso de vaqueros las n\u00f3rdicas, las medias t\u00e9rmicas. Lo hemos visto en Tiktok a multitud de influencers escandinavas.\n<\/p>\n<p class=\"voc-paragraph\">Ahora que el term\u00f3metro ha descendido notablemente en <strong>Suecia, Dinamarca y otras zonas<\/strong>, estas influencers no quieren prescindir de lucir sus mejores looks. Para ello, recurren a m\u00e9todos como las medias o pantis t\u00e9rmicos que cuentan con un interior de pelo para ir m\u00e1s calentita a todas partes.\n<\/p>\n<p class=\"voc-paragraph\">Es un recuerso al que ya acuden cada vez m\u00e1s madrile\u00f1as para poder llevar vestidos o faldas sin pasar fr\u00edo. Al final, es un panti que cuenta con una apariencia de media por fuera por lo que nadie notar\u00e1 que lo est\u00e1s llevando. \u00bfD\u00f3nde encontrarlo?\n<\/p>\n<p class=\"voc-paragraph\">Pues muy f\u00e1cil. En algunas tiendas de medias como <strong>la firma Calzedonia<\/strong>. All\u00ed encontrar\u00e1s unos pantis t\u00e9rmicos ideales y confortables para lucir tus mejores looks sin pasar fr\u00edo. Se trata de unos pantis t\u00e9rmicos en color nude sobre los que se encuentran unas medias en color negro.\n<\/p>\n<div class=\"voc-detail__cmp\" readability=\"6.5\">\n<div class=\"voc-photo-combo-three fw-xs\" readability=\"8\">\n<p class=\"figure-caption\"> <span class=\"voc-photo-caption\">Pantis t\u00e9rmicos de Calzedonia (15,95 euros). \/ <\/span> <span class=\"voc-photo-author\">Calzedonia<\/span> <\/p>\n<\/p><\/div><\/div>\n<p class=\"voc-paragraph\">El efecto que dan es el de unas medias normales, pero m\u00e1s calentitas y aptas para las bajas temperaturas. Son una opci\u00f3n muy recurrida y perfecta para mantener la temperatura corporal durante el invierno. Se encuentran por <strong>15,95 euros<\/strong> y est\u00e1 disponibles en numerosas tallas.\n<\/p>\n<p class=\"voc-paragraph\">El \u00fanico inconveniente es que debes tener cuidado a la hora de pon\u00e9rtelas. <strong>La parte del panti es muy el\u00e1stica<\/strong> y se adapta bien al cuerpo, pero las medias negras son muy finitas y pueden romper con alfo m\u00e1s de facilidad. Para lavarlas, puedes usar la lavadora pero en un ciclo para prendas delicadas y a temperatura maxima de 30\u00baC.\n<\/p>\n<p> <!-- TOPICS --> <\/p>\n","protected":false},"excerpt":{"rendered":"<p>Ha llegado el mes de enero y eso solo significa una cosa: los term\u00f3metros bajan. Las temperaturas descienden notablemente en muchos lugares del mundo como en los pa\u00edses n\u00f3rdicos. Es una de las \u00e9pocas del a\u00f1o m\u00e1s duras donde se llegan a registrar hasta -11 grados bajo cero. Por eso, si eres friolera, pero vives [&hellip;]<\/p>\n","protected":false},"author":1,"featured_media":72686,"comment_status":"closed","ping_status":"closed","sticky":false,"template":"","format":"standard","meta":[],"categories":[1],"tags":[],"_links":{"self":[{"href":"http:\/\/hoycordobaweb.com\/index.php\/wp-json\/wp\/v2\/posts\/72685"}],"collection":[{"href":"http:\/\/hoycordobaweb.com\/index.php\/wp-json\/wp\/v2\/posts"}],"about":[{"href":"http:\/\/hoycordobaweb.com\/index.php\/wp-json\/wp\/v2\/types\/post"}],"author":[{"embeddable":true,"href":"http:\/\/hoycordobaweb.com\/index.php\/wp-json\/wp\/v2\/users\/1"}],"replies":[{"embeddable":true,"href":"http:\/\/hoycordobaweb.com\/index.php\/wp-json\/wp\/v2\/comments?post=72685"}],"version-history":[{"count":0,"href":"http:\/\/hoycordobaweb.com\/index.php\/wp-json\/wp\/v2\/posts\/72685\/revisions"}],"wp:featuredmedia":[{"embeddable":true,"href":"http:\/\/hoycordobaweb.com\/index.php\/wp-json\/wp\/v2\/media\/72686"}],"wp:attachment":[{"href":"http:\/\/hoycordobaweb.com\/index.php\/wp-json\/wp\/v2\/media?parent=72685"}],"wp:term":[{"taxonomy":"category","embeddable":true,"href":"http:\/\/hoycordobaweb.com\/index.php\/wp-json\/wp\/v2\/categories?post=72685"},{"taxonomy":"post_tag","embeddable":true,"href":"http:\/\/hoycordobaweb.com\/index.php\/wp-json\/wp\/v2\/tags?post=72685"}],"curies":[{"name":"wp","href":"https:\/\/api.w.org\/{rel}","templated":true}]}}