{"id":72673,"date":"2024-01-12T10:55:46","date_gmt":"2024-01-12T10:55:46","guid":{"rendered":"https:\/\/www.ole.com.ar\/estudiantes\/enzo-perez-estudiantes-river-hijo-santiago-mensaje_0_MjicvOHaL5.html"},"modified":"2024-01-12T10:55:46","modified_gmt":"2024-01-12T10:55:46","slug":"el-sentido-mensaje-del-hijo-de-enzo-perez-por-la-vuelta-de-su-papa-a-estudiantes","status":"publish","type":"post","link":"http:\/\/hoycordobaweb.com\/index.php\/2024\/01\/12\/el-sentido-mensaje-del-hijo-de-enzo-perez-por-la-vuelta-de-su-papa-a-estudiantes\/","title":{"rendered":"El sentido mensaje del hijo de Enzo P\u00e9rez por la vuelta de su pap\u00e1 a Estudiantes"},"content":{"rendered":"<p><img src=\"http:\/\/hoycordobaweb.com\/wp-content\/uploads\/2024\/01\/el-sentido-mensaje-del-hijo-de-enzo-perez-por-la-vuelta-de-su-papa-a-estudiantes.jpg\"><\/p>\n<p><time class=\"createDate\" datetime=\"2024-01-12T07:55:46-03:00\">12\/01\/2024 07:55hs.<\/time><\/p>\n<div id=\"storyBody\">\n<div class=\"custom-text \" readability=\"36\">\n<p><strong>Enzo P\u00e9rez<\/strong> volvi\u00f3 a <strong>Estudiantes<\/strong>, club en el que gan\u00f3 la <strong>Copa Libertadores 2009 <\/strong>de la mano de <strong>Alejandro Sabella<\/strong>. En este contexto, su hijo (de nombre hom\u00f3nimo) le dedic\u00f3 unas sentidas palabras para felicitarlo por el regreso.<\/p>\n<\/div>\n<div class=\"custom-text \" readability=\"41\">\n<p>\u00ab<strong>Siempre es lindo volver a un lugar en donde siempre te quisieron<\/strong>\u00ab, reconoci\u00f3 <strong>Enzo Santiago<\/strong> a trav\u00e9s de sus redes sociales. Siguiendo la misma l\u00ednea, confes\u00f3: \u00ab<strong>Ojal\u00e1 que tengas muchos \u00e9xitos y ganes muchos t\u00edtulos. Te quiero mucho, pa<\/strong>\u00ab. Acto seguido, el adolescente comparti\u00f3 una foto donde se lo puede ver reci\u00e9n nacido, en brazos del volante, mientras celebran juntos la obtenci\u00f3n del t\u00edtulo.<\/p>\n<\/div>\n<div class=\"custom-text \" readability=\"35\">\n<p>Tras recibir esta muestra de afecto, el volante del Pincha -que tambi\u00e9n supo jugar el Mundial de Clubes tras ser campe\u00f3n de la Copa- respondi\u00f3: \u00ab<strong>Te amo, hijo<\/strong>\u00ab.<\/p>\n<\/div>\n<div class=\"sc-e7b891c4-0 jPbnQF\"><img alt=\"El mensaje del hijo de Enzo P\u00e9rez para su pap\u00e1. (Instagram)\" src=\"http:\/\/hoycordobaweb.com\/wp-content\/uploads\/2024\/01\/el-sentido-mensaje-del-hijo-de-enzo-perez-por-la-vuelta-de-su-papa-a-estudiantes-2.jpg\" width=\"720\" height=\"100\" decoding=\"async\" data-nimg=\"future\" loading=\"lazy\"><span class=\"epigraphe\">El mensaje del hijo de Enzo P\u00e9rez para su pap\u00e1. (Instagram)<\/span><\/div>\n<p><h2>La llegada de Enzo P\u00e9rez a Estudiantes<\/h2>\n<\/p>\n<div class=\"custom-text \" readability=\"38\">\n<p>Adem\u00e1s de la foto con la firma del contrato, el club comparti\u00f3 un video con el ingreso de Enzo al club en esta vuelta. All\u00ed, se lo vio al volante de 37 a\u00f1os caminar por las instalaciones, detenerse a observar dos camisetas y tambi\u00e9n una plaqueta que llevaba los nombres de todos los jugadores que formaron parte del plantel campe\u00f3n de la Copa Libertadores del 2009.<\/p>\n<\/div>\n<div class=\"custom-text \" readability=\"36\">\n<p>Por \u00faltimo, Enzo despidi\u00f3 el video dentro del vestuario, con las insignias de campe\u00f3n de Libertadores 2009, Apertura 2010 y Copa Argentina 2023 (\u00faltimos tres t\u00edtulos del club) por encima suyo.<\/p>\n<\/div>\n<div type=\"embed\" class=\"sc-7ce6049-0 dwIKul\">\n<div class=\"sc-7ce6049-1 bdcBBS videoText\" id=\"contentTitleembedyKmq2FSr\" type=\"embed\"><svg fill=\"#ffffff\"><symbol id=\"play\" viewBox=\"0 0 512 512\"><path d=\"M512 256C512 397.4 397.4 512 256 512C114.6 512 0 397.4 0 256C0 114.6 114.6 0 256 0C397.4 0 512 114.6 512 256zM176 168V344C176 352.7 180.7 360.7 188.3 364.9C195.8 369.2 205.1 369 212.5 364.5L356.5 276.5C363.6 272.1 368 264.4 368 256C368 247.6 363.6 239.9 356.5 235.5L212.5 147.5C205.1 142.1 195.8 142.8 188.3 147.1C180.7 151.3 176 159.3 176 168V168z\" \/><\/symbol><use xlink:href=\"#play\" \/><\/svg><\/p>\n<div class=\"right\">\n<p>Enzo Perez<!-- --> &#8211;<!-- --> <span>12-1-2024<\/span><\/p>\n<h2 class=\"title-vid\">Enzo P\u00e9rez fue presentado en Estudiantes <\/h2>\n<\/div>\n<\/div>\n<p><span class=\"back\" id=\"spanBackembedyKmq2FSr\"><\/span><\/div>\n<div type=\"embed\" class=\"sc-7ce6049-0 dwIKul\">\n<div class=\"sc-7ce6049-1 bdcBBS videoText\" id=\"contentTitleembedww0bS77m\" type=\"embed\"><svg fill=\"#ffffff\"><symbol id=\"play\" viewBox=\"0 0 512 512\"><path d=\"M512 256C512 397.4 397.4 512 256 512C114.6 512 0 397.4 0 256C0 114.6 114.6 0 256 0C397.4 0 512 114.6 512 256zM176 168V344C176 352.7 180.7 360.7 188.3 364.9C195.8 369.2 205.1 369 212.5 364.5L356.5 276.5C363.6 272.1 368 264.4 368 256C368 247.6 363.6 239.9 356.5 235.5L212.5 147.5C205.1 142.1 195.8 142.8 188.3 147.1C180.7 151.3 176 159.3 176 168V168z\" \/><\/symbol><use xlink:href=\"#play\" \/><\/svg><\/p>\n<div class=\"right\">\n<p>Enzo Perez<!-- --> &#8211;<!-- --> <span>12-1-2024<\/span><\/p>\n<h2 class=\"title-vid\">El abrazo de Enzo P\u00e9rez y Ver\u00f3n en City Bell<\/h2>\n<\/div>\n<\/div>\n<p><span class=\"back\" id=\"spanBackembedww0bS77m\"><\/span><\/div>\n<p><h2>Los pr\u00f3ximos compromisos de Estudiantes<\/h2>\n<\/p>\n<div class=\"custom-text \" readability=\"50\">\n<p><strong>Estudiantes <\/strong>har\u00e1 su debut oficial el pr\u00f3ximo 28 de enero en la <strong>Copa de la Liga<\/strong>, donde enfrentar\u00e1 a <strong>Belgrano <\/strong>en la primera fecha. Luego, enfrentar\u00e1 a <strong>Uni\u00f3n<\/strong>, <strong>Racing<\/strong>, <strong>Tigre<\/strong>, <strong>San Lorenzo<\/strong>, <strong>Newell&#8217;s<\/strong>, <strong>Gimnasia<\/strong>, <strong>Godoy Cruz<\/strong>, <strong>Platense<\/strong>, <strong>Sarmiento<\/strong>, <strong>Boca<\/strong>, <strong>Defensa y Justicia<\/strong>,<strong> Central C\u00f3rdoba<\/strong> y <strong>Lan\u00fas<\/strong>. A su vez, tendr\u00e1 su estreno en <strong>Copa Argentina<\/strong> el 1 de febrero, momento en el que se medir\u00e1 ante <strong>Argentino de Monte Ma\u00edz<\/strong>.<\/p>\n<\/div>\n<\/div>\n","protected":false},"excerpt":{"rendered":"<p>12\/01\/2024 07:55hs. Enzo P\u00e9rez volvi\u00f3 a Estudiantes, club en el que gan\u00f3 la Copa Libertadores 2009 de la mano de Alejandro Sabella. En este contexto, su hijo (de nombre hom\u00f3nimo) le dedic\u00f3 unas sentidas palabras para felicitarlo por el regreso. \u00abSiempre es lindo volver a un lugar en donde siempre te quisieron\u00ab, reconoci\u00f3 Enzo Santiago [&hellip;]<\/p>\n","protected":false},"author":1,"featured_media":72674,"comment_status":"open","ping_status":"closed","sticky":false,"template":"","format":"standard","meta":[],"categories":[16],"tags":[],"_links":{"self":[{"href":"http:\/\/hoycordobaweb.com\/index.php\/wp-json\/wp\/v2\/posts\/72673"}],"collection":[{"href":"http:\/\/hoycordobaweb.com\/index.php\/wp-json\/wp\/v2\/posts"}],"about":[{"href":"http:\/\/hoycordobaweb.com\/index.php\/wp-json\/wp\/v2\/types\/post"}],"author":[{"embeddable":true,"href":"http:\/\/hoycordobaweb.com\/index.php\/wp-json\/wp\/v2\/users\/1"}],"replies":[{"embeddable":true,"href":"http:\/\/hoycordobaweb.com\/index.php\/wp-json\/wp\/v2\/comments?post=72673"}],"version-history":[{"count":0,"href":"http:\/\/hoycordobaweb.com\/index.php\/wp-json\/wp\/v2\/posts\/72673\/revisions"}],"wp:featuredmedia":[{"embeddable":true,"href":"http:\/\/hoycordobaweb.com\/index.php\/wp-json\/wp\/v2\/media\/72674"}],"wp:attachment":[{"href":"http:\/\/hoycordobaweb.com\/index.php\/wp-json\/wp\/v2\/media?parent=72673"}],"wp:term":[{"taxonomy":"category","embeddable":true,"href":"http:\/\/hoycordobaweb.com\/index.php\/wp-json\/wp\/v2\/categories?post=72673"},{"taxonomy":"post_tag","embeddable":true,"href":"http:\/\/hoycordobaweb.com\/index.php\/wp-json\/wp\/v2\/tags?post=72673"}],"curies":[{"name":"wp","href":"https:\/\/api.w.org\/{rel}","templated":true}]}}