{"id":72665,"date":"2024-01-12T13:16:47","date_gmt":"2024-01-12T13:16:47","guid":{"rendered":"https:\/\/ladecimaweb.com\/?p=24154"},"modified":"2024-01-12T13:16:47","modified_gmt":"2024-01-12T13:16:47","slug":"el-papa-francisco-invito-a-javier-milei-a-roma","status":"publish","type":"post","link":"http:\/\/hoycordobaweb.com\/index.php\/2024\/01\/12\/el-papa-francisco-invito-a-javier-milei-a-roma\/","title":{"rendered":"El papa Francisco invit\u00f3 a Javier Milei a Roma"},"content":{"rendered":"<div class=\"boldgrid-section\">\n<div class=\"container\">\n<div class=\"row\">\n<div class=\"col-md-12 col-xs-12 col-sm-12\">\n<p>(NA) El<span>&nbsp;<\/span><a href=\"https:\/\/noticiasargentinas.com\/papa-francisco_t65552a3ae38b1d41233b1c71\">Papa Francisco<\/a><span>&nbsp;<\/span>recibir\u00eda en febrero pr\u00f3ximo al presidente<span>&nbsp;<\/span><a href=\"https:\/\/noticiasargentinas.com\/javier-milei_t65552d79207c69788b5733a8\">Javier Milei<\/a>, quien buscar\u00e1 limar asperezas y tratar de convencerlo de que concrete su primer viaje papal a la Argentina.<\/p>\n<p>El encuentro tendr\u00eda lugar el 12 de febrero en el marco de la ceremonia de canonizaci\u00f3n de \u201cMam\u00e1 Antula\u201d.<\/p>\n<p>Se espera que el vocero Manuel Adorni ofrezca m\u00e1s detalles al respecto en su conferencia de prensa diaria.<\/p>\n<p>El dato surgi\u00f3 luego de que el propio jefe de Estado le enviara una carta al Sumo Pont\u00edfice para invitarlo oficialmente a visitar la Argentina: en la misiva consider\u00f3 que &#8220;su viaje traer\u00e1 frutos&nbsp;<br \/>\nde pacificaci\u00f3n y de hermanamiento de todos los argentinos, ansiosos de superar divisiones y enfrentamientos&#8221;.<\/p>\n<p>En las redes sociales del Gobierno se difundi\u00f3 la carta junto a una foto del mandatario firmando la misiva, acompa\u00f1ado por su hermana y secretaria general de la Presidencia, Karina Milei.<\/p>\n<p>&#8220;Usted bien sabe que no necesita invitaci\u00f3n para venir a su querida Argentina. A riesgo de decir lo innecesario, le invito a visitar nuestra amada Patria, conforme a las fechas y los lugares&nbsp;<br \/>\nque nos sean indicados&#8221;, sostuvo Milei en el texto dirigido al Santo Padre.<\/p>\n<p>&#8220;Teniendo presente su consejo de tener la sabidur\u00eda y el coraje necesarios, en mis primeras semanas de gobierno he procedido a proponer una serie de medidas de gobierno destinadas a transformar la situaci\u00f3n que la Rep\u00fablica Argentina padece hace d\u00e9cadas&#8221;, coment\u00f3 el Presidente en otro p\u00e1rrafo.<\/p>\n<p class=\"\">E hizo \u00e9nfasis en la fragilidad econ\u00f3mica y social que atraviesa la Argentina: &#8220;Somos conscientes que estas decisiones pueden profundizar inequidades, por lo que nuestra prioridad m\u00e1xima es proteger a nuestros compatriotas m\u00e1s vulnerables, agradeciendo la colaboraci\u00f3n de la Iglesia Cat\u00f3lica, cuya acci\u00f3n en el campo social es invalorable&#8221;.<\/p>\n<p class=\"\">&#8220;Como Presidente de la Naci\u00f3n Argentina, considero que su viaje traer\u00e1 frutos de pacificaci\u00f3n y de hermanamiento de todos los argentinos, ansiosos de superar nuestras divisiones y&nbsp;<br \/>\nenfrentamientos. Su presencia y su mensaje contribuir\u00e1n a la tan deseada unidad de todos nuestros compatriotas y nos brindar\u00e1 la fuerza colectiva necesaria para preservar nuestra paz y trabajar por la prosperidad y el engrandecimiento de nuestra querida Rep\u00fablica Argentina&#8221;, enfatiz\u00f3.<\/p>\n<p class=\"\">&nbsp;<\/p>\n<div class=\"ubm_banner\"><a href=\"https:\/\/www.cordobaturismo.gov.ar\/\" target=\"_blank\" rel=\"dofollow noopener noreferrer\"><img src=\"http:\/\/hoycordobaweb.com\/wp-content\/uploads\/2024\/01\/el-papa-francisco-invito-a-javier-milei-a-roma.gif\" alt=\"\"><\/a><\/div>\n<\/div>\n<\/div>\n<\/div>\n<\/div>\n<p>La entrada <a rel=\"nofollow\" href=\"https:\/\/ladecimaweb.com\/el-papa-francisco-invito-a-javier-milei-a-roma\/\">El papa Francisco invit\u00f3 a Javier Milei a Roma<\/a> se public\u00f3 primero en <a rel=\"nofollow\" href=\"https:\/\/ladecimaweb.com\">LaDecima<\/a>.<\/p>\n","protected":false},"excerpt":{"rendered":"<p>(NA) El&nbsp;Papa Francisco&nbsp;recibir\u00eda en febrero pr\u00f3ximo al presidente&nbsp;Javier Milei, quien buscar\u00e1 limar asperezas y tratar de convencerlo de que concrete su primer viaje papal a la Argentina. El encuentro tendr\u00eda lugar el 12 de febrero en el marco de la ceremonia de canonizaci\u00f3n de \u201cMam\u00e1 Antula\u201d. Se espera que el vocero Manuel Adorni ofrezca m\u00e1s [&hellip;]<\/p>\n","protected":false},"author":1,"featured_media":72666,"comment_status":"closed","ping_status":"closed","sticky":false,"template":"","format":"standard","meta":[],"categories":[19],"tags":[],"_links":{"self":[{"href":"http:\/\/hoycordobaweb.com\/index.php\/wp-json\/wp\/v2\/posts\/72665"}],"collection":[{"href":"http:\/\/hoycordobaweb.com\/index.php\/wp-json\/wp\/v2\/posts"}],"about":[{"href":"http:\/\/hoycordobaweb.com\/index.php\/wp-json\/wp\/v2\/types\/post"}],"author":[{"embeddable":true,"href":"http:\/\/hoycordobaweb.com\/index.php\/wp-json\/wp\/v2\/users\/1"}],"replies":[{"embeddable":true,"href":"http:\/\/hoycordobaweb.com\/index.php\/wp-json\/wp\/v2\/comments?post=72665"}],"version-history":[{"count":0,"href":"http:\/\/hoycordobaweb.com\/index.php\/wp-json\/wp\/v2\/posts\/72665\/revisions"}],"wp:featuredmedia":[{"embeddable":true,"href":"http:\/\/hoycordobaweb.com\/index.php\/wp-json\/wp\/v2\/media\/72666"}],"wp:attachment":[{"href":"http:\/\/hoycordobaweb.com\/index.php\/wp-json\/wp\/v2\/media?parent=72665"}],"wp:term":[{"taxonomy":"category","embeddable":true,"href":"http:\/\/hoycordobaweb.com\/index.php\/wp-json\/wp\/v2\/categories?post=72665"},{"taxonomy":"post_tag","embeddable":true,"href":"http:\/\/hoycordobaweb.com\/index.php\/wp-json\/wp\/v2\/tags?post=72665"}],"curies":[{"name":"wp","href":"https:\/\/api.w.org\/{rel}","templated":true}]}}