{"id":72583,"date":"2024-01-10T12:46:34","date_gmt":"2024-01-10T12:46:34","guid":{"rendered":"https:\/\/www.mujerhoy.com\/autor\/raquel-rodriguez-2893.html?data=eyJpZCI6Mjg5Mywibm9tYnJlIjoiUmFxdWVsIiwiYXBlbGxpZG9zIjoiUm9kclx1MDBlZGd1ZXoiLCJ0ZWxlZm9ubyI6bnVsbCwiY2FsbGUiOm51bGwsInBvYmxhY2lvbiI6bnVsbCwiY29kaWdvX3Bvc3RhbCI6bnVsbCwicHJvdmluY2lhIjpudWxsLCJj"},"modified":"2024-01-10T12:46:34","modified_gmt":"2024-01-10T12:46:34","slug":"el-look-que-llevo-tamara-falco-en-nochevieja-tiene-la-chaqueta-mas-bonita-y-especial-del-momento","status":"publish","type":"post","link":"http:\/\/hoycordobaweb.com\/index.php\/2024\/01\/10\/el-look-que-llevo-tamara-falco-en-nochevieja-tiene-la-chaqueta-mas-bonita-y-especial-del-momento\/","title":{"rendered":"El look que llev\u00f3 Tamara Falc\u00f3 en Nochevieja tiene la chaqueta m\u00e1s bonita y especial del momento"},"content":{"rendered":"<div class=\"voc-img-container voc-circle-img\"> <picture> <a href=\"https:\/\/www.mujerhoy.com\/autor\/raquel-rodriguez-2893.html\" title=\"Raquel Rodr\u00edguez\" class=\"voc-horizontal\"> <img src=\"http:\/\/hoycordobaweb.com\/wp-content\/uploads\/2024\/01\/el-look-que-llevo-tamara-falco-en-nochevieja-tiene-la-chaqueta-mas-bonita-y-especial-del-momento.jpg\" alt=\"Raquel Rodr\u00edguez\"> <\/a> <\/picture> <\/div>\n<div class=\"voc-info-container \" readability=\"14\">\n<h3 class=\"voc-title\"> Raquel Rodr\u00edguez <\/h3>\n<p class=\"voc-article-position\"> Redactor <\/p>\n<p class=\"voc-paragraph\"> Raquel Rodr\u00edguez es una periodista freelance especializada en moda, belleza y lifestyle. Graduada en Periodismo en la Universidad Rey Juan Carlos, ha trabajado para otros medios del sector como Yo Dona o La Raz\u00f3n y actualmente se dedica a la redacci\u00f3n de art\u00edculos para Mujerhoy. Mitad portuguesa, mitad espa\u00f1ola (y enamorada de Nueva York), vive enganchada a las redes sociales y a su amor por la danza. <\/p>\n<nav class=\"voc-article-social\"> <a href=\"mailto:lrequejo@vocento.com\" class=\"voc-article-social__link\" title=\"Email\"> <span class=\"icon icon--email-cb3\"><\/span> <\/a> <\/nav>\n<\/p><\/div>\n","protected":false},"excerpt":{"rendered":"<p>Raquel Rodr\u00edguez Redactor Raquel Rodr\u00edguez es una periodista freelance especializada en moda, belleza y lifestyle. Graduada en Periodismo en la Universidad Rey Juan Carlos, ha trabajado para otros medios del sector como Yo Dona o La Raz\u00f3n y actualmente se dedica a la redacci\u00f3n de art\u00edculos para Mujerhoy. Mitad portuguesa, mitad espa\u00f1ola (y enamorada de [&hellip;]<\/p>\n","protected":false},"author":1,"featured_media":72584,"comment_status":"closed","ping_status":"closed","sticky":false,"template":"","format":"standard","meta":[],"categories":[1],"tags":[],"_links":{"self":[{"href":"http:\/\/hoycordobaweb.com\/index.php\/wp-json\/wp\/v2\/posts\/72583"}],"collection":[{"href":"http:\/\/hoycordobaweb.com\/index.php\/wp-json\/wp\/v2\/posts"}],"about":[{"href":"http:\/\/hoycordobaweb.com\/index.php\/wp-json\/wp\/v2\/types\/post"}],"author":[{"embeddable":true,"href":"http:\/\/hoycordobaweb.com\/index.php\/wp-json\/wp\/v2\/users\/1"}],"replies":[{"embeddable":true,"href":"http:\/\/hoycordobaweb.com\/index.php\/wp-json\/wp\/v2\/comments?post=72583"}],"version-history":[{"count":0,"href":"http:\/\/hoycordobaweb.com\/index.php\/wp-json\/wp\/v2\/posts\/72583\/revisions"}],"wp:featuredmedia":[{"embeddable":true,"href":"http:\/\/hoycordobaweb.com\/index.php\/wp-json\/wp\/v2\/media\/72584"}],"wp:attachment":[{"href":"http:\/\/hoycordobaweb.com\/index.php\/wp-json\/wp\/v2\/media?parent=72583"}],"wp:term":[{"taxonomy":"category","embeddable":true,"href":"http:\/\/hoycordobaweb.com\/index.php\/wp-json\/wp\/v2\/categories?post=72583"},{"taxonomy":"post_tag","embeddable":true,"href":"http:\/\/hoycordobaweb.com\/index.php\/wp-json\/wp\/v2\/tags?post=72583"}],"curies":[{"name":"wp","href":"https:\/\/api.w.org\/{rel}","templated":true}]}}