{"id":72565,"date":"2024-01-08T21:06:02","date_gmt":"2024-01-08T21:06:02","guid":{"rendered":"https:\/\/ladecimaweb.com\/?p=24057"},"modified":"2024-01-08T21:06:02","modified_gmt":"2024-01-08T21:06:02","slug":"una-tercera-cautelar-suspende-la-reforma-laboral-incluida-en-el-mega-dnu-de-milei","status":"publish","type":"post","link":"http:\/\/hoycordobaweb.com\/index.php\/2024\/01\/08\/una-tercera-cautelar-suspende-la-reforma-laboral-incluida-en-el-mega-dnu-de-milei\/","title":{"rendered":"Una tercera cautelar suspende la reforma laboral incluida en el mega DNU de Milei"},"content":{"rendered":"<div class=\"boldgrid-section\">\n<div class=\"container\">\n<div class=\"row\">\n<div class=\"col-md-12 col-xs-12 col-sm-12\">\n<p class=\"\">(NA) La jueza laboral<span>&nbsp;<\/span><strong>Silvia Garz\u00f3n<span>&nbsp;<\/span><\/strong>hizo lugar a una medida cautelar y suspendi\u00f3 las<span>&nbsp;<\/span><strong>reformas laborales<\/strong><span>&nbsp;<\/span>incluidas en el DNU de<span>&nbsp;<\/span><strong>Javier Milei,<\/strong><span>&nbsp;<\/span>tal cual lo solicit\u00f3 la Federaci\u00f3n \u00danica de Viajantes de Comercio de Argentina (FUVA).<\/p>\n<p>La cautelar suspende el tramo s\u00f3lo de reformas laborales tal cual hizo lo propio d\u00edas atr\u00e1s la C\u00e1mara Nacional del Trabajo en<span>&nbsp;<\/span><strong>dos fallos, uno a favor de la CGT y otro la CTA.<\/strong><span><strong>&nbsp;<\/strong><\/span><\/p>\n<p>De esta forma, es el<span>&nbsp;<\/span><strong>tercer fallo que suspende las reformas laborales en el DNU<\/strong>.&nbsp;<\/p>\n<p>Ahora, se prev\u00e9 que el Gobierno Nacional apele el fallo de la C\u00e1mara ante la Corte Suprema de Justicia para tratar de mantener vigente ese aspecto del decreto.<\/p>\n<p>La entidad hab\u00eda cuestionado que el DNU impon\u00eda no s\u00f3lo<span>&nbsp;<\/span><strong>limitaciones a la organizaci\u00f3n colectiva de los trabajadores,<span>&nbsp;<\/span><\/strong>sino que adem\u00e1s eliminaba la categor\u00eda de trabajadores como son los viajantes vendedores.<\/p>\n<p class=\"\">El DNU planeaba la eliminaci\u00f3n del Estatuto del viajante contemplado en la ley 14.546.&nbsp;<\/p>\n<p class=\"\">La norma, record\u00f3 la jueza en su fallo,<span>&nbsp;<\/span>\u201cfue dictada a fin de regular una actividad con modalidades espec\u00edficas, y ha sido, a lo largo de estos a\u00f1os, respetada por las partes involucradas en la relaci\u00f3n, sin que, \u201cprima facie\u201d, se avizore en los considerandos del decreto cuestionado que la especialidad del r\u00e9gimen que regula la actividad del viajante de comercio pudiera de forma trascendental afectar en materia social y\/o econ\u00f3mica, al extremo de haber sido derogada mediante un decreto de necesidad y urgencia\u201d.<\/p>\n<p>\u201cTeniendo en cuenta lo haasta aqu\u00ed expuesto, la derogaci\u00f3n de la ley 14.546, como as\u00ed tambi\u00e9n la modificaci\u00f3n y derogaci\u00f3n de las restantes normas en cuanto resulten de aplicaci\u00f3n al conjunto de trabajadores y a la entidad gremial aqu\u00ed agraviados, comprobados los requisitos de admisibilidad en cuanto a la cautela pretendida, y en consonancia con lo ya resuelto por la distinguida Sala de Feria en el precedente antes citado\u201d es que la jueza dispuso la cautelar a favor de la entidad.<span>&nbsp;<\/span><\/p>\n<p>Seg\u00fan la jueza, el apartado incluido en el decreto \u201cafecta\u201d a los trabajadores del sector. El fallo podr\u00eda ser apelado ante la C\u00e1mara la cual ya fij\u00f3 un criterio similar a trav\u00e9s de los fallos de la semana pasada.<\/p>\n<p>&nbsp;<\/p>\n<div class=\"ubm_banner\"><a href=\"https:\/\/www.cordobaturismo.gov.ar\/\" target=\"_blank\" rel=\"dofollow noopener noreferrer\"><img src=\"http:\/\/hoycordobaweb.com\/wp-content\/uploads\/2024\/01\/una-tercera-cautelar-suspende-la-reforma-laboral-incluida-en-el-mega-dnu-de-milei.gif\" alt=\"\"><\/a><\/div>\n<\/div>\n<\/div>\n<\/div>\n<\/div>\n<p>La entrada <a rel=\"nofollow\" href=\"https:\/\/ladecimaweb.com\/una-tercera-cautelar-suspende-la-reforma-laboral-incluida-en-el-mega-dnu-de-milei\/\">Una tercera cautelar suspende la reforma laboral incluida en el mega DNU de Milei<\/a> se public\u00f3 primero en <a rel=\"nofollow\" href=\"https:\/\/ladecimaweb.com\">LaDecima<\/a>.<\/p>\n","protected":false},"excerpt":{"rendered":"<p>(NA) La jueza laboral&nbsp;Silvia Garz\u00f3n&nbsp;hizo lugar a una medida cautelar y suspendi\u00f3 las&nbsp;reformas laborales&nbsp;incluidas en el DNU de&nbsp;Javier Milei,&nbsp;tal cual lo solicit\u00f3 la Federaci\u00f3n \u00danica de Viajantes de Comercio de Argentina (FUVA). La cautelar suspende el tramo s\u00f3lo de reformas laborales tal cual hizo lo propio d\u00edas atr\u00e1s la C\u00e1mara Nacional del Trabajo en&nbsp;dos fallos, [&hellip;]<\/p>\n","protected":false},"author":1,"featured_media":72566,"comment_status":"closed","ping_status":"closed","sticky":false,"template":"","format":"standard","meta":[],"categories":[19],"tags":[],"_links":{"self":[{"href":"http:\/\/hoycordobaweb.com\/index.php\/wp-json\/wp\/v2\/posts\/72565"}],"collection":[{"href":"http:\/\/hoycordobaweb.com\/index.php\/wp-json\/wp\/v2\/posts"}],"about":[{"href":"http:\/\/hoycordobaweb.com\/index.php\/wp-json\/wp\/v2\/types\/post"}],"author":[{"embeddable":true,"href":"http:\/\/hoycordobaweb.com\/index.php\/wp-json\/wp\/v2\/users\/1"}],"replies":[{"embeddable":true,"href":"http:\/\/hoycordobaweb.com\/index.php\/wp-json\/wp\/v2\/comments?post=72565"}],"version-history":[{"count":0,"href":"http:\/\/hoycordobaweb.com\/index.php\/wp-json\/wp\/v2\/posts\/72565\/revisions"}],"wp:featuredmedia":[{"embeddable":true,"href":"http:\/\/hoycordobaweb.com\/index.php\/wp-json\/wp\/v2\/media\/72566"}],"wp:attachment":[{"href":"http:\/\/hoycordobaweb.com\/index.php\/wp-json\/wp\/v2\/media?parent=72565"}],"wp:term":[{"taxonomy":"category","embeddable":true,"href":"http:\/\/hoycordobaweb.com\/index.php\/wp-json\/wp\/v2\/categories?post=72565"},{"taxonomy":"post_tag","embeddable":true,"href":"http:\/\/hoycordobaweb.com\/index.php\/wp-json\/wp\/v2\/tags?post=72565"}],"curies":[{"name":"wp","href":"https:\/\/api.w.org\/{rel}","templated":true}]}}