{"id":72553,"date":"2024-01-09T09:22:00","date_gmt":"2024-01-09T09:22:00","guid":{"rendered":"https:\/\/fm-comunicar.com.ar\/contenido\/21133\/los-tekis-y-la-beriso-fue-lo-mas-destacado-de-la-jornada-del-lunes-en-jesus-mari"},"modified":"2024-01-09T09:22:00","modified_gmt":"2024-01-09T09:22:00","slug":"los-tekis-y-la-beriso-fue-lo-mas-destacado-de-la-jornada-del-lunes-en-jesus-maria","status":"publish","type":"post","link":"http:\/\/hoycordobaweb.com\/index.php\/2024\/01\/09\/los-tekis-y-la-beriso-fue-lo-mas-destacado-de-la-jornada-del-lunes-en-jesus-maria\/","title":{"rendered":"Los Tekis y La Beriso, fue lo m\u00e1s destacado de la jornada del lunes en Jes\u00fas Mar\u00eda"},"content":{"rendered":"<p>M\u00e1s de 9 mil personas dijeron \u201cpresente\u201d este lunes en el Anfiteatro Jos\u00e9 Hern\u00e1ndez para disfrutar la cuarta noche de puro rock y carnaval.<img src=\"http:\/\/hoycordobaweb.com\/wp-content\/uploads\/2024\/01\/los-tekis-y-la-beriso-fue-lo-mas-destacado-de-la-jornada-del-lunes-en-jesus-maria.jpg\"><\/p>\n","protected":false},"excerpt":{"rendered":"<p>M\u00e1s de 9 mil personas dijeron \u201cpresente\u201d este lunes en el Anfiteatro Jos\u00e9 Hern\u00e1ndez para disfrutar la cuarta noche de puro rock y carnaval.<\/p>\n","protected":false},"author":1,"featured_media":72554,"comment_status":"closed","ping_status":"closed","sticky":false,"template":"","format":"standard","meta":[],"categories":[18],"tags":[],"_links":{"self":[{"href":"http:\/\/hoycordobaweb.com\/index.php\/wp-json\/wp\/v2\/posts\/72553"}],"collection":[{"href":"http:\/\/hoycordobaweb.com\/index.php\/wp-json\/wp\/v2\/posts"}],"about":[{"href":"http:\/\/hoycordobaweb.com\/index.php\/wp-json\/wp\/v2\/types\/post"}],"author":[{"embeddable":true,"href":"http:\/\/hoycordobaweb.com\/index.php\/wp-json\/wp\/v2\/users\/1"}],"replies":[{"embeddable":true,"href":"http:\/\/hoycordobaweb.com\/index.php\/wp-json\/wp\/v2\/comments?post=72553"}],"version-history":[{"count":0,"href":"http:\/\/hoycordobaweb.com\/index.php\/wp-json\/wp\/v2\/posts\/72553\/revisions"}],"wp:featuredmedia":[{"embeddable":true,"href":"http:\/\/hoycordobaweb.com\/index.php\/wp-json\/wp\/v2\/media\/72554"}],"wp:attachment":[{"href":"http:\/\/hoycordobaweb.com\/index.php\/wp-json\/wp\/v2\/media?parent=72553"}],"wp:term":[{"taxonomy":"category","embeddable":true,"href":"http:\/\/hoycordobaweb.com\/index.php\/wp-json\/wp\/v2\/categories?post=72553"},{"taxonomy":"post_tag","embeddable":true,"href":"http:\/\/hoycordobaweb.com\/index.php\/wp-json\/wp\/v2\/tags?post=72553"}],"curies":[{"name":"wp","href":"https:\/\/api.w.org\/{rel}","templated":true}]}}