{"id":72451,"date":"2024-01-08T10:19:09","date_gmt":"2024-01-08T10:19:09","guid":{"rendered":"http:\/\/hoycordobaweb.com\/index.php\/2024\/01\/08\/saborido-se-marcha-al-ultimo-vicecampeon-del-futbol-argentino-versus\/"},"modified":"2024-01-08T10:19:09","modified_gmt":"2024-01-08T10:19:09","slug":"saborido-se-marcha-al-ultimo-vicecampeon-del-futbol-argentino-versus","status":"publish","type":"post","link":"http:\/\/hoycordobaweb.com\/index.php\/2024\/01\/08\/saborido-se-marcha-al-ultimo-vicecampeon-del-futbol-argentino-versus\/","title":{"rendered":"Saborido se marcha al \u00faltimo vicecampe\u00f3n del <b>f\u00fatbol argentino<\/b> &#8211; Versus"},"content":{"rendered":"<p>Tras no renovar con General Caballero, Juan Ignacio Saborido fich\u00f3 por Platense, \u00faltimo finalista de la Copa de la Liga del <b>f\u00fatbol argentino<\/b>. <\/p>\n","protected":false},"excerpt":{"rendered":"<p>Tras no renovar con General Caballero, Juan Ignacio Saborido fich\u00f3 por Platense, \u00faltimo finalista de la Copa de la Liga del f\u00fatbol argentino.<\/p>\n","protected":false},"author":1,"featured_media":0,"comment_status":"closed","ping_status":"closed","sticky":false,"template":"","format":"standard","meta":[],"categories":[22],"tags":[],"_links":{"self":[{"href":"http:\/\/hoycordobaweb.com\/index.php\/wp-json\/wp\/v2\/posts\/72451"}],"collection":[{"href":"http:\/\/hoycordobaweb.com\/index.php\/wp-json\/wp\/v2\/posts"}],"about":[{"href":"http:\/\/hoycordobaweb.com\/index.php\/wp-json\/wp\/v2\/types\/post"}],"author":[{"embeddable":true,"href":"http:\/\/hoycordobaweb.com\/index.php\/wp-json\/wp\/v2\/users\/1"}],"replies":[{"embeddable":true,"href":"http:\/\/hoycordobaweb.com\/index.php\/wp-json\/wp\/v2\/comments?post=72451"}],"version-history":[{"count":0,"href":"http:\/\/hoycordobaweb.com\/index.php\/wp-json\/wp\/v2\/posts\/72451\/revisions"}],"wp:attachment":[{"href":"http:\/\/hoycordobaweb.com\/index.php\/wp-json\/wp\/v2\/media?parent=72451"}],"wp:term":[{"taxonomy":"category","embeddable":true,"href":"http:\/\/hoycordobaweb.com\/index.php\/wp-json\/wp\/v2\/categories?post=72451"},{"taxonomy":"post_tag","embeddable":true,"href":"http:\/\/hoycordobaweb.com\/index.php\/wp-json\/wp\/v2\/tags?post=72451"}],"curies":[{"name":"wp","href":"https:\/\/api.w.org\/{rel}","templated":true}]}}