{"id":72411,"date":"2024-01-07T12:53:12","date_gmt":"2024-01-07T12:53:12","guid":{"rendered":"https:\/\/www.ole.com.ar\/boca-juniors\/valentin-barco-clausula-salida-boca-brighton-10-millones-dolares_0_0CqnYxXMwS.html"},"modified":"2024-01-07T12:53:12","modified_gmt":"2024-01-07T12:53:12","slug":"por-que-es-tan-baja-la-clausula-de-salida-de-barco-en-boca","status":"publish","type":"post","link":"http:\/\/hoycordobaweb.com\/index.php\/2024\/01\/07\/por-que-es-tan-baja-la-clausula-de-salida-de-barco-en-boca\/","title":{"rendered":"Por qu\u00e9 es tan baja la cl\u00e1usula de salida de Barco en Boca"},"content":{"rendered":"<p><img src=\"http:\/\/hoycordobaweb.com\/wp-content\/uploads\/2024\/01\/por-que-es-tan-baja-la-clausula-de-salida-de-barco-en-boca.jpg\"><\/p>\n<p><time class=\"createDate\" datetime=\"2024-01-07T09:53:12-03:00\">07\/01\/2024 09:53hs.<\/time><time class=\"modificatedDate\" datetime=\"2024-01-07T10:12:10-03:00\"> Actualizado al 07\/01\/2024 10:12hs.<\/time><\/p>\n<div id=\"storyBody\">\n<div class=\"custom-text \" readability=\"36.797071129707\">\n<p><strong>Si<a href=\"https:\/\/www.ole.com.ar\/tema\/valentin-barco.html\" title=\"Valent\u00edn Barco\" alt=\"Valent\u00edn Barco\" class=\"slug\"> Valent\u00edn Barco<\/a> se puede ir de <a href=\"https:\/\/www.ole.com.ar\/tema\/boca-juniors.html\" title=\"Boca Juniors\" alt=\"Boca Juniors\" class=\"slug\">Boca<\/a>, o se va a ir de Boca, es porque el defensor dej\u00f3 al club en una posici\u00f3n casi sin salida.<\/strong> Es decir, la situaci\u00f3n es esta: <strong>o el Consejo acepta la oferta del <a href=\"https:\/\/www.ole.com.ar\/tema\/brighton.html\" title=\"brighton\" alt=\"brighton\" class=\"slug\">Brighton <\/a>de 9.000.000 de d\u00f3lares por el 90% del pase a pagar en cuotas o el Colo se va por la cl\u00e1usula de rescisi\u00f3n de U$S 10.000.000.<\/strong> El Xeneize est\u00e1 entre la espada y la pared. Ahora bien, <strong>\u00bfpor qu\u00e9 es tan bajo el monto que pueden pagar desde el exterior para llev\u00e1rselo?<\/strong><\/p>\n<\/div>\n<div class=\"custom-text \" readability=\"34.130434782609\">\n<p>La respuesta a esa pregunta hay que buscarla m\u00e1s atr\u00e1s. Hay que remontarse primero al debut de Barco en 2021 con 16 a\u00f1os en la cancha de Uni\u00f3n de Santa Fe con <strong><a href=\"https:\/\/www.ole.com.ar\/tema\/miguel-angel-russo.html\" title=\"Miguel Angel Russo\" alt=\"Miguel Angel Russo\" class=\"slug\">Miguel Russo<\/a><\/strong> en el banco; despu\u00e9s al a\u00f1o y monedas que estuvo colgado por no llegar a un acuerdo de renovaci\u00f3n de su contrato; luego <strong>a la mala relaci\u00f3n que siempre existi\u00f3 entre el Consejo y el entorno del jugador; y finalmente llegar a la que s\u00ed termin\u00f3 siendo la extensi\u00f3n de su v\u00ednculo a principios del 2023.<\/strong><\/p>\n<\/div>\n<div class=\"custom-text \" readability=\"41\">\n<p>Luego de varios idas y vueltas, <strong>Barco termin\u00f3 renovando su contrato.<\/strong> Sin embargo, y seg\u00fan avisan desde el club, <strong>Boca pr\u00e1cticamente tuvo que acceder a las condiciones del jugador de 19 a\u00f1os casi que de manera obligada.<\/strong> \u00bfPor qu\u00e9? Porque si no firmaba, <strong>el Colo quedaba libre en diciembre del a\u00f1o pasado<\/strong>, incluso pudiendo haber arreglado con otros equipo desde junio 2023, ya que a partir de ese momento se hubiera podido considerar como un jugador en libertad de acci\u00f3n.<\/p>\n<\/div>\n<div class=\"sc-e7b891c4-0 jPbnQF\"><img alt=\"Este s\u00e1bado, Barco fue titular en el 1-1 amistoso de la Sub 23 contra Lan\u00fas (FOTO: Lan\u00fas)\" src=\"http:\/\/hoycordobaweb.com\/wp-content\/uploads\/2024\/01\/por-que-es-tan-baja-la-clausula-de-salida-de-barco-en-boca-2.jpg\" width=\"720\" height=\"100\" decoding=\"async\" data-nimg=\"future\" loading=\"lazy\"><span class=\"epigraphe\">Este s\u00e1bado, Barco fue titular en el 1-1 amistoso de la Sub 23 contra Lan\u00fas (FOTO: Lan\u00fas)<\/span><\/div>\n<div class=\"custom-text \" readability=\"39\">\n<p>Por eso, <strong>a Boca no le qued\u00f3 otra opci\u00f3n que aceptar buena parte de las condiciones que \u00abimpuso\u00bb su entorno<\/strong>, seg\u00fan patalean en Brandsen 805. <strong>Y ah\u00ed la raz\u00f3n del por qu\u00e9 la cl\u00e1usula de salida de Barco es tan baja<\/strong> para el f\u00fatbol moderno y para un jugador con la calidad y personalidad del Colo, posiblemente con futuro de Selecci\u00f3n: <strong>extendi\u00f3 su v\u00ednculo por apenas un a\u00f1o m\u00e1s y con una cifra de salida muy baja, de apenas 10 palos verdes.<\/strong><\/p>\n<\/div>\n<p><h2><strong>La bronca de Boca y de Riquelme<\/strong><\/h2>\n<\/p>\n<div class=\"custom-text \" readability=\"35.124223602484\">\n<p><strong>\u00abFue una de las condiciones que impuso el se\u00f1or Adri\u00e1n Ruocco y el pap\u00e1 del chico: no aumentar su cl\u00e1usula\u00bb<\/strong>, dijo <strong><a href=\"https:\/\/www.ole.com.ar\/tema\/juan-roman-riquelme.html\" title=\"Juan Rom\u00e1n Riquelme\" alt=\"Juan Rom\u00e1n Riquelme\" class=\"slug\">Juan Rom\u00e1n Riquelme<\/a><\/strong> en aquel momento despu\u00e9s de haberle renovado el v\u00ednculo al chico, apuntando claramente al entorno del jugador, sobre todo a su representante, que es el mismo que el de <strong><a href=\"https:\/\/www.ole.com.ar\/tema\/carlos-tevez.html\" title=\"Carlos Tevez\" alt=\"Carlos Tevez\" class=\"slug\">Carlos Tevez<\/a><\/strong>.<\/p>\n<\/div>\n<div class=\"custom-text \" readability=\"37\">\n<p>Por eso la bronca que hay hoy en d\u00eda en Boca. Por eso esa sensaci\u00f3n amarga que les qued\u00f3. Sobre todo porque <strong>el Consejo ya hab\u00eda preparado una megaoferta para la continuidad de Barco, que inclu\u00eda un v\u00ednculo extenso en el tiempo, con una considerable mejora salarial y con un salto del monto de la cl\u00e1usula de 10 palos verdes a 14.<\/strong><\/p>\n<\/div>\n<div type=\"embed\" class=\"sc-7ce6049-0 dwIKul\">\n<div class=\"sc-7ce6049-1 bdcBBS videoText\" id=\"contentTitleembedp15kIiWb\" type=\"embed\"><svg fill=\"#ffffff\"><symbol id=\"play\" viewBox=\"0 0 512 512\"><path d=\"M512 256C512 397.4 397.4 512 256 512C114.6 512 0 397.4 0 256C0 114.6 114.6 0 256 0C397.4 0 512 114.6 512 256zM176 168V344C176 352.7 180.7 360.7 188.3 364.9C195.8 369.2 205.1 369 212.5 364.5L356.5 276.5C363.6 272.1 368 264.4 368 256C368 247.6 363.6 239.9 356.5 235.5L212.5 147.5C205.1 142.1 195.8 142.8 188.3 147.1C180.7 151.3 176 159.3 176 168V168z\" \/><\/symbol><use xlink:href=\"#play\" \/><\/svg><\/p>\n<div class=\"right\">\n<p>Boca Juniors<!-- --> &#8211;<!-- --> <span>7-1-2024<\/span><\/p>\n<h2 class=\"title-vid\">El reencuentro de Cavani y el Colo Barco en Boca<\/h2>\n<\/div>\n<\/div>\n<p><span class=\"back\" id=\"spanBackembedp15kIiWb\"><\/span><\/div>\n<div class=\"custom-text \" readability=\"35\">\n<p>La bronca es tambi\u00e9n porque -seg\u00fan trascendi\u00f3- los integrantes del CdF se habr\u00edan reunido con sus familiares para preguntarles qu\u00e9 n\u00fameros los har\u00eda felices para que el defensor que jug\u00f3 35 partidos e hizo tres goles pudiera quedarse. De momento, sin respuesta.<\/p>\n<\/div>\n<div class=\"custom-text \" readability=\"24.266666666667\">\n<p>Y de seguir as\u00ed, <strong>este lunes ya ser\u00e1 sin Barco,<\/strong> que se present\u00f3 el 2\/1 en el inicio de la pretemporada en Ezeiza, pero que se fue: <strong><a href=\"https:\/\/www.ole.com.ar\/boca-juniors\/convocados-boca-sub-mascherano-amistoso_0_iakK7ujh9D.html\" target=\"_self\" title=\"actualmente se entrena con la Selecci\u00f3n Sub 23 de Mascherano que jugar\u00e1 el Preol\u00edmpico de Venezuela.\" alt=\"actualmente se entrena con la Selecci\u00f3n Sub 23 de Mascherano que jugar\u00e1 el Preol\u00edmpico de Venezuela.\" rel=\"noopener noreferrer\">actualmente se entrena con la Selecci\u00f3n Sub 23 de Mascherano que jugar\u00e1 el Preol\u00edmpico de Venezuela.<\/a><\/strong> Con lo que, ya parece haberse despedido de Boca.<\/p>\n<\/div>\n<p><h2><strong>La decisi\u00f3n de Boca<\/strong><\/h2>\n<\/p>\n<div class=\"custom-text \" readability=\"37.276744186047\">\n<p>La ventaja para Boca de negociar con el club ingl\u00e9s al que fue en su momento <strong><a href=\"https:\/\/www.ole.com.ar\/tema\/alexis-mac-allister.html\" title=\"Alexis Mac Allister\" alt=\"Alexis Mac Allister\" class=\"slug\">Alexis Mac Allister <\/a><\/strong>es que le<strong> quedar\u00eda un porcentaje de una futura venta, aunque la propuesta de los nueve millones ser\u00eda en c\u00f3modas cuotas.<\/strong> Y al rev\u00e9s ser\u00eda la cla\u00fasula, con todo el dinero pagado en el momento, pero sin posibilidad de porcentajes a futuro, pese a que hay quienes dudan que Brighton tenga esa suma a disposici\u00f3n y pueda pagarla.<\/p>\n<\/div>\n<div class=\"custom-text \" readability=\"34\">\n<p>Claramente,<strong> es una metida de presi\u00f3n de Barco para irse ya. Se define el lunes. <\/strong>Pero ya est\u00e1 preparado para zarpar&#8230;<\/p>\n<\/div>\n<div type=\"embed\" class=\"sc-7ce6049-0 dwIKul\">\n<div class=\"sc-7ce6049-1 bdcBBS videoText\" id=\"contentTitleembedgak9mdM6\" type=\"embed\"><svg fill=\"#ffffff\"><symbol id=\"play\" viewBox=\"0 0 512 512\"><path d=\"M512 256C512 397.4 397.4 512 256 512C114.6 512 0 397.4 0 256C0 114.6 114.6 0 256 0C397.4 0 512 114.6 512 256zM176 168V344C176 352.7 180.7 360.7 188.3 364.9C195.8 369.2 205.1 369 212.5 364.5L356.5 276.5C363.6 272.1 368 264.4 368 256C368 247.6 363.6 239.9 356.5 235.5L212.5 147.5C205.1 142.1 195.8 142.8 188.3 147.1C180.7 151.3 176 159.3 176 168V168z\" \/><\/symbol><use xlink:href=\"#play\" \/><\/svg><\/p>\n<div class=\"right\">\n<p>Boca Juniors<!-- --> &#8211;<!-- --> <span>7-1-2024<\/span><\/p>\n<h2 class=\"title-vid\">Qu\u00e9 dec\u00eda Rom\u00e1n sobre Barco meses atr\u00e1s<\/h2>\n<\/div>\n<\/div>\n<p><span class=\"back\" id=\"spanBackembedgak9mdM6\"><\/span><\/div>\n<\/div>\n","protected":false},"excerpt":{"rendered":"<p>07\/01\/2024 09:53hs. Actualizado al 07\/01\/2024 10:12hs. Si Valent\u00edn Barco se puede ir de Boca, o se va a ir de Boca, es porque el defensor dej\u00f3 al club en una posici\u00f3n casi sin salida. Es decir, la situaci\u00f3n es esta: o el Consejo acepta la oferta del Brighton de 9.000.000 de d\u00f3lares por el 90% [&hellip;]<\/p>\n","protected":false},"author":1,"featured_media":72412,"comment_status":"open","ping_status":"closed","sticky":false,"template":"","format":"standard","meta":[],"categories":[16],"tags":[],"_links":{"self":[{"href":"http:\/\/hoycordobaweb.com\/index.php\/wp-json\/wp\/v2\/posts\/72411"}],"collection":[{"href":"http:\/\/hoycordobaweb.com\/index.php\/wp-json\/wp\/v2\/posts"}],"about":[{"href":"http:\/\/hoycordobaweb.com\/index.php\/wp-json\/wp\/v2\/types\/post"}],"author":[{"embeddable":true,"href":"http:\/\/hoycordobaweb.com\/index.php\/wp-json\/wp\/v2\/users\/1"}],"replies":[{"embeddable":true,"href":"http:\/\/hoycordobaweb.com\/index.php\/wp-json\/wp\/v2\/comments?post=72411"}],"version-history":[{"count":0,"href":"http:\/\/hoycordobaweb.com\/index.php\/wp-json\/wp\/v2\/posts\/72411\/revisions"}],"wp:featuredmedia":[{"embeddable":true,"href":"http:\/\/hoycordobaweb.com\/index.php\/wp-json\/wp\/v2\/media\/72412"}],"wp:attachment":[{"href":"http:\/\/hoycordobaweb.com\/index.php\/wp-json\/wp\/v2\/media?parent=72411"}],"wp:term":[{"taxonomy":"category","embeddable":true,"href":"http:\/\/hoycordobaweb.com\/index.php\/wp-json\/wp\/v2\/categories?post=72411"},{"taxonomy":"post_tag","embeddable":true,"href":"http:\/\/hoycordobaweb.com\/index.php\/wp-json\/wp\/v2\/tags?post=72411"}],"curies":[{"name":"wp","href":"https:\/\/api.w.org\/{rel}","templated":true}]}}