{"id":72381,"date":"2024-01-06T13:16:45","date_gmt":"2024-01-06T13:16:45","guid":{"rendered":"https:\/\/www.trendencias.com\/belleza\/esta-mi-nueva-base-maquillaje-imprescindible-porque-deja-piel-natural-perfecta-aportar-grasa"},"modified":"2024-01-06T13:16:45","modified_gmt":"2024-01-06T13:16:45","slug":"esta-es-mi-nueva-base-de-maquillaje-imprescindible-porque-deja-la-piel-natural-y-perfecta-y-sin-aportar-grasa","status":"publish","type":"post","link":"http:\/\/hoycordobaweb.com\/index.php\/2024\/01\/06\/esta-es-mi-nueva-base-de-maquillaje-imprescindible-porque-deja-la-piel-natural-y-perfecta-y-sin-aportar-grasa\/","title":{"rendered":"Esta es mi nueva base de maquillaje imprescindible porque deja la piel natural y perfecta (y sin aportar grasa)"},"content":{"rendered":"<p>A pesar de que las bases con acabado <em>glow<\/em> y jugoso siempre han sido mis favoritas, en la actualidad intento usar bases <em>oil free<\/em> por recomendaci\u00f3n de mi dermat\u00f3loga, para evitar granitos y que la piel se irrite. Lo cierto, es que las bases de farmacia fue mi primera opci\u00f3n pero tenemos que ser sinceras en esto, <strong>las f\u00f3rmulas y los tonos son muy limitados<\/strong>. Finalmente me decant\u00e9 por una base de perfumer\u00eda con f\u00f3rmula oil free, y lo cierto que todo comenz\u00f3 despu\u00e9s de haber probado una muestra, estoy hablando de la famosa base <strong>Teint Idole Ultra Wear de Lanc\u00f4me<\/strong>.<\/p>\n<p><!-- BREAK 1 --> <\/p>\n<div class=\"article-asset article-asset-normal article-asset-center\">\n<div class=\"desvio-container\">\n<div class=\"desvio\">\n<div class=\"desvio-figure js-desvio-figure\"> <a href=\"https:\/\/www.trendencias.com\/silver\/cortes-pelo-bob-que-quedan-realmente-bien-cabellos-canas\"> <img alt=\"Cortes de pelo bob que quedan realmente bien en cabellos con canas\" src=\"http:\/\/hoycordobaweb.com\/wp-content\/uploads\/2024\/01\/esta-es-mi-nueva-base-de-maquillaje-imprescindible-porque-deja-la-piel-natural-y-perfecta-y-sin-aportar-grasa.jpg\"> <\/a> <\/div><\/div><\/div>\n<\/div>\n<p>Gracias a esa muestra de maquillaje (s\u00faper oscura por supuesto) pude descubrir lo bonita que deja la piel esta base. Con muy poca cantidad la piel se unifica y su acabado lejos de ser <em>glow<\/em> tampoco es mate del todo, dir\u00eda que es <strong>semi-mate con una luz muy natural de piel sana<\/strong>. Su textura es fluida pero no l\u00edquida, digamos que tiene algo de consistencia y cuando la aplicas, r\u00e1pidamente y con muy poca cantidad se unifica el tono de la piel.<\/p>\n<p><!-- BREAK 2 --> <\/p>\n<div class=\"article-asset-image article-asset-normal article-asset-center\">\n<div class=\"asset-content\"> <img class=\"centro_sinmarco\" height=\"1500\" width=\"1500\" loading=\"lazy\" decoding=\"async\" sizes=\"100vw\" fetchpriority=\"high\" srcset=\"http:\/\/hoycordobaweb.com\/wp-content\/uploads\/2024\/01\/esta-es-mi-nueva-base-de-maquillaje-imprescindible-porque-deja-la-piel-natural-y-perfecta-y-sin-aportar-grasa-1.jpg 450w, http:\/\/hoycordobaweb.com\/wp-content\/uploads\/2024\/01\/esta-es-mi-nueva-base-de-maquillaje-imprescindible-porque-deja-la-piel-natural-y-perfecta-y-sin-aportar-grasa-4.jpg 681w, http:\/\/hoycordobaweb.com\/wp-content\/uploads\/2024\/01\/esta-es-mi-nueva-base-de-maquillaje-imprescindible-porque-deja-la-piel-natural-y-perfecta-y-sin-aportar-grasa-5.jpg 1024w, http:\/\/hoycordobaweb.com\/wp-content\/uploads\/2024\/01\/esta-es-mi-nueva-base-de-maquillaje-imprescindible-porque-deja-la-piel-natural-y-perfecta-y-sin-aportar-grasa-6.jpg 1366w\" src=\"http:\/\/hoycordobaweb.com\/wp-content\/uploads\/2024\/01\/esta-es-mi-nueva-base-de-maquillaje-imprescindible-porque-deja-la-piel-natural-y-perfecta-y-sin-aportar-grasa-1.jpg\" alt=\"lancome\"> <noscript><img alt=\"lancome\" class=\"centro_sinmarco\" src=\"http:\/\/hoycordobaweb.com\/wp-content\/uploads\/2024\/01\/esta-es-mi-nueva-base-de-maquillaje-imprescindible-porque-deja-la-piel-natural-y-perfecta-y-sin-aportar-grasa-1.jpg\"><\/noscript> <\/div>\n<\/div>\n<p>La piel se ve preciosa,<strong> m\u00e1s fina y con luz<\/strong>, la textura mejorada, las imperfecciones desaparecen y el acabado es natural, perfecta para recrear el tan apetecible <em>clean look<\/em>. Y muy importante, <strong>se siente ligera y c\u00f3moda<\/strong>. En cuanto a su cobertura me parece que es muy buena, al menos para las necesidades de mi piel, que en este momento es cubrir algunas rojeces. Y si bien se puede modular no es una base <em>full cover<\/em>, as\u00ed que podemos decir que se trata de una cobertura media.<\/p>\n<p><!-- BREAK 3 --> <\/p>\n<p>Otro punto a su favor e imprescindible es su durabilidad, <strong>pr\u00e1cticamente tengo que decir que me aguanta todo el d\u00eda<\/strong> y casi no pierde cobertura ni tampoco parchea ni se craquela. Vamos, que es de esas bases que al final del d\u00eda se siguen viendo bonitas.<\/p>\n<p><!-- BREAK 4 --><\/p>\n<p>Adem\u00e1s, seg\u00fan la firma es <strong>apta para todo tipo de pieles<\/strong>, desde las secas y sensibles hasta las m\u00e1s grasas y propensas al acn\u00e9. Entre sus ingredientes se encuentra el <a href=\"https:\/\/www.trendencias.com\/belleza\/acido-hialuronico-que-como-se-usa-precio\">\u00e1cido hialur\u00f3nico<\/a> que rellena e hidrata la piel, la <strong>vitamina E<\/strong> que es antioxidante y protege; y <strong>moringa<\/strong> que es un aceite hidratante que trata el acn\u00e9 y los puntos negros.<\/p>\n<p><!-- BREAK 5 --><\/p>\n<p>El mayor inconveniente que encuentro en esta base, es que <strong>se oxida un mont\u00f3n<\/strong>, lo que hace m\u00e1s complicado dar con el tono adecuado. En mi caso compr\u00e9 <strong>el tono 220c<\/strong> para una piel bastante clara, y a\u00fan as\u00ed necesitar\u00eda un poco quito menos de tono. As\u00ed que lo ideal, ser\u00eda probar en tienda, y esperar un minuto hasta que se oxide y pod\u00e1is comprobar si es vuestro tono o no. Precio <a rel=\"noopener, noreferrer\" class=\"js-ecommerce\" href=\"https:\/\/www.trendencias.com\/redirect?url=https%3A%2F%2Fwww.primor.eu%2Fes_es%2Flancome-base-de-maquillaje-fluida-teint-idole-ultra-wear-80606.html&amp;category=belleza&amp;ecomPostExpiration=everlasting&amp;postId=620983\" data-vars-affiliate-url=\"https:\/\/www.trendencias.com\/redirect?url=https%3A%2F%2Fwww.primor.eu%2Fes_es%2Flancome-base-de-maquillaje-fluida-teint-idole-ultra-wear-80606.html&amp;category=belleza&amp;ecomPostExpiration=everlasting&amp;postId=620983\">28,94 euros<\/a>.<\/p>\n<p><!-- BREAK 6 --> <!-- PIVOT START --><\/p>\n<div class=\"pivot-ecommerce-container m-pivot-ecommerce-redesign article-asset-normal article-asset-center\" readability=\"22.237288135593\">\n<div class=\"pivot-ecommerce\" readability=\"3.1327433628319\">\n<div class=\"pivot-ecommerce-figure\"> <a rel=\"nofollow, noopener, noreferrer noopener\" target=\"_blank\" href=\"https:\/\/www.trendencias.com\/redirect?url=https%3A%2F%2Fwww.primor.eu%2Fes_es%2Flancome-base-de-maquillaje-fluida-teint-idole-ultra-wear-80606.html&amp;category=belleza&amp;pivot=1&amp;ecomPostExpiration=everlasting&amp;postId=620983\"> <img alt=\"LANC\u00d4ME Base de Maquillaje Fluida Teint Idole Ultra Wear \" src=\"http:\/\/hoycordobaweb.com\/wp-content\/uploads\/2024\/01\/esta-es-mi-nueva-base-de-maquillaje-imprescindible-porque-deja-la-piel-natural-y-perfecta-y-sin-aportar-grasa-2.jpg\"> <\/a> <\/div>\n<div class=\"pivot-ecommerce-summary\" readability=\"3.6548672566372\">\n<p class=\"pivot-ecommerce-desc\">LANC\u00d4ME Base de Maquillaje Fluida Teint Idole Ultra Wear <\/p>\n<\/p><\/div><\/div>\n<p>* Alg\u00fan precio puede haber cambiado desde la \u00faltima revisi\u00f3n<\/p>\n<\/p><\/div>\n<p><!-- PIVOT END --><\/p>\n<p>Fotos | <a rel=\"noopener, noreferrer\" href=\"https:\/\/imaxtree.launchmetrics.com\/\" data-id=\"noopener, noreferrer\">Launchmetrics Spotlight<\/a>, <a rel=\"noopener, noreferrer\" class=\"js-ecommerce\" href=\"https:\/\/www.trendencias.com\/redirect?url=https%3A%2F%2Fwww.lookfantastic.es%2Flancome-teint-idole-ultra-wear-foundation-30ml-various-shades%2F14303958.html%3Faffil%3Dthggpsad%26switchcurrency%3DEUR%26shippingcountry%3DES%26variation%3D14198006%26affil%3Dthgppc%26kwds%3D%26thg_ppc_campaign%3D71700000114144915%26adtype%3Dpla%26product_id%3D14198006%26gclid%3DCj0KCQiAkeSsBhDUARIsAK3tieeWbSZwqfQUc4gomNcdc2v0f71vMDFqxFrrtVPrd234dXc6MM8dunIaAoPQEALw_wcB%26gclsrc%3Daw.ds&amp;category=belleza&amp;ecomPostExpiration=everlasting&amp;postId=620983\" data-vars-affiliate-url=\"https:\/\/www.trendencias.com\/redirect?url=https%3A%2F%2Fwww.lookfantastic.es%2Flancome-teint-idole-ultra-wear-foundation-30ml-various-shades%2F14303958.html%3Faffil%3Dthggpsad%26switchcurrency%3DEUR%26shippingcountry%3DES%26variation%3D14198006%26affil%3Dthgppc%26kwds%3D%26thg_ppc_campaign%3D71700000114144915%26adtype%3Dpla%26product_id%3D14198006%26gclid%3DCj0KCQiAkeSsBhDUARIsAK3tieeWbSZwqfQUc4gomNcdc2v0f71vMDFqxFrrtVPrd234dXc6MM8dunIaAoPQEALw_wcB%26gclsrc%3Daw.ds&amp;category=belleza&amp;ecomPostExpiration=everlasting&amp;postId=620983\">Lookfantastic<\/a><\/p>\n<p><!-- BREAK 7 --><\/p>\n<p>En Trendencias | <a href=\"https:\/\/www.trendencias.com\/belleza\/tendencias-unas-2024-estas-formas-disenos-colores-que-pegaran-fuerte\">Tendencias de u\u00f1as 2024: estas son las formas, los dise\u00f1os y los colores que pegar\u00e1n fuerte<\/a><\/p>\n<p><!-- BREAK 8 --><\/p>\n<p>En Trendencias | <a href=\"https:\/\/www.trendencias.com\/belleza\/15-cortes-pelo-tendencia-2024-que-se-pediran-peluquerias\">17 cortes de pelo de tendencia en 2024 que m\u00e1s se pedir\u00e1n en las peluquer\u00edas<\/a><\/p>\n<p><!-- BREAK 9 --><\/p>\n<p>En Trendencias | <a href=\"https:\/\/www.trendencias.com\/belleza\/14-tendencias-peinados-para-triunfar-2023\">24 tendencias en peinados para triunfar en el 2024<\/a><\/p>\n<p><!-- BREAK 10 --> <\/p>\n<p>ll<\/p>\n","protected":false},"excerpt":{"rendered":"<p>A pesar de que las bases con acabado glow y jugoso siempre han sido mis favoritas, en la actualidad intento usar bases oil free por recomendaci\u00f3n de mi dermat\u00f3loga, para evitar granitos y que la piel se irrite. Lo cierto, es que las bases de farmacia fue mi primera opci\u00f3n pero tenemos que ser sinceras [&hellip;]<\/p>\n","protected":false},"author":1,"featured_media":72382,"comment_status":"closed","ping_status":"closed","sticky":false,"template":"","format":"standard","meta":[],"categories":[1],"tags":[],"_links":{"self":[{"href":"http:\/\/hoycordobaweb.com\/index.php\/wp-json\/wp\/v2\/posts\/72381"}],"collection":[{"href":"http:\/\/hoycordobaweb.com\/index.php\/wp-json\/wp\/v2\/posts"}],"about":[{"href":"http:\/\/hoycordobaweb.com\/index.php\/wp-json\/wp\/v2\/types\/post"}],"author":[{"embeddable":true,"href":"http:\/\/hoycordobaweb.com\/index.php\/wp-json\/wp\/v2\/users\/1"}],"replies":[{"embeddable":true,"href":"http:\/\/hoycordobaweb.com\/index.php\/wp-json\/wp\/v2\/comments?post=72381"}],"version-history":[{"count":0,"href":"http:\/\/hoycordobaweb.com\/index.php\/wp-json\/wp\/v2\/posts\/72381\/revisions"}],"wp:featuredmedia":[{"embeddable":true,"href":"http:\/\/hoycordobaweb.com\/index.php\/wp-json\/wp\/v2\/media\/72382"}],"wp:attachment":[{"href":"http:\/\/hoycordobaweb.com\/index.php\/wp-json\/wp\/v2\/media?parent=72381"}],"wp:term":[{"taxonomy":"category","embeddable":true,"href":"http:\/\/hoycordobaweb.com\/index.php\/wp-json\/wp\/v2\/categories?post=72381"},{"taxonomy":"post_tag","embeddable":true,"href":"http:\/\/hoycordobaweb.com\/index.php\/wp-json\/wp\/v2\/tags?post=72381"}],"curies":[{"name":"wp","href":"https:\/\/api.w.org\/{rel}","templated":true}]}}