{"id":72375,"date":"2024-01-06T12:16:15","date_gmt":"2024-01-06T12:16:15","guid":{"rendered":"https:\/\/www.mujerhoy.com\/moda\/tendencias\/guia-estilo-medias-rojas-ideas-looks-20240106115331-nt.html"},"modified":"2024-01-06T12:16:15","modified_gmt":"2024-01-06T12:16:15","slug":"guia-de-estilo-de-las-medias-rojas-7-looks-con-el-accesorio-del-momento","status":"publish","type":"post","link":"http:\/\/hoycordobaweb.com\/index.php\/2024\/01\/06\/guia-de-estilo-de-las-medias-rojas-7-looks-con-el-accesorio-del-momento\/","title":{"rendered":"Gu\u00eda de estilo de las medias rojas: 7 looks con el accesorio del momento"},"content":{"rendered":"<p><!-- AUTHOR --> <\/p>\n<div class=\"voc-author-timesocial \"> <!-- AUTHOR --> <\/p>\n<div class=\"voc-author-timesocial__signature\"> <!-- IMAGE AUTHOR --> <picture class=\"voc-image-signature\"> <img class=\"voc-image-signature__img\" src=\"http:\/\/hoycordobaweb.com\/wp-content\/uploads\/2024\/01\/guia-de-estilo-de-las-medias-rojas-7-looks-con-el-accesorio-del-momento.jpg\" alt=\"Raquel Rodr\u00edguez\"> <\/picture> <!-- INFO AUTHOR --> <\/div><\/div>\n<p> <!-- COMPONENTS --> <\/p>\n<p class=\"voc-paragraph\">Si hay una tendencia que est\u00e1 triunfando esta Navidad esa es, sin duda, las de <a data-voc-vtm-id=\"in-text-traffic\" href=\"https:\/\/www.mujerhoy.com\/moda\/tendencias\/como-llevar-medias-rojas-looks-tendencia-temporada-20231109120844-nt.html\" title=\"www.mujerhoy.com\">las medias rojas<\/a>. Nada de vestidos de lentejuelas, este a\u00f1o, el look para ir a la \u00faltima lleva este accesorio que tanto estamos viendo en redes sociales. Y tal es su \u00e9xito que ya es tambi\u00e9n una parte m\u00e1s de los <strong>looks de diario <\/strong>de las que mejor visten.\n<\/p>\n<p class=\"voc-paragraph\">El problema es que se trata de una <strong>tendencia <\/strong>no tan f\u00e1cil de llevar y con la que no todas se atreven. Si est\u00e1s pensando en unirte a ella, pero no tienes del todo claro<br \/>\n<a data-voc-vtm-id=\"in-text-traffic\" href=\"https:\/\/www.mujerhoy.com\/moda\/tendencias\/como-llevar-medias-rojas-looks-tendencia-temporada-20231109120844-nt.html\" title=\"www.mujerhoy.com\"> c\u00f3mo hacerlo<\/a>, ficha <a data-voc-vtm-id=\"in-text-traffic\" href=\"https:\/\/www.mujerhoy.com\/moda\/no-te-pierdas\/mejores-vestidos-negros-stradivarius-combinan-medias-color-rojo-20231130134904-nt.html\" title=\"www.mujerhoy.com\">estos vestidos de Stradivarius<\/a> que quedan de lujo con medias rojas y estos looks que hemos encontrado en Instagram. Son <strong>ideas f\u00e1ciles de copiar <\/strong>con las que triunfar\u00e1s seguro.\n<\/p>\n<div class=\"voc-detail-photo-zoom\"> <picture data-toggle=\"modal\" data-target=\"#photoZoomModal-567\" target=\"modal\">\n<div class=\"voc-img-icon-link\"> <img loading=\"lazy\" data-original=\"\/\/static.mujerhoy.com\/www\/multimedia\/202312\/27\/media\/cortadas\/look-falda-tablas-k36C--650x900@MujerHoy.jpg\" width=\"650\" height=\"900\" class=\"lazy adsviu_analyse\" alt=\"@marvaldel\"> <noscript> <img src=\"http:\/\/hoycordobaweb.com\/wp-content\/uploads\/2024\/01\/guia-de-estilo-de-las-medias-rojas-7-looks-con-el-accesorio-del-momento.webp\" alt=\"@marvaldel\"> <\/noscript> <i class=\"voc-icons zoom voc-multimedia-box voc-ico-l\"><\/i> <\/div><figcaption class=\"figure-caption\">@marvaldel<\/figcaption><\/picture>\n<\/div>\n<div id=\"photoZoomModal-567\" class=\"voc-lightbox modal fade voc-lightbox--photo-zoom\" role=\"dialog\" data-voc-photozoom-lightbox>\n<div class=\"voc-lightbox__dialog\" role=\"document\">\n<div class=\"voc-lightbox__content\"> <!-- Modal header --> <!-- Modal content --> <\/p>\n<div class=\"voc-lightbox__photo-container\"> <picture class> <img loading=\"lazy\" data-original=\"\/\/static.mujerhoy.com\/www\/multimedia\/202312\/27\/media\/cortadas\/look-falda-tablas-k36C--650x900@MujerHoy.jpg\" alt=\"@marvaldel\" class=\"lazy\"> <noscript> <img src=\"http:\/\/hoycordobaweb.com\/wp-content\/uploads\/2024\/01\/guia-de-estilo-de-las-medias-rojas-7-looks-con-el-accesorio-del-momento.webp\" alt=\"@marvaldel\"> <\/noscript> <\/picture> <\/div><\/div><\/div>\n<\/div>\n<p><h3 class=\"voc-detail__title\"> Estilo colegiala<br \/>\n<\/h3>\n<\/p>\n<p class=\"voc-paragraph\">La opci\u00f3n m\u00e1s f\u00e1cil es combinarla con tonalidades neutras como es el caso del gris o el negro. Mar\u00eda Vald\u00e9s lo ha demostrado con otra de las prendas del momento: la falda mini de tablas. Ha sacado el estilo colegiala de las medias completando el look con merceditas a tono y un lazo en el pelo.\n<\/p>\n<div class=\"voc-detail-photo-zoom\"> <picture data-toggle=\"modal\" data-target=\"#photoZoomModal-738\" target=\"modal\">\n<div class=\"voc-img-icon-link\"> <img loading=\"lazy\" data-original=\"\/\/static.mujerhoy.com\/www\/multimedia\/202312\/27\/media\/cortadas\/total-look-rojo-k36C--650x900@MujerHoy.jpg\" width=\"650\" height=\"900\" class=\"lazy adsviu_analyse\" alt=\"@natichualcantara\"> <noscript> <img src=\"http:\/\/hoycordobaweb.com\/wp-content\/uploads\/2024\/01\/guia-de-estilo-de-las-medias-rojas-7-looks-con-el-accesorio-del-momento-1.webp\" alt=\"@natichualcantara\"> <\/noscript> <i class=\"voc-icons zoom voc-multimedia-box voc-ico-l\"><\/i> <\/div><figcaption class=\"figure-caption\">@natichualcantara<\/figcaption><\/picture>\n<\/div>\n<div id=\"photoZoomModal-738\" class=\"voc-lightbox modal fade voc-lightbox--photo-zoom\" role=\"dialog\" data-voc-photozoom-lightbox>\n<div class=\"voc-lightbox__dialog\" role=\"document\">\n<div class=\"voc-lightbox__content\"> <!-- Modal header --> <!-- Modal content --> <\/p>\n<div class=\"voc-lightbox__photo-container\"> <picture class> <img loading=\"lazy\" data-original=\"\/\/static.mujerhoy.com\/www\/multimedia\/202312\/27\/media\/cortadas\/total-look-rojo-k36C--650x900@MujerHoy.jpg\" alt=\"@natichualcantara\" class=\"lazy\"> <noscript> <img src=\"http:\/\/hoycordobaweb.com\/wp-content\/uploads\/2024\/01\/guia-de-estilo-de-las-medias-rojas-7-looks-con-el-accesorio-del-momento-1.webp\" alt=\"@natichualcantara\"> <\/noscript> <\/picture> <\/div><\/div><\/div>\n<\/div>\n<p><h3 class=\"voc-detail__title\"> Total look rojo<br \/>\n<\/h3>\n<\/p>\n<p class=\"voc-paragraph\">El look m\u00e1s sencillo para llevar este accesorio es recurrir a un look formado \u00fanicamente con prendas rojas. Busca que todas sean m\u00e1s o menos del mismo tono y triunfa como ha hecho Natividad Alc\u00e1ntara con una falda de lentejuelas y u top de escote barco.\n<\/p>\n<div class=\"voc-detail-photo-zoom\"> <picture data-toggle=\"modal\" data-target=\"#photoZoomModal-760\" target=\"modal\">\n<div class=\"voc-img-icon-link\"> <img loading=\"lazy\" data-original=\"\/\/static1.mujerhoy.com\/www\/multimedia\/202312\/27\/media\/cortadas\/look-medias-rojas-k36C--650x900@MujerHoy.jpg\" width=\"650\" height=\"900\" class=\"lazy adsviu_analyse\" alt=\"@alexsegurasanz\"> <noscript> <img src=\"http:\/\/hoycordobaweb.com\/wp-content\/uploads\/2024\/01\/guia-de-estilo-de-las-medias-rojas-7-looks-con-el-accesorio-del-momento-2.webp\" alt=\"@alexsegurasanz\"> <\/noscript> <i class=\"voc-icons zoom voc-multimedia-box voc-ico-l\"><\/i> <\/div><figcaption class=\"figure-caption\">@alexsegurasanz<\/figcaption><\/picture>\n<\/div>\n<div id=\"photoZoomModal-760\" class=\"voc-lightbox modal fade voc-lightbox--photo-zoom\" role=\"dialog\" data-voc-photozoom-lightbox>\n<div class=\"voc-lightbox__dialog\" role=\"document\">\n<div class=\"voc-lightbox__content\"> <!-- Modal header --> <!-- Modal content --> <\/p>\n<div class=\"voc-lightbox__photo-container\"> <picture class> <img loading=\"lazy\" data-original=\"\/\/static1.mujerhoy.com\/www\/multimedia\/202312\/27\/media\/cortadas\/look-medias-rojas-k36C--650x900@MujerHoy.jpg\" alt=\"@alexsegurasanz\" class=\"lazy\"> <noscript> <img src=\"http:\/\/hoycordobaweb.com\/wp-content\/uploads\/2024\/01\/guia-de-estilo-de-las-medias-rojas-7-looks-con-el-accesorio-del-momento-2.webp\" alt=\"@alexsegurasanz\"> <\/noscript> <\/picture> <\/div><\/div><\/div>\n<\/div>\n<p><h3 class=\"voc-detail__title\"> Look de diario<br \/>\n<\/h3>\n<\/p>\n<p class=\"voc-paragraph\">\u00bfNo sabes c\u00f3mo incluirlas en un look de diario? Prueba esta f\u00f3rmula. A\u00f1ade una mini falda negra y dale el toque diferente con una camisa azul como ha hecho Ale Segura, la influencer que tambi\u00e9n se ha decantado por unos zapatos rojos planos.\n<\/p>\n<div class=\"voc-detail-photo-zoom\"> <picture data-toggle=\"modal\" data-target=\"#photoZoomModal-914\" target=\"modal\">\n<div class=\"voc-img-icon-link\"> <img loading=\"lazy\" data-original=\"\/\/static1.mujerhoy.com\/www\/multimedia\/202312\/27\/media\/cortadas\/medias-con-zapatos-bla%20ncos-k36C--650x900@MujerHoy.jpg\" width=\"650\" height=\"900\" class=\"lazy adsviu_analyse\" alt=\"@anitamg\"> <noscript> <img src=\"http:\/\/hoycordobaweb.com\/wp-content\/uploads\/2024\/01\/guia-de-estilo-de-las-medias-rojas-7-looks-con-el-accesorio-del-momento-3.webp\" alt=\"@anitamg\"> <\/noscript> <i class=\"voc-icons zoom voc-multimedia-box voc-ico-l\"><\/i> <\/div><figcaption class=\"figure-caption\">@anitamg<\/figcaption><\/picture>\n<\/div>\n<div id=\"photoZoomModal-914\" class=\"voc-lightbox modal fade voc-lightbox--photo-zoom\" role=\"dialog\" data-voc-photozoom-lightbox>\n<div class=\"voc-lightbox__dialog\" role=\"document\">\n<div class=\"voc-lightbox__content\"> <!-- Modal header --> <!-- Modal content --> <\/p>\n<div class=\"voc-lightbox__photo-container\"> <picture class> <img loading=\"lazy\" data-original=\"\/\/static1.mujerhoy.com\/www\/multimedia\/202312\/27\/media\/cortadas\/medias-con-zapatos-bla%20ncos-k36C--650x900@MujerHoy.jpg\" alt=\"@anitamg\" class=\"lazy\"> <noscript> <img src=\"http:\/\/hoycordobaweb.com\/wp-content\/uploads\/2024\/01\/guia-de-estilo-de-las-medias-rojas-7-looks-con-el-accesorio-del-momento-3.webp\" alt=\"@anitamg\"> <\/noscript> <\/picture> <\/div><\/div><\/div>\n<\/div>\n<p><h3 class=\"voc-detail__title\"> Zapatos blancos<br \/>\n<\/h3>\n<\/p>\n<p class=\"voc-paragraph\">Otra propuesta diferente que hemos fichado en Instagram ha sido la de Anita Matamoros, que, a pesar de haber combinado las medias rojas con prendas negras, ha aportado el toque sofisticado al completar el look con unos zapatos de tac\u00f3n en color blanco.\n<\/p>\n<div class=\"voc-detail-photo-zoom\"> <picture data-toggle=\"modal\" data-target=\"#photoZoomModal-843\" target=\"modal\">\n<div class=\"voc-img-icon-link\"> <img loading=\"lazy\" data-original=\"\/\/static.mujerhoy.com\/www\/multimedia\/202312\/27\/media\/cortadas\/ideas-para-llevar-medias-rojas-k36C--650x900@MujerHoy.jpg\" width=\"650\" height=\"900\" class=\"lazy adsviu_analyse\" alt=\"@myblueberrynightsblog\"> <noscript> <img src=\"http:\/\/hoycordobaweb.com\/wp-content\/uploads\/2024\/01\/guia-de-estilo-de-las-medias-rojas-7-looks-con-el-accesorio-del-momento-4.webp\" alt=\"@myblueberrynightsblog\"> <\/noscript> <i class=\"voc-icons zoom voc-multimedia-box voc-ico-l\"><\/i> <\/div><figcaption class=\"figure-caption\">@myblueberrynightsblog<\/figcaption><\/picture>\n<\/div>\n<div id=\"photoZoomModal-843\" class=\"voc-lightbox modal fade voc-lightbox--photo-zoom\" role=\"dialog\" data-voc-photozoom-lightbox>\n<div class=\"voc-lightbox__dialog\" role=\"document\">\n<div class=\"voc-lightbox__content\"> <!-- Modal header --> <!-- Modal content --> <\/p>\n<div class=\"voc-lightbox__photo-container\"> <picture class> <img loading=\"lazy\" data-original=\"\/\/static.mujerhoy.com\/www\/multimedia\/202312\/27\/media\/cortadas\/ideas-para-llevar-medias-rojas-k36C--650x900@MujerHoy.jpg\" alt=\"@myblueberrynightsblog\" class=\"lazy\"> <noscript> <img src=\"http:\/\/hoycordobaweb.com\/wp-content\/uploads\/2024\/01\/guia-de-estilo-de-las-medias-rojas-7-looks-con-el-accesorio-del-momento-4.webp\" alt=\"@myblueberrynightsblog\"> <\/noscript> <\/picture> <\/div><\/div><\/div>\n<\/div>\n<p><h3 class=\"voc-detail__title\"> Con prendas negras<br \/>\n<\/h3>\n<\/p>\n<p class=\"voc-paragraph\">Si prefieres un look sencillo, que no sea demasiado llamativo y en el que las medias sean las protagonistas, recurre al negro. Nos encanta esta propuesta de Iria, que las ha lucido con una blazer y con merceditas.\n<\/p>\n<div class=\"voc-detail-photo-zoom\"> <picture data-toggle=\"modal\" data-target=\"#photoZoomModal-647\" target=\"modal\">\n<div class=\"voc-img-icon-link\"> <img loading=\"lazy\" data-original=\"\/\/static3.mujerhoy.com\/www\/multimedia\/202312\/27\/media\/cortadas\/look-mocasines-k36C--650x900@MujerHoy.jpg\" width=\"650\" height=\"900\" class=\"lazy adsviu_analyse\" alt=\"@linda.sza\"> <noscript> <img src=\"http:\/\/hoycordobaweb.com\/wp-content\/uploads\/2024\/01\/guia-de-estilo-de-las-medias-rojas-7-looks-con-el-accesorio-del-momento-5.webp\" alt=\"@linda.sza\"> <\/noscript> <i class=\"voc-icons zoom voc-multimedia-box voc-ico-l\"><\/i> <\/div><figcaption class=\"figure-caption\">@linda.sza<\/figcaption><\/picture>\n<\/div>\n<div id=\"photoZoomModal-647\" class=\"voc-lightbox modal fade voc-lightbox--photo-zoom\" role=\"dialog\" data-voc-photozoom-lightbox>\n<div class=\"voc-lightbox__dialog\" role=\"document\">\n<div class=\"voc-lightbox__content\"> <!-- Modal header --> <!-- Modal content --> <\/p>\n<div class=\"voc-lightbox__photo-container\"> <picture class> <img loading=\"lazy\" data-original=\"\/\/static3.mujerhoy.com\/www\/multimedia\/202312\/27\/media\/cortadas\/look-mocasines-k36C--650x900@MujerHoy.jpg\" alt=\"@linda.sza\" class=\"lazy\"> <noscript> <img src=\"http:\/\/hoycordobaweb.com\/wp-content\/uploads\/2024\/01\/guia-de-estilo-de-las-medias-rojas-7-looks-con-el-accesorio-del-momento-5.webp\" alt=\"@linda.sza\"> <\/noscript> <\/picture> <\/div><\/div><\/div>\n<\/div>\n<p><h3 class=\"voc-detail__title\"> Estilo chic franc\u00e9s<br \/>\n<\/h3>\n<\/p>\n<p class=\"voc-paragraph\">Otra versi\u00f3n colegiala que nos ha gustado mucho y que es f\u00e1cil de imitar es la que ha llevado Linda, quien ha sacado la veris\u00f3n parisina de las medias rojas. Y, \u00bfc\u00f3mo? A\u00f1adiendo unos mocasines negros y una boina.\n<\/p>\n<div class=\"voc-detail-photo-zoom\"> <picture data-toggle=\"modal\" data-target=\"#photoZoomModal-114\" target=\"modal\">\n<div class=\"voc-img-icon-link\"> <img loading=\"lazy\" data-original=\"\/\/static3.mujerhoy.com\/www\/multimedia\/202312\/27\/media\/medias-rojas\/look-tendencia-influencers.jpg\" width=\"650\" height=\"900\" class=\"lazy adsviu_analyse\" alt=\"@lolitamas\"> <noscript> <img src=\"http:\/\/hoycordobaweb.com\/wp-content\/uploads\/2024\/01\/guia-de-estilo-de-las-medias-rojas-7-looks-con-el-accesorio-del-momento-6.webp\" alt=\"@lolitamas\"> <\/noscript> <i class=\"voc-icons zoom voc-multimedia-box voc-ico-l\"><\/i> <\/div><figcaption class=\"figure-caption\">@lolitamas<\/figcaption><\/picture>\n<\/div>\n<div id=\"photoZoomModal-114\" class=\"voc-lightbox modal fade voc-lightbox--photo-zoom\" role=\"dialog\" data-voc-photozoom-lightbox>\n<div class=\"voc-lightbox__dialog\" role=\"document\">\n<div class=\"voc-lightbox__content\"> <!-- Modal header --> <!-- Modal content --> <\/p>\n<div class=\"voc-lightbox__photo-container\"> <picture class> <img loading=\"lazy\" data-original=\"\/\/static3.mujerhoy.com\/www\/multimedia\/202312\/27\/media\/medias-rojas\/look-tendencia-influencers.jpg\" alt=\"@lolitamas\" class=\"lazy\"> <noscript> <img src=\"http:\/\/hoycordobaweb.com\/wp-content\/uploads\/2024\/01\/guia-de-estilo-de-las-medias-rojas-7-looks-con-el-accesorio-del-momento-6.webp\" alt=\"@lolitamas\"> <\/noscript> <\/picture> <\/div><\/div><\/div>\n<\/div>\n<p><h3 class=\"voc-detail__title\"> Con diadema<br \/>\n<\/h3>\n<\/p>\n<p class=\"voc-paragraph\">Por \u00faltimo, a un look elegante con medias rojas y prendas negras puedes a\u00f1adirle otro de los complementos que arrasan esta temporada: una diadema. \u00bfTe atreves?\n<\/p>\n<p> <!-- TOPICS --> <\/p>\n","protected":false},"excerpt":{"rendered":"<p>Si hay una tendencia que est\u00e1 triunfando esta Navidad esa es, sin duda, las de las medias rojas. Nada de vestidos de lentejuelas, este a\u00f1o, el look para ir a la \u00faltima lleva este accesorio que tanto estamos viendo en redes sociales. Y tal es su \u00e9xito que ya es tambi\u00e9n una parte m\u00e1s de [&hellip;]<\/p>\n","protected":false},"author":1,"featured_media":72376,"comment_status":"closed","ping_status":"closed","sticky":false,"template":"","format":"standard","meta":[],"categories":[1],"tags":[],"_links":{"self":[{"href":"http:\/\/hoycordobaweb.com\/index.php\/wp-json\/wp\/v2\/posts\/72375"}],"collection":[{"href":"http:\/\/hoycordobaweb.com\/index.php\/wp-json\/wp\/v2\/posts"}],"about":[{"href":"http:\/\/hoycordobaweb.com\/index.php\/wp-json\/wp\/v2\/types\/post"}],"author":[{"embeddable":true,"href":"http:\/\/hoycordobaweb.com\/index.php\/wp-json\/wp\/v2\/users\/1"}],"replies":[{"embeddable":true,"href":"http:\/\/hoycordobaweb.com\/index.php\/wp-json\/wp\/v2\/comments?post=72375"}],"version-history":[{"count":0,"href":"http:\/\/hoycordobaweb.com\/index.php\/wp-json\/wp\/v2\/posts\/72375\/revisions"}],"wp:featuredmedia":[{"embeddable":true,"href":"http:\/\/hoycordobaweb.com\/index.php\/wp-json\/wp\/v2\/media\/72376"}],"wp:attachment":[{"href":"http:\/\/hoycordobaweb.com\/index.php\/wp-json\/wp\/v2\/media?parent=72375"}],"wp:term":[{"taxonomy":"category","embeddable":true,"href":"http:\/\/hoycordobaweb.com\/index.php\/wp-json\/wp\/v2\/categories?post=72375"},{"taxonomy":"post_tag","embeddable":true,"href":"http:\/\/hoycordobaweb.com\/index.php\/wp-json\/wp\/v2\/tags?post=72375"}],"curies":[{"name":"wp","href":"https:\/\/api.w.org\/{rel}","templated":true}]}}