{"id":72369,"date":"2024-01-06T11:04:58","date_gmt":"2024-01-06T11:04:58","guid":{"rendered":"https:\/\/www.ole.com.ar\/futbol-internacional\/america\/diniz-fernando-seleccion-brasil_0_DWhzfdboAn.html"},"modified":"2024-01-06T11:04:58","modified_gmt":"2024-01-06T11:04:58","slug":"seleccion-de-brasil-quien-suena-como-sustituto-de-fernando-diniz-y-que-tiene-por-delante","status":"publish","type":"post","link":"http:\/\/hoycordobaweb.com\/index.php\/2024\/01\/06\/seleccion-de-brasil-quien-suena-como-sustituto-de-fernando-diniz-y-que-tiene-por-delante\/","title":{"rendered":"Selecci\u00f3n de Brasil: qui\u00e9n suena como sustituto de Fernando Diniz y qu\u00e9 tiene por delante"},"content":{"rendered":"<p><img src=\"http:\/\/hoycordobaweb.com\/wp-content\/uploads\/2024\/01\/seleccion-de-brasil-quien-suena-como-sustituto-de-fernando-diniz-y-que-tiene-por-delante.jpg\"><\/p>\n<p><time class=\"createDate\" datetime=\"2024-01-06T08:04:58-03:00\">06\/01\/2024 08:04hs.<\/time><time class=\"modificatedDate\" datetime=\"2024-01-06T08:05:28-03:00\"> Actualizado al 06\/01\/2024 08:05hs.<\/time><\/p>\n<div id=\"storyBody\">\n<div class=\"custom-text \" readability=\"38\">\n<p>La <strong>Selecci\u00f3n de Brasil <\/strong>atraviesa uno de los momentos m\u00e1s ca\u00f3ticos de su historia: cambi\u00f3 de t\u00e9cnico dos veces en un a\u00f1o y monedas, gan\u00f3 tres de los \u00faltimos ocho partidos que disput\u00f3, perdi\u00f3 el ic\u00f3nico historial que sosten\u00eda frente a la <strong>Argentina<\/strong> y est\u00e1 sexto en la tabla de posiciones de las <strong>Eliminatorias Sudamericanas<\/strong>. En este contexto, la <strong>Confederaci\u00f3n Brasile\u00f1a de F\u00fatbol<\/strong> despidi\u00f3 a <strong>Fernando Diniz<\/strong> -que asumi\u00f3 como interino tras la salida de <strong>Tite<\/strong>&#8211; y tendr\u00eda un reemplazante en puerta.<\/p>\n<\/div>\n<div class=\"custom-text \" readability=\"37\">\n<p>Seg\u00fan medios locales, quien suena como principal candidato para sustituir al entrenador de <strong>Fluminense<\/strong> en el combinado nacional es <strong>Dorival J\u00fanior<\/strong>, el t\u00e9cnico del <strong>San Pablo<\/strong>. Siguiendo la misma l\u00ednea, la CBF tambi\u00e9n tendr\u00eda en carpeta a <strong>Filipe Lu\u00eds <\/strong>como coordinador del equipo.<\/p>\n<\/div>\n<div class=\"sc-e7b891c4-0 jPbnQF\"><img alt=\"Dorival Junior en la Copa Brasil. (REUTER)\" src=\"http:\/\/hoycordobaweb.com\/wp-content\/uploads\/2024\/01\/seleccion-de-brasil-quien-suena-como-sustituto-de-fernando-diniz-y-que-tiene-por-delante-2.jpg\" width=\"720\" height=\"100\" decoding=\"async\" data-nimg=\"future\" loading=\"lazy\"><span class=\"epigraphe\">Dorival Junior en la Copa Brasil. (REUTER)<\/span><\/div>\n<p><h2>Los n\u00fameros de Fernando Diniz en la Selecci\u00f3n de Brasil y los de Dorival J\u00fanior en San Pablo<\/h2>\n<\/p>\n<div class=\"custom-text \" readability=\"42\">\n<p><strong>Fernando Diniz<\/strong> -que asumi\u00f3 de forma interina el pasado 4 de julio- dej\u00f3 su cargo despu\u00e9s de seis partidos: dos victorias contra <strong>Bolivia <\/strong>y <strong>Per\u00fa<\/strong>, un empate ante <strong>Venezuela <\/strong>y tres derrotas frente a <strong>Uruguay<\/strong>, <strong>Colombia <\/strong>y <strong>Ar\ufeffgentina<\/strong>. En contrapartida, el nombre de Dorival J\u00fanior pisa fuerte por su trayectoria pero, sobretodo, por lo conseguido en <strong>San Pablo<\/strong>, donde <strong>gan\u00f3 la Copa Brasil y cort\u00f3 una importante sequia que ten\u00eda el club, que llevaba 11 a\u00f1os sin ganar un t\u00edtulo<\/strong>.<\/p>\n<\/div>\n<div type=\"embed\" class=\"sc-7ce6049-0 dwIKul\">\n<div class=\"sc-7ce6049-1 bdcBBS videoText\" id=\"contentTitleembedyCZq7frU\" type=\"embed\" readability=\"56\"><svg fill=\"#ffffff\"><symbol id=\"play\" viewBox=\"0 0 512 512\"><path d=\"M512 256C512 397.4 397.4 512 256 512C114.6 512 0 397.4 0 256C0 114.6 114.6 0 256 0C397.4 0 512 114.6 512 256zM176 168V344C176 352.7 180.7 360.7 188.3 364.9C195.8 369.2 205.1 369 212.5 364.5L356.5 276.5C363.6 272.1 368 264.4 368 256C368 247.6 363.6 239.9 356.5 235.5L212.5 147.5C205.1 142.1 195.8 142.8 188.3 147.1C180.7 151.3 176 159.3 176 168V168z\" \/><\/symbol><use xlink:href=\"#play\" \/><\/svg><\/p>\n<div class=\"right\" readability=\"7\">\n<p>Selecci\u00f3n Argentina<!-- --> &#8211;<!-- --> <span>6-1-2024<\/span><\/p>\n<h2 class=\"title-vid\">El resumen del hist\u00f3rico triunfo de Argentina a Brasil<\/h2>\n<\/div>\n<\/div>\n<p><span class=\"back\" id=\"spanBackembedyCZq7frU\"><\/span><\/div>\n<p><h2>\u00bfQu\u00e9 compromisos tendr\u00e1 por delante el nuevo cuerpo t\u00e9cnico de la Selecci\u00f3n de Brasil?<\/h2>\n<\/p>\n<div class=\"custom-text \" readability=\"36\">\n<p>El nuevo cuerpo t\u00e9cnico de la <strong>Selecci\u00f3n de Brasil<\/strong> tendr\u00e1 varias paradas bravas en 2024: deber\u00e1n remontar su situaci\u00f3n en las <strong>Eliminatorias Sudamericanas<\/strong> si desean conseguir un boleto a la pr\u00f3xima <strong>Copa del Mundo<\/strong> pero, tambi\u00e9n, tendr\u00e1n que pelear otra edici\u00f3n de la <strong>Copa Am\u00e9rica<\/strong>.<\/p>\n<\/div>\n<div class=\"custom-text \" readability=\"39\">\n<p>Con este panorama en puerta, <strong>el nuevo entrenador debutar\u00e1 el pr\u00f3ximo 23 de marzo<\/strong>, momento en el que <strong>Brasil <\/strong>enfrentar\u00e1 a <strong>Inglaterra <\/strong>en un amistoso que se organiz\u00f3 para generar roce antes de los compromisos oficiales. Luego, repetir\u00e1 la misma secuencia el 8 de junio ante <strong>M\u00e9xico <\/strong>en la antesala de la <strong>Copa Am\u00e9rica<\/strong>, que arrancar\u00e1 el d\u00eda 20 del mismo mes.<\/p>\n<\/div>\n<div class=\"custom-text \" readability=\"40\">\n<p>En la edici\u00f3n 2024, <strong>Brasil <\/strong>integrar\u00e1 el Grupo D con <strong>Colombia<\/strong>, <strong>Paraguay<\/strong> y <strong>Honduras<\/strong> o <strong>Puerto Rico<\/strong>, que todav\u00eda deben definir qui\u00e9n se queda con el cupo. En esta oportunidad, <strong>su primer partido ser\u00e1 el d\u00eda 24 ante el rival que resta conocer<\/strong>. Por c\u00f3mo quedaron divididos los grupos, <strong>Brasil podr\u00eda cruzarse con la Selecci\u00f3n Argentina \u00fanicamente en la final de la competencia<\/strong>.<\/p>\n<\/div>\n<div class=\"custom-text \">\n<ul>\n<li>Brasil vs Honduras o Costa Rica: 24\/06\/24<\/li>\n<\/ul>\n<\/div>\n<div class=\"custom-text \">\n<ul>\n<li>Brasil vs Paraguay: 28\/06\/24<\/li>\n<\/ul>\n<\/div>\n<div class=\"custom-text \">\n<ul>\n<li>Brasil vs Colombia: 02\/07\/24<\/li>\n<\/ul>\n<\/div>\n<div class=\"custom-text \" readability=\"39\">\n<p>Una vez concluida la <strong>Copa Am\u00e9rica<\/strong>, Brasil disputar\u00e1 otras seis fechas de las <strong>Eliminatorias Sudamericanas <\/strong>donde, hasta el momento, <strong>est\u00e1n sextos en la tabla de posiciones<\/strong> con siete puntos en su haber. Por ahora, <strong>solo ganaron dos partidos y tienen la estad\u00edstica en contra: empataron uno y perdieron tres<\/strong>.<\/p>\n<\/div>\n<div class=\"custom-text \" readability=\"39\">\n<p>En esta nueva pelea, <strong>la Verdeamarela har\u00e1 su estreno ante Ecuador el 5 de septiembre<\/strong> y cerrar\u00e1 la segunda fecha frente a <strong>Paraguay <\/strong>el d\u00eda 10 del mismo mes. Luego, har\u00e1 lo propio en octubre, donde enfrentar\u00e1 a <strong>Chile <\/strong>y a <strong>Per\u00fa<\/strong>. Para finalizar el calendario de 2024, <strong>Brasil<\/strong> se medir\u00e1 ante <strong>Venezuela <\/strong>y <strong>Uruguay<\/strong>.<\/p>\n<\/div>\n<div class=\"sc-a7166897-0 exHLBh\" readability=\"6\">\n<section readability=\"2\"><picture><img alt=\"Falleci\u00f3 el brasile\u00f1o Mario Zagallo\" src=\"http:\/\/hoycordobaweb.com\/wp-content\/uploads\/2024\/01\/seleccion-de-brasil-quien-suena-como-sustituto-de-fernando-diniz-y-que-tiene-por-delante-3.jpg\" width=\"290\" height=\"290\" decoding=\"async\" data-nimg=\"future\" loading=\"lazy\"><\/picture>\n<p><span>Mir\u00e1 tambi\u00e9n<\/span><\/p>\n<hr>\n<h3>Falleci\u00f3 el brasile\u00f1o Mario Zagallo<\/h3>\n<\/p>\n<\/section>\n<\/div>\n<div class=\"sc-a7166897-0 exHLBh\" readability=\"6.5\">\n<section readability=\"3\"><picture><img alt=\"La crisis de Brasil, todo un d\u00e9j\u00e0 vu\" src=\"http:\/\/hoycordobaweb.com\/wp-content\/uploads\/2024\/01\/seleccion-de-brasil-quien-suena-como-sustituto-de-fernando-diniz-y-que-tiene-por-delante-4.jpg\" width=\"290\" height=\"290\" decoding=\"async\" data-nimg=\"future\" loading=\"lazy\"><\/picture>\n<p><span>Mir\u00e1 tambi\u00e9n<\/span><\/p>\n<hr>\n<h3>La crisis de Brasil, todo un d\u00e9j\u00e0 vu<\/h3>\n<\/p>\n<\/section>\n<\/div>\n<div class=\"sc-a7166897-0 exHLBh\" readability=\"6\">\n<section readability=\"2\"><picture><img alt=\"Los memes por la salida de Fernando Diniz y el pedido de los hinchas por Mourinho\" src=\"http:\/\/hoycordobaweb.com\/wp-content\/uploads\/2024\/01\/seleccion-de-brasil-quien-suena-como-sustituto-de-fernando-diniz-y-que-tiene-por-delante-5.jpg\" width=\"290\" height=\"290\" decoding=\"async\" data-nimg=\"future\" loading=\"lazy\"><\/picture>\n<p><span>Mir\u00e1 tambi\u00e9n<\/span><\/p>\n<hr>\n<h3>Los memes por la salida de Fernando Diniz y el pedido de los hinchas por Mourinho<\/h3>\n<\/p>\n<\/section>\n<\/div>\n<\/div>\n","protected":false},"excerpt":{"rendered":"<p>06\/01\/2024 08:04hs. Actualizado al 06\/01\/2024 08:05hs. La Selecci\u00f3n de Brasil atraviesa uno de los momentos m\u00e1s ca\u00f3ticos de su historia: cambi\u00f3 de t\u00e9cnico dos veces en un a\u00f1o y monedas, gan\u00f3 tres de los \u00faltimos ocho partidos que disput\u00f3, perdi\u00f3 el ic\u00f3nico historial que sosten\u00eda frente a la Argentina y est\u00e1 sexto en la tabla [&hellip;]<\/p>\n","protected":false},"author":1,"featured_media":72370,"comment_status":"open","ping_status":"closed","sticky":false,"template":"","format":"standard","meta":[],"categories":[16],"tags":[],"_links":{"self":[{"href":"http:\/\/hoycordobaweb.com\/index.php\/wp-json\/wp\/v2\/posts\/72369"}],"collection":[{"href":"http:\/\/hoycordobaweb.com\/index.php\/wp-json\/wp\/v2\/posts"}],"about":[{"href":"http:\/\/hoycordobaweb.com\/index.php\/wp-json\/wp\/v2\/types\/post"}],"author":[{"embeddable":true,"href":"http:\/\/hoycordobaweb.com\/index.php\/wp-json\/wp\/v2\/users\/1"}],"replies":[{"embeddable":true,"href":"http:\/\/hoycordobaweb.com\/index.php\/wp-json\/wp\/v2\/comments?post=72369"}],"version-history":[{"count":0,"href":"http:\/\/hoycordobaweb.com\/index.php\/wp-json\/wp\/v2\/posts\/72369\/revisions"}],"wp:featuredmedia":[{"embeddable":true,"href":"http:\/\/hoycordobaweb.com\/index.php\/wp-json\/wp\/v2\/media\/72370"}],"wp:attachment":[{"href":"http:\/\/hoycordobaweb.com\/index.php\/wp-json\/wp\/v2\/media?parent=72369"}],"wp:term":[{"taxonomy":"category","embeddable":true,"href":"http:\/\/hoycordobaweb.com\/index.php\/wp-json\/wp\/v2\/categories?post=72369"},{"taxonomy":"post_tag","embeddable":true,"href":"http:\/\/hoycordobaweb.com\/index.php\/wp-json\/wp\/v2\/tags?post=72369"}],"curies":[{"name":"wp","href":"https:\/\/api.w.org\/{rel}","templated":true}]}}