{"id":72235,"date":"2024-01-03T14:17:00","date_gmt":"2024-01-03T14:17:00","guid":{"rendered":"http:\/\/hoycordobaweb.com\/index.php\/2024\/01\/03\/huracan-inicio-la-pretemporada-y-el-ciclo-de-sava-como-entrenador\/"},"modified":"2024-01-03T14:17:00","modified_gmt":"2024-01-03T14:17:00","slug":"huracan-inicio-la-pretemporada-y-el-ciclo-de-sava-como-entrenador","status":"publish","type":"post","link":"http:\/\/hoycordobaweb.com\/index.php\/2024\/01\/03\/huracan-inicio-la-pretemporada-y-el-ciclo-de-sava-como-entrenador\/","title":{"rendered":"Hurac\u00e1n inici\u00f3 la pretemporada y el ciclo de Sava como entrenador"},"content":{"rendered":"<p><img src=\"http:\/\/hoycordobaweb.com\/wp-content\/uploads\/2024\/01\/huracan-inicio-la-pretemporada-y-el-ciclo-de-sava-como-entrenador.jpg\"><\/p>\n<figure class=\"mb-3\"><img loading=\"lazy\" data-src=\"http:\/\/hoycordobaweb.com\/wp-content\/uploads\/2024\/01\/huracan-inicio-la-pretemporada-y-el-ciclo-de-sava-como-entrenador-2.jpg\" src=\"https:\/\/www.telam.com.ar\/assets\/img\/not_image.png\" class=\" lazy \" width=\"100%\" height=\"100%\" alt=\"Facundo Sava en su primer da de trabajo como DT de Huracn \"><figcaption> Facundo Sava en su primer d\u00eda de trabajo como DT de Hurac\u00e1n. <\/figcaption><\/figure>\n<p>El plantel de Hurac\u00e1n comenz\u00f3 este mi\u00e9rcoles la pretemporada con Facundo Sava como nuevo entrenador, tras la salida de Diego Mart\u00ednez, y el flamante DT se dirigi\u00f3 esta ma\u00f1ana la primera pr\u00e1ctica en el predio La Quemita.<\/p>\n<p>\u00ab<strong>Facundo Sava ya encabeza el inicio de la pretemporada en La Quemita<\/strong> \u00a1Bienvenido, Colo!\u00bb, public\u00f3 en redes sociales la cuenta oficial del club del barrio porte\u00f1o de Parque Patricios<\/p>\n<p><strong>Sava, de \u00faltimo paso por Sarmiento de Jun\u00edn, reemplaza en el cargo a Diego Mart\u00ednez<\/strong>, quien tuvo una conflictiva salida del club ante la oferta de Boca Juniors.<\/p>\n<blockquote class=\"twitter-tweet\" readability=\"5.2682926829268\">\n<p lang=\"es\" dir=\"ltr\">\ud83d\udd1b Facundo Sava ya encabeza el inicio de la pretemporada en La Quemita<\/p>\n<p>\u00a1Bienvenido, Colo! \ud83d\udc4d\ud83c\udffc<a href=\"https:\/\/twitter.com\/hashtag\/VamosGlobo?src=hash&amp;ref_src=twsrc%5Etfw\">#VamosGlobo<\/a> \ud83c\udf88<a href=\"https:\/\/twitter.com\/hashtag\/Hurac%C3%A1nYNadaM%C3%A1s?src=hash&amp;ref_src=twsrc%5Etfw\">#Hurac\u00e1nYNadaM\u00e1s<\/a> <a href=\"https:\/\/t.co\/aiHLoA0F2y\">pic.twitter.com\/aiHLoA0F2y<\/a><\/p>\n<p>\u2014 CA Hurac\u00e1n (@CAHuracan) <a href=\"https:\/\/twitter.com\/CAHuracan\/status\/1742531262118846758?ref_src=twsrc%5Etfw\">January 3, 2024<\/a><\/p><\/blockquote>\n<p>El plantel del \u00abGlobo\u00bb se entrenar\u00e1 en La Quemita hasta el pr\u00f3ximo 15 de enero y despu\u00e9s viajar\u00e1 a Uruguay para participar de un torneo amistoso en Montevideo.<\/p>\n<p>El martes 16 de enero, Hurac\u00e1n se enfrentar\u00e1 a Danubio y el jueves 18 a Liverpool, ambos de Uruguay.<\/p>\n<p><strong>El debut \u00abquemero\u00bb en la Copa de la Liga Profesional ser\u00e1 contra Banfield,<\/strong> como visitante, en el \u00faltimo fin de semana de enero. <\/p>\n","protected":false},"excerpt":{"rendered":"<p>Facundo Sava en su primer d\u00eda de trabajo como DT de Hurac\u00e1n. El plantel de Hurac\u00e1n comenz\u00f3 este mi\u00e9rcoles la pretemporada con Facundo Sava como nuevo entrenador, tras la salida de Diego Mart\u00ednez, y el flamante DT se dirigi\u00f3 esta ma\u00f1ana la primera pr\u00e1ctica en el predio La Quemita. \u00abFacundo Sava ya encabeza el inicio [&hellip;]<\/p>\n","protected":false},"author":1,"featured_media":72236,"comment_status":"open","ping_status":"closed","sticky":false,"template":"","format":"standard","meta":[],"categories":[16],"tags":[],"_links":{"self":[{"href":"http:\/\/hoycordobaweb.com\/index.php\/wp-json\/wp\/v2\/posts\/72235"}],"collection":[{"href":"http:\/\/hoycordobaweb.com\/index.php\/wp-json\/wp\/v2\/posts"}],"about":[{"href":"http:\/\/hoycordobaweb.com\/index.php\/wp-json\/wp\/v2\/types\/post"}],"author":[{"embeddable":true,"href":"http:\/\/hoycordobaweb.com\/index.php\/wp-json\/wp\/v2\/users\/1"}],"replies":[{"embeddable":true,"href":"http:\/\/hoycordobaweb.com\/index.php\/wp-json\/wp\/v2\/comments?post=72235"}],"version-history":[{"count":0,"href":"http:\/\/hoycordobaweb.com\/index.php\/wp-json\/wp\/v2\/posts\/72235\/revisions"}],"wp:featuredmedia":[{"embeddable":true,"href":"http:\/\/hoycordobaweb.com\/index.php\/wp-json\/wp\/v2\/media\/72236"}],"wp:attachment":[{"href":"http:\/\/hoycordobaweb.com\/index.php\/wp-json\/wp\/v2\/media?parent=72235"}],"wp:term":[{"taxonomy":"category","embeddable":true,"href":"http:\/\/hoycordobaweb.com\/index.php\/wp-json\/wp\/v2\/categories?post=72235"},{"taxonomy":"post_tag","embeddable":true,"href":"http:\/\/hoycordobaweb.com\/index.php\/wp-json\/wp\/v2\/tags?post=72235"}],"curies":[{"name":"wp","href":"https:\/\/api.w.org\/{rel}","templated":true}]}}