{"id":72158,"date":"2024-01-02T12:17:04","date_gmt":"2024-01-02T12:17:04","guid":{"rendered":"https:\/\/www.ole.com.ar\/fuera-de-juego\/deportivo-bangladesh-torneo-regional-amateur-seleccion-argentina-mundial-qatar_0_LuAQlMB9IL.html"},"modified":"2024-01-02T12:17:04","modified_gmt":"2024-01-02T12:17:04","slug":"la-historia-detras-de-deportivo-bangladesh-el-club-que-debuto-en-el-futbol-argentino","status":"publish","type":"post","link":"http:\/\/hoycordobaweb.com\/index.php\/2024\/01\/02\/la-historia-detras-de-deportivo-bangladesh-el-club-que-debuto-en-el-futbol-argentino\/","title":{"rendered":"La historia detr\u00e1s de Deportivo Bangladesh, el club que debut\u00f3 en el f\u00fatbol argentino"},"content":{"rendered":"<p><img src=\"http:\/\/hoycordobaweb.com\/wp-content\/uploads\/2024\/01\/la-historia-detras-de-deportivo-bangladesh-el-club-que-debuto-en-el-futbol-argentino.jpg\"><\/p>\n<p><time class=\"createDate\" datetime=\"2024-01-02T09:17:004-03:00\">02\/01\/2024 09:17hs.<\/time><time class=\"modificatedDate\" datetime=\"2024-01-02T09:17:004-03:00\"><\/time><\/p>\n<div id=\"storyBody\">\n<div class=\"custom-text \" readability=\"10\">\n<p><strong>Deportivo Bangladesh<\/strong> venci\u00f3 3 a 2 a <strong>All-Haz<\/strong> en un amistoso organizado por el <strong>Torneo Regional Amateur<\/strong>. Con un doblete de <strong>Romero <\/strong>y un gol de <strong>Mercado<\/strong>, el equipo -fundado en diciembre de 2022- debut\u00f3 con el pie derecho y se qued\u00f3 con el primer partido de su historia.<\/p>\n<\/div>\n<p><h2>\u00bfC\u00f3mo y cu\u00e1ndo surgi\u00f3 Deportivo Bangladesh?<\/h2>\n<\/p>\n<div class=\"custom-text \" readability=\"15\">\n<p><strong>Deportivo Bangladesh <\/strong>se fund\u00f3 el 1<strong>6 de diciembre de 2022<\/strong>, dos d\u00edas antes de que la <strong>Selecci\u00f3n Argentina <\/strong>venciera a <strong>Francia <\/strong>en la final del <strong>Mundial de Qatar<\/strong>. En aquella oportunidad, la idea surgi\u00f3 por iniciativa de <strong>Dylan Forciniti <\/strong>y sus amigos,<strong> <\/strong>quienes entendieron que era necesario representar, con un equipo, el cari\u00f1o entre ambas naciones.<\/p>\n<\/div>\n<div class=\"custom-text \" readability=\"12\">\n<p>\u00abSe nos ocurri\u00f3 el poder<strong><em> <\/em>integrar a una colectividad de ese pa\u00eds que no ten\u00eda representaci\u00f3n en Argentina <\/strong>como s\u00ed ya tienen varios otros pa\u00edses. Vimos esa oportunidad y adem\u00e1s tenemos un conocido que es amigo de la colectividad de Bangladesh, as\u00ed que uniendo eso con el furor que hab\u00eda all\u00e1 con la selecci\u00f3n dijimos &#8216;esto es un golazo&#8217;. El club se termin\u00f3 de fundar cuando la gente de la colectividad banglades\u00ed decidi\u00f3 sumarse y dar su aporte con los medios de all\u00e1\u00bb, explic\u00f3 en di\u00e1logo con el sitio oficial del Torneo Regional Amateur.<\/p>\n<\/div>\n<div class=\"custom-text \" readability=\"16\">\n<p>Siguiendo la misma l\u00ednea, detall\u00f3: \u00abEl club <strong>se encuentra ubicado en la localidad de San Andr\u00e9s de Giles<\/strong>, provincia de Buenos Aires. All\u00ed <strong>vamos a armar la sede<\/strong>. El dise\u00f1o del escudo fue hecho por un coleccionista de camisetas llamado Luciano, que es de San Lorenzo, provincia de Santa Fe. <strong>Los colores son obviamente los de la bandera de Bangladesh<\/strong> y, si lo mir\u00e1s bien, <strong>lleva dos tiras finitas con los colores celeste y blanco de Argentina<\/strong>\u00ab.<\/p>\n<\/div>\n<div class=\"custom-text \" readability=\"11\">\n<p>Consultado por el impacto que tuvo el equipo en el pa\u00eds asi\u00e1tico, el fundador reconoci\u00f3: \u00abHubo much\u00edsima repercusi\u00f3n en Bangladesh luego de la reuni\u00f3n con la gente de la colectividad. <strong>Gracias a la poblaci\u00f3n de all\u00ed es que se est\u00e1 armando este club porque antes era solo una broma entre amigos<\/strong> y la gente de ese pa\u00eds apoy\u00f3 tanto que nos \u00abobligaron\u00bb a formar esta instituci\u00f3n\u00bb.<\/p>\n<\/div>\n<div class=\"custom-text \" readability=\"18\">\n<p>Por \u00faltimo, relat\u00f3 en qu\u00e9 situaci\u00f3n legal se encuentra el equipo y qu\u00e9 deseos tienen a futuro. \u00ab<strong>Actualmente el Deportivo Bangladesh no tiene un predio<\/strong>. <strong>Estamos tramitando la parte jur\u00eddica<\/strong>. Por su parte, <strong>la primera tanda de los jugadores, como los auspiciantes y el t\u00e9cnico provienen de un equipo que va a sumarse a nosotros<\/strong>, que juega actualmente en la Liga Mercedina pero va a desaparecer. Entonces vamos a \u00ababsorber\u00bb a otro club. <strong>Como fundadores la idea es que en poco tiempo poder estar jugando en el Torneo Regional Federal Amateur<\/strong>. Tenemos la idea de que podamos llegar a ser, por ejemplo, un Agropecuario Argentino, no por nada tenemos los mismos colores. El destino dir\u00e1 hasta d\u00f3nde llegaremos\u00bb, cerr\u00f3 Forciniti.<\/p>\n<\/div>\n<div class=\"sc-e7b891c4-0 jPbnQF\"><img alt=\"Deportivo Bangladesh en su debut. (FOTO: Facebook Deportivo Bangladesh)\" src=\"http:\/\/hoycordobaweb.com\/wp-content\/uploads\/2024\/01\/la-historia-detras-de-deportivo-bangladesh-el-club-que-debuto-en-el-futbol-argentino-2.jpg\" width=\"720\" height=\"100\" decoding=\"async\" data-nimg=\"future\" loading=\"lazy\"><span class=\"epigraphe\">Deportivo Bangladesh en su debut. (FOTO: Facebook Deportivo Bangladesh)<\/span><\/div>\n<p><h2>El furor por la Selecci\u00f3n Argentina en Bangladesh<\/h2>\n<\/p>\n<div type=\"embed\" class=\"sc-7ce6049-0 dwIKul\">\n<div class=\"sc-7ce6049-1 bdcBBS videoText\" id=\"contentTitleembedXZuyQzQ0\" type=\"embed\" readability=\"6\"><svg fill=\"#ffffff\"><symbol id=\"play\" viewBox=\"0 0 512 512\"><path d=\"M512 256C512 397.4 397.4 512 256 512C114.6 512 0 397.4 0 256C0 114.6 114.6 0 256 0C397.4 0 512 114.6 512 256zM176 168V344C176 352.7 180.7 360.7 188.3 364.9C195.8 369.2 205.1 369 212.5 364.5L356.5 276.5C363.6 272.1 368 264.4 368 256C368 247.6 363.6 239.9 356.5 235.5L212.5 147.5C205.1 142.1 195.8 142.8 188.3 147.1C180.7 151.3 176 159.3 176 168V168z\" \/><\/symbol><use xlink:href=\"#play\" \/><\/svg><\/p>\n<div class=\"right\" readability=\"7\">\n<p>Mundial Qatar 2022<!-- --> &#8211;<!-- --> <span>2-1-2024<\/span><\/p>\n<h2 class=\"title-vid\">Podr\u00eda ser Argentina, pero es Bangladesh festejando el triunfo de la Selecci\u00f3n<\/h2>\n<\/div>\n<\/div>\n<p><span class=\"back\" id=\"spanBackembedXZuyQzQ0\"><\/span><\/div>\n<div type=\"embed\" class=\"sc-7ce6049-0 dwIKul\">\n<div class=\"sc-7ce6049-1 bdcBBS videoText\" id=\"contentTitleembedER1DU0b1\" type=\"embed\" readability=\"6\"><svg fill=\"#ffffff\"><symbol id=\"play\" viewBox=\"0 0 512 512\"><path d=\"M512 256C512 397.4 397.4 512 256 512C114.6 512 0 397.4 0 256C0 114.6 114.6 0 256 0C397.4 0 512 114.6 512 256zM176 168V344C176 352.7 180.7 360.7 188.3 364.9C195.8 369.2 205.1 369 212.5 364.5L356.5 276.5C363.6 272.1 368 264.4 368 256C368 247.6 363.6 239.9 356.5 235.5L212.5 147.5C205.1 142.1 195.8 142.8 188.3 147.1C180.7 151.3 176 159.3 176 168V168z\" \/><\/symbol><use xlink:href=\"#play\" \/><\/svg><\/p>\n<div class=\"right\" readability=\"7\">\n<p>Selecci\u00f3n Argentina<!-- --> &#8211;<!-- --> <span>2-1-2024<\/span><\/p>\n<h2 class=\"title-vid\">Los festejos tras el triunfo de Argentina en Bangladesh<\/h2>\n<\/div>\n<\/div>\n<p><span class=\"back\" id=\"spanBackembedER1DU0b1\"><\/span><\/div>\n<div type=\"embed\" class=\"sc-7ce6049-0 dwIKul\">\n<div class=\"sc-7ce6049-1 bdcBBS videoText\" id=\"contentTitleembed7ml8WZBP\" type=\"embed\" readability=\"6\"><svg fill=\"#ffffff\"><symbol id=\"play\" viewBox=\"0 0 512 512\"><path d=\"M512 256C512 397.4 397.4 512 256 512C114.6 512 0 397.4 0 256C0 114.6 114.6 0 256 0C397.4 0 512 114.6 512 256zM176 168V344C176 352.7 180.7 360.7 188.3 364.9C195.8 369.2 205.1 369 212.5 364.5L356.5 276.5C363.6 272.1 368 264.4 368 256C368 247.6 363.6 239.9 356.5 235.5L212.5 147.5C205.1 142.1 195.8 142.8 188.3 147.1C180.7 151.3 176 159.3 176 168V168z\" \/><\/symbol><use xlink:href=\"#play\" \/><\/svg><\/p>\n<div class=\"right\" readability=\"7\">\n<p>Selecci\u00f3n Argentina<!-- --> &#8211;<!-- --> <span>2-1-2024<\/span><\/p>\n<h2 class=\"title-vid\">\u00a1En plena madrugada as\u00ed se celebraron en Bangladesh!<\/h2>\n<\/div>\n<\/div>\n<p><span class=\"back\" id=\"spanBackembed7ml8WZBP\"><\/span><\/div>\n<div type=\"embed\" class=\"sc-7ce6049-0 dwIKul\">\n<div class=\"sc-7ce6049-1 bdcBBS videoText\" id=\"contentTitleembed79R86Ggl\" type=\"embed\" readability=\"6\"><svg fill=\"#ffffff\"><symbol id=\"play\" viewBox=\"0 0 512 512\"><path d=\"M512 256C512 397.4 397.4 512 256 512C114.6 512 0 397.4 0 256C0 114.6 114.6 0 256 0C397.4 0 512 114.6 512 256zM176 168V344C176 352.7 180.7 360.7 188.3 364.9C195.8 369.2 205.1 369 212.5 364.5L356.5 276.5C363.6 272.1 368 264.4 368 256C368 247.6 363.6 239.9 356.5 235.5L212.5 147.5C205.1 142.1 195.8 142.8 188.3 147.1C180.7 151.3 176 159.3 176 168V168z\" \/><\/symbol><use xlink:href=\"#play\" \/><\/svg><\/p>\n<div class=\"right\" readability=\"7\">\n<p>Selecci\u00f3n Argentina<!-- --> &#8211;<!-- --> <span>2-1-2024<\/span><\/p>\n<h2 class=\"title-vid\">Festejos por la victoria de la Selecci\u00f3n en la universidad de Daffodil, en Bangladesh<\/h2>\n<\/div>\n<\/div>\n<p><span class=\"back\" id=\"spanBackembed79R86Ggl\"><\/span><\/div>\n<div type=\"embed\" class=\"sc-7ce6049-0 dwIKul\">\n<div class=\"sc-7ce6049-1 bdcBBS videoText\" id=\"contentTitleembedkRFCV7xb\" type=\"embed\" readability=\"6\"><svg fill=\"#ffffff\"><symbol id=\"play\" viewBox=\"0 0 512 512\"><path d=\"M512 256C512 397.4 397.4 512 256 512C114.6 512 0 397.4 0 256C0 114.6 114.6 0 256 0C397.4 0 512 114.6 512 256zM176 168V344C176 352.7 180.7 360.7 188.3 364.9C195.8 369.2 205.1 369 212.5 364.5L356.5 276.5C363.6 272.1 368 264.4 368 256C368 247.6 363.6 239.9 356.5 235.5L212.5 147.5C205.1 142.1 195.8 142.8 188.3 147.1C180.7 151.3 176 159.3 176 168V168z\" \/><\/symbol><use xlink:href=\"#play\" \/><\/svg><\/p>\n<div class=\"right\" readability=\"7\">\n<p>Dami\u00e1n Emiliano Mart\u00ednez<!-- --> &#8211;<!-- --> <span>2-1-2024<\/span><\/p>\n<h2 class=\"title-vid\">Dibu Mart\u00ednez visit\u00f3 Bangladesh<\/h2>\n<\/div>\n<\/div>\n<p><span class=\"back\" id=\"spanBackembedkRFCV7xb\"><\/span><\/div>\n<div class=\"sc-a7166897-0 exHLBh\" readability=\"6\">\n<section readability=\"2\"><picture><img alt=\"Giuliano Simeone vuelve a las canchas\" src=\"http:\/\/hoycordobaweb.com\/wp-content\/uploads\/2024\/01\/la-historia-detras-de-deportivo-bangladesh-el-club-que-debuto-en-el-futbol-argentino-3.jpg\" width=\"290\" height=\"290\" decoding=\"async\" data-nimg=\"future\" loading=\"lazy\"><\/picture>\n<p><span>Mir\u00e1 tambi\u00e9n<\/span><\/p>\n<hr>\n<h3>Giuliano Simeone vuelve a las canchas<\/h3>\n<\/p>\n<\/section>\n<\/div>\n<div class=\"sc-a7166897-0 exHLBh\" readability=\"6\">\n<section readability=\"2\"><picture><img alt=\"Nestor Grindetti: &quot;Quiero que Independiente compre al Chelsea&quot;\" src=\"http:\/\/hoycordobaweb.com\/wp-content\/uploads\/2024\/01\/la-historia-detras-de-deportivo-bangladesh-el-club-que-debuto-en-el-futbol-argentino-4.jpg\" width=\"290\" height=\"290\" decoding=\"async\" data-nimg=\"future\" loading=\"lazy\"><\/picture>\n<p><span>Mir\u00e1 tambi\u00e9n<\/span><\/p>\n<hr>\n<h3>Nestor Grindetti: \u00abQuiero que Independiente compre al Chelsea\u00bb<\/h3>\n<\/p>\n<\/section>\n<\/div>\n<div class=\"sc-a7166897-0 exHLBh\" readability=\"6.5\">\n<section readability=\"3\"><picture><img alt=\"La incre\u00edble historia del Aston Villa de Dibu y la \u00e9poca en la que domin\u00f3 el f\u00fatbol ingl\u00e9s \" src=\"http:\/\/hoycordobaweb.com\/wp-content\/uploads\/2024\/01\/la-historia-detras-de-deportivo-bangladesh-el-club-que-debuto-en-el-futbol-argentino-5.jpg\" width=\"290\" height=\"290\" decoding=\"async\" data-nimg=\"future\" loading=\"lazy\"><\/picture>\n<p><span>Mir\u00e1 tambi\u00e9n<\/span><\/p>\n<hr>\n<h3>La incre\u00edble historia del Aston Villa de Dibu y la \u00e9poca en la que domin\u00f3 el f\u00fatbol ingl\u00e9s<br \/>\n<\/h3>\n<\/p>\n<\/section>\n<\/div>\n<\/div>\n","protected":false},"excerpt":{"rendered":"<p>02\/01\/2024 09:17hs. Deportivo Bangladesh venci\u00f3 3 a 2 a All-Haz en un amistoso organizado por el Torneo Regional Amateur. Con un doblete de Romero y un gol de Mercado, el equipo -fundado en diciembre de 2022- debut\u00f3 con el pie derecho y se qued\u00f3 con el primer partido de su historia. \u00bfC\u00f3mo y cu\u00e1ndo surgi\u00f3 [&hellip;]<\/p>\n","protected":false},"author":1,"featured_media":72159,"comment_status":"open","ping_status":"closed","sticky":false,"template":"","format":"standard","meta":[],"categories":[16],"tags":[],"_links":{"self":[{"href":"http:\/\/hoycordobaweb.com\/index.php\/wp-json\/wp\/v2\/posts\/72158"}],"collection":[{"href":"http:\/\/hoycordobaweb.com\/index.php\/wp-json\/wp\/v2\/posts"}],"about":[{"href":"http:\/\/hoycordobaweb.com\/index.php\/wp-json\/wp\/v2\/types\/post"}],"author":[{"embeddable":true,"href":"http:\/\/hoycordobaweb.com\/index.php\/wp-json\/wp\/v2\/users\/1"}],"replies":[{"embeddable":true,"href":"http:\/\/hoycordobaweb.com\/index.php\/wp-json\/wp\/v2\/comments?post=72158"}],"version-history":[{"count":0,"href":"http:\/\/hoycordobaweb.com\/index.php\/wp-json\/wp\/v2\/posts\/72158\/revisions"}],"wp:featuredmedia":[{"embeddable":true,"href":"http:\/\/hoycordobaweb.com\/index.php\/wp-json\/wp\/v2\/media\/72159"}],"wp:attachment":[{"href":"http:\/\/hoycordobaweb.com\/index.php\/wp-json\/wp\/v2\/media?parent=72158"}],"wp:term":[{"taxonomy":"category","embeddable":true,"href":"http:\/\/hoycordobaweb.com\/index.php\/wp-json\/wp\/v2\/categories?post=72158"},{"taxonomy":"post_tag","embeddable":true,"href":"http:\/\/hoycordobaweb.com\/index.php\/wp-json\/wp\/v2\/tags?post=72158"}],"curies":[{"name":"wp","href":"https:\/\/api.w.org\/{rel}","templated":true}]}}