{"id":72107,"date":"2023-12-31T22:06:34","date_gmt":"2023-12-31T22:06:34","guid":{"rendered":"https:\/\/www.ole.com.ar\/ecuador\/liga-pro\/barcelona-obsesion-internacional-libertadores-sudamericana_0_Ln7KdG9NSB.html"},"modified":"2023-12-31T22:06:34","modified_gmt":"2023-12-31T22:06:34","slug":"barcelona-y-un-2024-por-la-obsesion-internacional","status":"publish","type":"post","link":"http:\/\/hoycordobaweb.com\/index.php\/2023\/12\/31\/barcelona-y-un-2024-por-la-obsesion-internacional\/","title":{"rendered":"Barcelona y un 2024 por la obsesi\u00f3n internacional"},"content":{"rendered":"<p><img src=\"http:\/\/hoycordobaweb.com\/wp-content\/uploads\/2024\/01\/barcelona-y-un-2024-por-la-obsesion-internacional.jpg\"><\/p>\n<p><time class=\"createDate\" datetime=\"2023-12-31T19:06:34-03:00\">31\/12\/2023 19:06hs.<\/time><time class=\"modificatedDate\" datetime=\"2023-12-31T19:06:33-03:00\"><\/time><\/p>\n<div id=\"storyBody\">\n<div class=\"custom-text \" readability=\"27.342857142857\">\n<p>A\u00f1o cargado de emociones para un <a href=\"https:\/\/www.ole.com.ar\/tema\/barcelona.html\" title=\"Barcelona\" alt=\"Barcelona\" class=\"slug\">Barcelona<\/a> que, apoyado en <a href=\"https:\/\/www.ole.com.ar\/ecuador\/liga-pro\/respuesta-oficial-barcelona-notificacion-ministerio-deporte_0_eEGj0w3qlq.html\" target=\"_blank\" title=\"el nuevo directorio\" alt=\"el nuevo directorio\" rel=\"noopener noreferrer\">el nuevo directorio<\/a>, renov\u00f3 todas las ilusiones de cara a este 2024. El sprint final de seis cotejos sin caer (apenas un empate) disimul\u00f3 la irregular campa\u00f1a en la que <a href=\"https:\/\/www.ole.com.ar\/ecuador\/independiente-del-valle\/independiente-valle-copa-sudamericana-final-cordoba_0_aQwI9wXEB1.html\" target=\"_blank\" title=\"observ\u00f3 c\u00f3mo Independiente del Valle\" alt=\"observ\u00f3 c\u00f3mo Independiente del Valle\" rel=\"noopener noreferrer\">observ\u00f3 c\u00f3mo Independiente del Valle<\/a> y <a href=\"https:\/\/www.ole.com.ar\/ecuador\/internacional\/liga-quito-dinero-campeon-sudamericana-final-recopa-boca-fluminense_0_s1fxpu6Qw9.html\" target=\"_blank\" title=\"Liga Deportiva Universitaria sumaron etapas y t\u00edtulos internacionales\" alt=\"Liga Deportiva Universitaria sumaron etapas y t\u00edtulos internacionales\" rel=\"noopener noreferrer\">Liga Deportiva Universitaria sumaron etapas y t\u00edtulos internacionales<\/a>. Y claro, <strong>adem\u00e1s de la pr\u00f3xima LigaPro, la obsesi\u00f3n en el cuadro torero ser\u00e1 pisar fuerte en el continente.<\/strong><\/p>\n<\/div>\n<div class=\"custom-text \" readability=\"37\">\n<p>En la edici\u00f3n 2021 de la Copa Libertadores, el \u00cddolo disput\u00f3 por quinta vez en su historia una instancia de semifinal (novena si se cuentan las jugadas con el formato antiguo), pero la cuenta sigue pendiente: la estrella Conmebol se hace desear y <strong>todav\u00eda no grit\u00f3 campe\u00f3n en ninguno de los cert\u00e1menes continentales. <\/strong><\/p>\n<\/div>\n<div class=\"custom-text \" readability=\"39\">\n<p>Hasta 1988, la Gloria Eterna se disputaba de una manera muy distinta: hab\u00eda una segunda fase dividida en grupos, sin rondas de eliminaci\u00f3n directa. Con este sistema, los guayaquile\u00f1os llegaron a esa segunda ronda en 1971, 1972, 1986 y 1987. Pero siempre le fue esquiva y cay\u00f3 derrotado.<\/p>\n<\/div>\n<div class=\"custom-text \" readability=\"36\">\n<p>En 1990 y en 1998 fueron sus gestas m\u00e1s cercanas a la conquista. En la primera elimin\u00f3 a Progreso y a Emelec en el cl\u00e1sico gracias al recordado gol de Manuel Uquillas y luego celebr\u00f3 ante River por penales. Clasificaba por primera vez a la gran final, pero ah\u00ed fue derotado con Olimpia de Paraguay.<\/p>\n<\/div>\n<div class=\"sc-e7b891c4-0 jPbnQF\"><img alt=\"Asumi\u00f3 Antonio \u00c1lvarez en Barcelona (API).\" src=\"http:\/\/hoycordobaweb.com\/wp-content\/uploads\/2024\/01\/barcelona-y-un-2024-por-la-obsesion-internacional-2.jpg\" width=\"720\" height=\"100\" decoding=\"async\" data-nimg=\"future\" loading=\"lazy\"><span class=\"epigraphe\">Asumi\u00f3 Antonio \u00c1lvarez en Barcelona (API).<\/span><\/div>\n<div class=\"custom-text \" readability=\"36\">\n<p><strong>Pasaron ocho a\u00f1os hasta que Barcelona jug\u00f3 su segunda y hasta ahora \u00faltima final. <\/strong>Dej\u00f3 en el camino a<strong> <\/strong>Colo Colo y Bol\u00edvar, despu\u00e9s repiti\u00f3 clasificaci\u00f3n desde los 12 pasos ante Cerro Porte\u00f1o en semis y la gran definici\u00f3n fue contra Vasco da Gama, pero fue vencido en ambos cotejos. <\/p>\n<\/div>\n<div class=\"custom-text \" readability=\"39\">\n<p>Para colmo, no solo la Libertadores es una obsesi\u00f3n truncada, sino que tampoco le sonri\u00f3 la suerte cada vez que cay\u00f3 a la Sudamericana, como en este 2023 que lo super\u00f3 Estudiantes de La Plata en la eliminatoria de 32avos. \u00bfPodr\u00e1 cortar la racha internacional en el 2024? Solamente el tiempo lo dir\u00e1, pero la ambici\u00f3n se renueva&#8230;<\/p>\n<\/div>\n<div class=\"sc-e7b891c4-0 jPbnQF\"><img alt=\"Diego L\u00f3pez, DT de Barcelona.\" src=\"http:\/\/hoycordobaweb.com\/wp-content\/uploads\/2024\/01\/barcelona-y-un-2024-por-la-obsesion-internacional-3.jpg\" width=\"720\" height=\"100\" decoding=\"async\" data-nimg=\"future\" loading=\"lazy\"><span class=\"epigraphe\">Diego L\u00f3pez, DT de Barcelona.<\/span><\/div>\n<p><h2>Las \u00faltimas participaciones de Barcelona por Libertadores<\/h2>\n<\/p>\n<p><h3>Libertadores 2023<\/h3>\n<\/p>\n<div class=\"custom-text \" readability=\"38\">\n<p>Para la Copa que termin\u00f3 hace unas semanas con la coronaci\u00f3n de Fluminense en el Maracan\u00e1, <strong>Barcelona se clasific\u00f3 como vicecampe\u00f3n de la Serie A 2022<\/strong>. El equipo, que comenz\u00f3 siendo dirigido por Fabi\u00e1n Bustos, comparti\u00f3 zona con Palmeiras, Bol\u00edvar y Cerro Porte\u00f1o.<\/p>\n<\/div>\n<div class=\"custom-text \" readability=\"36\">\n<p>La performance de BSC fue muy mala: apenas gan\u00f3 un partido (contra Bol\u00edvar en el Monumental Banco Pichincha) y empat\u00f3 otro. Pese a eso,<strong> le alcanz\u00f3 para quedar tercero y pasar la Copa Sudamericana<\/strong>, aunque perdi\u00f3 en la primera llave ante Estudiantes de La Plata.<\/p>\n<\/div>\n<div class=\"sc-e7b891c4-0 jPbnQF\"><img alt=\"Barcelona va por la Libertadores.\" src=\"http:\/\/hoycordobaweb.com\/wp-content\/uploads\/2024\/01\/barcelona-y-un-2024-por-la-obsesion-internacional-4.jpg\" width=\"720\" height=\"100\" decoding=\"async\" data-nimg=\"future\" loading=\"lazy\"><span class=\"epigraphe\">Barcelona va por la Libertadores.<\/span><\/div>\n<p><h3>Libertadores 2022<\/h3>\n<\/p>\n<div class=\"custom-text \" readability=\"36\">\n<p>La edici\u00f3n de 2022 de la Copa Libertadores tuvo la particularidad de que fue designado el estadio de Barcelona para la final \u00fanica, en la que Flamengo dio la vuelta ol\u00edmpica en Guayaquil. Por su parte, <strong>el Idolo del Astillero se clasific\u00f3 por terminar cuarto en la Tabla Acumulada de LigaPro.<\/strong><\/p>\n<\/div>\n<div class=\"custom-text \" readability=\"37\">\n<p><strong>Los Amarillos tuvieron que comenzar en la fase previa y no llegaron a entrar a los grupos&#8230; <\/strong>En la primer ronda empataron los dos partidos contra Montevideo City Torque, pero avanzaron en los penales. En la Fase 2 no tuvieron problemas para dejar en el camino a Universitario de Per\u00fa (triunfo 2-0 y 1-0). Pero en la \u00faltima llave ante de los grupos cayeron ante Am\u00e9rica Mineiro: tras igualar 0-0 ambos cotejos, fueron eliminados por penales.<\/p>\n<\/div>\n<p><h3>Libertadores 2021<\/h3>\n<\/p>\n<div class=\"custom-text \" readability=\"39\">\n<p>La Copa de 2021 fue inolvidable para Barcelona: <strong>\u00a1llegaron hasta las semis! <\/strong>Como le gan\u00f3 la final a Liga de Quito, clasific\u00f3 directo a la fase de grupos y comparti\u00f3 zona con Boca Juniors, Santos y The Strongest. Pese a lo complicado del sorteo, BSC termin\u00f3 \u00a1primero! Solo fue derrotado por el equipo boliviano en la altura de La Paz, y gan\u00f3 en Vila Belmiro y empat\u00f3 en la Bombonera.<\/p>\n<\/div>\n<div class=\"custom-text \" readability=\"38\">\n<p>En octavos de final, le toc\u00f3 enfrentar a V\u00e9lez Sarsfield: aunque perdi\u00f3 1-0 en Argentina, dio vuelta la serie con un 3-1 en Guayaquil. En cuartos el rival fue el poderoso Fluminense: tras empatar 2-2 en R\u00edo de Janeiro e igualar 1-1 en Ecuador, el Idolo pas\u00f3 por los goles de visitante que marc\u00f3 en el m\u00edtico Maracan\u00e1. En esa Copa a\u00fan se segu\u00eda utilizando ese criterio para definir series igualadas.<\/p>\n<\/div>\n<div class=\"custom-text \" readability=\"36\">\n<p>Finalmente, la participaci\u00f3n de BSC en esa Copa termin\u00f3 en la antesala a la final: jug\u00f3 ante Flamengo en las semis y perdi\u00f3 los dos partidos (ambos 2-0) contra los cariocas, que luego caer\u00edan en la final contra Palmeiras en el Estadio Centenario de Montevideo.<\/p>\n<\/div>\n<p><h3>Libertadores 2020<\/h3>\n<\/p>\n<div class=\"custom-text \" readability=\"37\">\n<p>Para la edici\u00f3n 2020 de la Copa Libertadores, Barcelona volvi\u00f3 a clasificarse v\u00eda Tabla Acumulada de LigaPro y por eso tuvo que pasar tres rondas antes de entrar a la fase de grupos. Primero elimin\u00f3 a Progreso de Uruguay (5-1 en el global), luego a Sporting Cristal de Per\u00fa (5-2 en el global) y finalmente a Cerro Porte\u00f1o de Paraguay (5-0 en el global).<\/p>\n<\/div>\n<div class=\"custom-text \" readability=\"37\">\n<p>Sin embargo, todo lo bueno que se hab\u00eda visto de BSC en la etapa previa, se vino abajo en la zona&#8230; Comparti\u00f3 grupo con Independiente del Valle, Flamengo y Junior. El Idolo del Astillero apenas gan\u00f3 un cotejo (contra Junior en Colombia) y qued\u00f3 \u00faltimo&#8230;<\/p>\n<\/div>\n<p><h3>Libertadores 2019<\/h3>\n<\/p>\n<div class=\"custom-text \" readability=\"37\">\n<p>La seguidilla de clasificaciones consecutivas de BSC comenz\u00f3 en 2019, cuando -de nuevo- se gan\u00f3 un lugar por terminar segundo en la Tabla Acumulada de LigaPro. Sin embargo, esta vez, los Toreros tuvieron una Copa marcada por una irregularidad y apenas llegaron a jugar dos partidos.<\/p>\n<\/div>\n<div class=\"custom-text \" readability=\"37\">\n<p>Barcelona comenz\u00f3 en la Fase 2 y fue eliminado por Defensor Sporting: el elenco de Guayaquil se hab\u00eda impuesto por 2-1 en la ida en Montevideo, pero los uruguayos reclamaron la mala inclusi\u00f3n del colombiano Sebasti\u00e1n P\u00e9rez y se les dio el cotejo ganado por 3-0. En la vuelta, al Torero no le alcanz\u00f3 con el triunfo 1-0 y fue eliminado prematuramente.<\/p>\n<\/div>\n<div class=\"sc-a7166897-0 exHLBh\" readability=\"6.5\">\n<section readability=\"3\"><picture><img alt=\"Mercado de fichajes: altas, bajas y rumores para la LigaPro 2024\" src=\"http:\/\/hoycordobaweb.com\/wp-content\/uploads\/2024\/01\/barcelona-y-un-2024-por-la-obsesion-internacional-5.jpg\" width=\"290\" height=\"290\" decoding=\"async\" data-nimg=\"future\" loading=\"lazy\"><\/picture>\n<p><span>Mir\u00e1 tambi\u00e9n<\/span><\/p>\n<hr>\n<h3>Mercado de fichajes: altas, bajas y rumores para la LigaPro 2024<\/h3>\n<\/p>\n<\/section>\n<\/div>\n<div class=\"sc-a7166897-0 exHLBh\" readability=\"6\">\n<section readability=\"2\"><picture><img alt=\"Barcelona o Liga de Quito: \u00bfA qui\u00e9n dirigir\u00eda Patricio Urrutia?\" src=\"http:\/\/hoycordobaweb.com\/wp-content\/uploads\/2024\/01\/barcelona-y-un-2024-por-la-obsesion-internacional-6.jpg\" width=\"290\" height=\"290\" decoding=\"async\" data-nimg=\"future\" loading=\"lazy\"><\/picture>\n<p><span>Mir\u00e1 tambi\u00e9n<\/span><\/p>\n<hr>\n<h3>Barcelona o Liga de Quito: \u00bfA qui\u00e9n dirigir\u00eda Patricio Urrutia?<\/h3>\n<\/p>\n<\/section>\n<\/div>\n<div class=\"sc-a7166897-0 exHLBh\" readability=\"6\">\n<section readability=\"2\"><picture><img alt=\"Mat\u00edas Oyola: &quot;Barcelona fue lo mejor que me pas\u00f3...&quot;\" src=\"http:\/\/hoycordobaweb.com\/wp-content\/uploads\/2024\/01\/barcelona-y-un-2024-por-la-obsesion-internacional-7.jpg\" width=\"290\" height=\"290\" decoding=\"async\" data-nimg=\"future\" loading=\"lazy\"><\/picture>\n<p><span>Mir\u00e1 tambi\u00e9n<\/span><\/p>\n<hr>\n<h3>Mat\u00edas Oyola: \u00abBarcelona fue lo mejor que me pas\u00f3&#8230;\u00bb<\/h3>\n<\/p>\n<\/section>\n<\/div>\n<\/div>\n","protected":false},"excerpt":{"rendered":"<p>31\/12\/2023 19:06hs. A\u00f1o cargado de emociones para un Barcelona que, apoyado en el nuevo directorio, renov\u00f3 todas las ilusiones de cara a este 2024. El sprint final de seis cotejos sin caer (apenas un empate) disimul\u00f3 la irregular campa\u00f1a en la que observ\u00f3 c\u00f3mo Independiente del Valle y Liga Deportiva Universitaria sumaron etapas y t\u00edtulos [&hellip;]<\/p>\n","protected":false},"author":1,"featured_media":72108,"comment_status":"open","ping_status":"closed","sticky":false,"template":"","format":"standard","meta":[],"categories":[16],"tags":[],"_links":{"self":[{"href":"http:\/\/hoycordobaweb.com\/index.php\/wp-json\/wp\/v2\/posts\/72107"}],"collection":[{"href":"http:\/\/hoycordobaweb.com\/index.php\/wp-json\/wp\/v2\/posts"}],"about":[{"href":"http:\/\/hoycordobaweb.com\/index.php\/wp-json\/wp\/v2\/types\/post"}],"author":[{"embeddable":true,"href":"http:\/\/hoycordobaweb.com\/index.php\/wp-json\/wp\/v2\/users\/1"}],"replies":[{"embeddable":true,"href":"http:\/\/hoycordobaweb.com\/index.php\/wp-json\/wp\/v2\/comments?post=72107"}],"version-history":[{"count":0,"href":"http:\/\/hoycordobaweb.com\/index.php\/wp-json\/wp\/v2\/posts\/72107\/revisions"}],"wp:featuredmedia":[{"embeddable":true,"href":"http:\/\/hoycordobaweb.com\/index.php\/wp-json\/wp\/v2\/media\/72108"}],"wp:attachment":[{"href":"http:\/\/hoycordobaweb.com\/index.php\/wp-json\/wp\/v2\/media?parent=72107"}],"wp:term":[{"taxonomy":"category","embeddable":true,"href":"http:\/\/hoycordobaweb.com\/index.php\/wp-json\/wp\/v2\/categories?post=72107"},{"taxonomy":"post_tag","embeddable":true,"href":"http:\/\/hoycordobaweb.com\/index.php\/wp-json\/wp\/v2\/tags?post=72107"}],"curies":[{"name":"wp","href":"https:\/\/api.w.org\/{rel}","templated":true}]}}