{"id":72105,"date":"2023-12-31T22:10:51","date_gmt":"2023-12-31T22:10:51","guid":{"rendered":"https:\/\/www.ole.com.ar\/ecuador\/liga-pro\/kendry-paez-2023-independiente-valle-seleccion-ecuador-mundial-sub-20-chelsea-viaje-sudamericano-goles-ligapro_0_7sOU90L7ZS.html"},"modified":"2023-12-31T22:10:51","modified_gmt":"2023-12-31T22:10:51","slug":"la-increible-evolucion-de-kendry-paez-en-2023-del-debut-en-idv-a-romperla-en-la-tri","status":"publish","type":"post","link":"http:\/\/hoycordobaweb.com\/index.php\/2023\/12\/31\/la-increible-evolucion-de-kendry-paez-en-2023-del-debut-en-idv-a-romperla-en-la-tri\/","title":{"rendered":"La incre\u00edble evoluci\u00f3n de Kendry P\u00e1ez en 2023: del debut en IDV a romperla en La Tri"},"content":{"rendered":"<p><img src=\"http:\/\/hoycordobaweb.com\/wp-content\/uploads\/2024\/01\/la-increible-evolucion-de-kendry-paez-en-2023-del-debut-en-idv-a-romperla-en-la-tri.jpg\"><\/p>\n<p><time class=\"createDate\" datetime=\"2023-12-31T19:10:51-03:00\">31\/12\/2023 19:10hs.<\/time><time class=\"modificatedDate\" datetime=\"2023-12-31T19:10:51-03:00\"><\/time><\/p>\n<div id=\"storyBody\">\n<div class=\"custom-text \" readability=\"34.041204437401\">\n<p>\u00bfConocen la met\u00e1fora de la bola de nieve? Describe cualquier acci\u00f3n o evento a medida que evoluciona desde un lugar hacia una magnitud tan grande y dif\u00edcilmente controlable. Bueno, algo de relaci\u00f3n hay con <a href=\"https:\/\/www.ole.com.ar\/tema\/kendry-paez.html\" title=\"Kendry P\u00e1ez\" alt=\"Kendry P\u00e1ez\" class=\"slug\">Kendry P\u00e1ez<\/a>, que en 200 d\u00edas como profesional pas\u00f3 de ser una promesa en <a href=\"https:\/\/www.ole.com.ar\/tema\/independiente-del-valle.html\" title=\"Independiente del Valle\" alt=\"Independiente del Valle\" class=\"slug\">Independiente del Valle<\/a> a ser el jugador m\u00e1s joven en representar a <a href=\"https:\/\/www.ole.com.ar\/tema\/la-tri.html\" title=\"La Tri\" alt=\"La Tri\" class=\"slug\">La Tri<\/a>, siendo titular con apenas 16 a\u00f1os en <a href=\"https:\/\/www.ole.com.ar\/ecuador\/la-tri\/ecuador-vs-uruguay-hoy-vivo-eliminatorias-hora-tv-resumen-videos_0_IMMTNLu36M.html\" target=\"_blank\" rel=\"noopener noreferrer\">la pasada victoria 2-1 ante Uruguay por Eliminatorias<\/a>. En el medio de esa colina simb\u00f3lica, una larga lista de r\u00e9cords y emociones, siendo incontrolable por defensores rivales y con un futuro cada vez m\u00e1s dif\u00edcil de predecir.<\/p>\n<\/div>\n<div class=\"custom-text \" readability=\"40\">\n<p>Tambi\u00e9n ser\u00e1 dificultoso que el guayaquile\u00f1o borre de su mente el 12 de septiembre, una fecha m\u00e1s que especial por lo que fue su ansiado estreno en la Absoluta de Ecuador. Este martes la joya de IDV, que ya fue vendido al Chelsea de Inglaterra, cumpli\u00f3 uno de sus sue\u00f1os y destac\u00f3 como una de las figuras que tuvo el equipo de S\u00e1nchez Bas camino al Mundial 2026. <strong>Brind\u00f3 una asistencia, estuvo fino en la generaci\u00f3n de juego y colabor\u00f3 en la marca.<\/strong> Completo. Aqu\u00ed, un repaso de su evoluci\u00f3n hasta el gran presente. <\/p>\n<\/div>\n<div class=\"sc-e7b891c4-0 jPbnQF\"><img alt=\"Kendry, contra Uruguay, en el Paz Delgado.\" src=\"http:\/\/hoycordobaweb.com\/wp-content\/uploads\/2024\/01\/la-increible-evolucion-de-kendry-paez-en-2023-del-debut-en-idv-a-romperla-en-la-tri-2.jpg\" width=\"720\" height=\"100\" decoding=\"async\" data-nimg=\"future\" loading=\"lazy\"><span class=\"epigraphe\">Kendry, contra Uruguay, en el Paz Delgado.<\/span><\/div>\n<p><h2>Destacado en juveniles y sus inicios como profesional<\/h2>\n<\/p>\n<div class=\"custom-text \" readability=\"35\">\n<p>Su aparici\u00f3n no era reciente y los scouts europeos ya estaban pendientes de su evoluci\u00f3n en a\u00f1os anteriores. En 2022 P\u00e1ez era elegido el mejor jugador del Trofeo Next Gen, en el torneo que se jug\u00f3 en Austria.<\/p>\n<\/div>\n<div class=\"custom-text \" readability=\"30.46357615894\">\n<p>Lo reconoc\u00edan en Sangolqu\u00ed como la gran joya de la cantera y sus lujos empezaban a hacer eco en el primer equipo. Tras mucha expectativa, Mart\u00edn Anselmi, <a href=\"https:\/\/www.ole.com.ar\/ecuador\/independiente-del-valle\/kendry-paez-debut-independiente-del-valle-mushuc-runa_0_wJG4XhCssc.html\">el pasado 25 de febrero, hac\u00eda debutar como profesional a Kendry<\/a>, por la primera fecha de la pasada <a href=\"https:\/\/www.ole.com.ar\/tema\/ligapro.html\" target=\"_blank\" title=\"LigaPro\" alt=\"LigaPro\" class=\"slug\" rel=\"noopener noreferrer\">LigaPro<\/a>, con victoria 3-1 sobre Mushuc Runa.<\/p>\n<\/div>\n<div class=\"custom-text \" readability=\"39\">\n<p>Para empezar, en aquel momento un joven rapado (ten\u00eda 15 a\u00f1os y 298 d\u00edas) no esper\u00f3 ni dos partidos para convertir: en su presentaci\u00f3n en Primera en el estadio La Cocha de Latacunga festejaba su conquista por encima de la indemnidad de Jorge Pinos. Esa tarde fue de menos a m\u00e1s, con algunos destellos de su calidad y mucha garra.<strong> Pese a que no encontrar\u00eda regularidad en ese primer semestre, ser\u00eda parte del plantel que se consagr\u00f3 en la Primera Etapa, clasific\u00f3 a la Copa Libertadores 2024 y se meti\u00f3 en la final de la LigaPro.<\/strong><\/p>\n<\/div>\n<div type=\"embed\" class=\"sc-7ce6049-0 dwIKul\">\n<div class=\"sc-7ce6049-1 bdcBBS videoText\" id=\"contentTitleembedJ7EBii2b\" type=\"embed\" readability=\"56\"><svg fill=\"#ffffff\"><symbol id=\"play\" viewBox=\"0 0 512 512\"><path d=\"M512 256C512 397.4 397.4 512 256 512C114.6 512 0 397.4 0 256C0 114.6 114.6 0 256 0C397.4 0 512 114.6 512 256zM176 168V344C176 352.7 180.7 360.7 188.3 364.9C195.8 369.2 205.1 369 212.5 364.5L356.5 276.5C363.6 272.1 368 264.4 368 256C368 247.6 363.6 239.9 356.5 235.5L212.5 147.5C205.1 142.1 195.8 142.8 188.3 147.1C180.7 151.3 176 159.3 176 168V168z\" \/><\/symbol><use xlink:href=\"#play\" \/><\/svg><\/p>\n<div class=\"right\" readability=\"7\">\n<p>Independiente del Valle<!-- --> &#8211;<!-- --> <span>31-12-2023<\/span><\/p>\n<h2 class=\"title-vid\">Gol de Kendry P\u00e1ez en su debut<\/h2>\n<\/div>\n<\/div>\n<p><span class=\"back\" id=\"spanBackembedJ7EBii2b\"><\/span><\/div>\n<p><h2>R\u00e9cord, t\u00edtulos y huella a nivel internacional <\/h2>\n<\/p>\n<div class=\"custom-text \" readability=\"43\">\n<p>En IDV, le sigui\u00f3 la obtenci\u00f3n de la Recopa y la Supercopa de Ecuador para un Kendry r\u00e9cord por Copa Libertadores, al ser el tricolor m\u00e1s joven en jugar la competencia internacional. <strong>Con 15 a\u00f1os y 363 d\u00edas brill\u00f3 frente al Corinthians en Brasil, en la victoria de los Rayados por 2-1. <\/strong>Al momento, su saldo es de dos goles, dos asistencias, cuatro amarillas y m\u00e1s de mil minutos de juego disputados en 18 cotejos. Vale sumar que perdi\u00f3 la final de la Libertadores Sub 20, otra coronaci\u00f3n que se le escap\u00f3 por poco, pero en la cual dej\u00f3 grandes actuaciones.<\/p>\n<\/div>\n<div type=\"embed\" class=\"sc-7ce6049-0 dwIKul\">\n<div class=\"sc-7ce6049-1 bdcBBS videoText\" id=\"contentTitleembedFANz3vVw\" type=\"embed\" readability=\"56\"><svg fill=\"#ffffff\"><symbol id=\"play\" viewBox=\"0 0 512 512\"><path d=\"M512 256C512 397.4 397.4 512 256 512C114.6 512 0 397.4 0 256C0 114.6 114.6 0 256 0C397.4 0 512 114.6 512 256zM176 168V344C176 352.7 180.7 360.7 188.3 364.9C195.8 369.2 205.1 369 212.5 364.5L356.5 276.5C363.6 272.1 368 264.4 368 256C368 247.6 363.6 239.9 356.5 235.5L212.5 147.5C205.1 142.1 195.8 142.8 188.3 147.1C180.7 151.3 176 159.3 176 168V168z\" \/><\/symbol><use xlink:href=\"#play\" \/><\/svg><\/p>\n<div class=\"right\" readability=\"7\">\n<p>Selecci\u00f3n de Ecuador<!-- --> &#8211;<!-- --> <span>31-12-2023<\/span><\/p>\n<h2 class=\"title-vid\">Kendry P\u00e1ez marc\u00f3 el 1-0 de Ecuador<\/h2>\n<\/div>\n<\/div>\n<p><span class=\"back\" id=\"spanBackembedFANz3vVw\"><\/span><\/div>\n<div class=\"custom-text \" readability=\"34.898765432099\">\n<p>Hab\u00eda muchas dudas sobre la presencia de P\u00e1ez en el Mundial Sub 20. Miguel Bravo lo quer\u00eda, pero IDV tambi\u00e9n y con objetivos importantes. Finalmente Anselmi lo cedi\u00f3 y Kendry no defraud\u00f3: <strong>fue titular en los cuatro partidos que jug\u00f3 la selecci\u00f3n en Argentina<\/strong>. Adem\u00e1s, <a href=\"https:\/\/www.ole.com.ar\/ecuador\/la-tri\/kendry-paez-gol-joven-historia-mundial-sub-20_0_Rj2qe2lv8i.html\" target=\"_blank\" rel=\"noopener noreferrer\">marc\u00f3 un gol ante Fiji<\/a> y entr\u00f3 en la historia del torneo al ser el m\u00e1s joven en anotar con 16 a\u00f1os y 22 d\u00edas. Historia pura.<\/p>\n<\/div>\n<div class=\"sc-e7b891c4-0 jPbnQF\"><img alt=\"El festejo del campe\u00f3n (Foto: @IDV_EC).\" src=\"http:\/\/hoycordobaweb.com\/wp-content\/uploads\/2024\/01\/la-increible-evolucion-de-kendry-paez-en-2023-del-debut-en-idv-a-romperla-en-la-tri-3.jpg\" width=\"720\" height=\"100\" decoding=\"async\" data-nimg=\"future\" loading=\"lazy\"><span class=\"epigraphe\">El festejo del campe\u00f3n (Foto: @IDV_EC).<\/span><\/div>\n<p><h2>Llamado a la Absoluta y venta millonaria al Chelsea<\/h2>\n<\/p>\n<div class=\"custom-text \" readability=\"35.412523020258\">\n<p>Su crecimiento fue tan elevado que, tras asumir como DT de La Tri y disputar dos amistosos contra Australia, F\u00e9lix S\u00e1nchez Bas lo convoc\u00f3 para la gira preparativa en Estados Unidos, frente a Bolivia y Costa Rica. Sin embargo, por un problema en la visa, el nacido en Guayaquil no pudo viajar y ser parte de la Absoluta. D\u00edas antes <a href=\"https:\/\/www.ole.com.ar\/ecuador\/liga-pro\/kendry-paez-independiente-valle-venta-chelsea_0_HNa9sGDK7s.html\" target=\"_blank\" rel=\"noopener noreferrer\">hab\u00eda sido oficializada la compra del Chelsea por sus derechos deportivos<\/a> y en Londres lo esperan con los brazos abiertos, cuando pueda ser parte del elenco brit\u00e1nico al cumplir la mayor\u00eda de edad en 2025.<\/p>\n<\/div>\n<div class=\"sc-e7b891c4-0 jPbnQF\"><img alt=\"Kendry P\u00e1ez, en La Tri.\" src=\"http:\/\/hoycordobaweb.com\/wp-content\/uploads\/2024\/01\/la-increible-evolucion-de-kendry-paez-en-2023-del-debut-en-idv-a-romperla-en-la-tri-4.jpg\" width=\"720\" height=\"100\" decoding=\"async\" data-nimg=\"future\" loading=\"lazy\"><span class=\"epigraphe\">Kendry P\u00e1ez, en La Tri.<\/span><\/div>\n<div class=\"custom-text \" readability=\"40\">\n<p>Poco tuvo que esperar P\u00e1ez para volver a ser convocado con Ecuador. En el siguiente llamado, el tercero de SFB como entrenador del seleccionado, fue al banco contra Argentina en el Monumental (derrota 1-0), sin sumar minutos de juego, algo que s\u00ed logr\u00f3 desde el inicio frente a Uruguay, cumpliendo su sue\u00f1o de debutar con la Absoluta.<\/p>\n<\/div>\n<div class=\"custom-text \" readability=\"27.026086956522\">\n<p>Pero no se detendr\u00eda ah\u00ed:<a href=\"https:\/\/www.ole.com.ar\/ecuador\/la-tri\/kendry-paez-gol-ecuador-tri-absoluta-video_0_V5OJ1CuhBz.html\" target=\"_self\" title=\" al encuentro siguiente marcar\u00eda su primer gol en la victoria 2 a 1 contra Bolivia en La Paz.\" alt=\" al encuentro siguiente marcar\u00eda su primer gol en la victoria 2 a 1 contra Bolivia en La Paz.\" rel=\"noopener noreferrer\"> al encuentro siguiente marcar\u00eda su primer gol en la victoria 2 a 1 contra Bolivia en La Paz.<\/a> Un triunfo vital para La Tri para acomodarse en la tabla. Luego, ya con Kendry como pieza fija, igualar\u00edan sin goles con Colombia y Venezuela y cerrar\u00edan el a\u00f1o con un 1-0 ag\u00f3nico contra Chile en el Rodrigo Paz Delgado.<\/p>\n<\/div>\n<div type=\"embed\" class=\"sc-7ce6049-0 dwIKul\">\n<div class=\"sc-7ce6049-1 bdcBBS videoText\" id=\"contentTitleembedORQgRtb6\" type=\"embed\" readability=\"56\"><svg fill=\"#ffffff\"><symbol id=\"play\" viewBox=\"0 0 512 512\"><path d=\"M512 256C512 397.4 397.4 512 256 512C114.6 512 0 397.4 0 256C0 114.6 114.6 0 256 0C397.4 0 512 114.6 512 256zM176 168V344C176 352.7 180.7 360.7 188.3 364.9C195.8 369.2 205.1 369 212.5 364.5L356.5 276.5C363.6 272.1 368 264.4 368 256C368 247.6 363.6 239.9 356.5 235.5L212.5 147.5C205.1 142.1 195.8 142.8 188.3 147.1C180.7 151.3 176 159.3 176 168V168z\" \/><\/symbol><use xlink:href=\"#play\" \/><\/svg><\/p>\n<div class=\"right\" readability=\"7\">\n<p>Kendry P\u00e1ez<!-- --> &#8211;<!-- --> <span>31-12-2023<\/span><\/p>\n<h2 class=\"title-vid\">El gol de Kendry P\u00e1ez ante Bolivia<\/h2>\n<\/div>\n<\/div>\n<p><span class=\"back\" id=\"spanBackembedORQgRtb6\"><\/span><\/div>\n<p><h2>S\u00e1nchez Bas y su mirada sobre Kendry P\u00e1ez en di\u00e1logo con Ol\u00e9<\/h2>\n<\/p>\n<div type=\"embed\" class=\"sc-7ce6049-0 dwIKul\">\n<div class=\"sc-7ce6049-1 bdcBBS videoText\" id=\"contentTitleembedqloW4YvX\" type=\"embed\"><svg fill=\"#ffffff\"><symbol id=\"play\" viewBox=\"0 0 512 512\"><path d=\"M512 256C512 397.4 397.4 512 256 512C114.6 512 0 397.4 0 256C0 114.6 114.6 0 256 0C397.4 0 512 114.6 512 256zM176 168V344C176 352.7 180.7 360.7 188.3 364.9C195.8 369.2 205.1 369 212.5 364.5L356.5 276.5C363.6 272.1 368 264.4 368 256C368 247.6 363.6 239.9 356.5 235.5L212.5 147.5C205.1 142.1 195.8 142.8 188.3 147.1C180.7 151.3 176 159.3 176 168V168z\" \/><\/symbol><use xlink:href=\"#play\" \/><\/svg><\/p>\n<div class=\"right\">\n<p>ecuador<!-- --> &#8211;<!-- --> <span>31-12-2023<\/span><\/p>\n<h2 class=\"title-vid\">S\u00e1nchez Bas y sus elogios a Kendry P\u00e1ez<\/h2>\n<\/div>\n<\/div>\n<p><span class=\"back\" id=\"spanBackembedqloW4YvX\"><\/span><\/div>\n<p><h2><strong>Final de LigaPro y viaje a Chelsea<\/strong><\/h2>\n<\/p>\n<div class=\"custom-text \" readability=\"32.299065420561\">\n<p>Finalizando octavo y con un rendimiento irregular, Independiente del Valle qued\u00f3 lejos de su objetivo de evitar la final de LigaPro. En la definici\u00f3n lo esperaba Liga de Quito ganador de la Segunda Etapa. Tras el 0 a 0 en la ida en el Estadio Banco Guayaquil, fue <a href=\"https:\/\/www.ole.com.ar\/ecuador\/liga-pro\/video-golazo-kendry-paez-final-ligapro-liga-quito-independiente-valle_0_SdO6QekX4o.html\" target=\"_self\" title=\"Kendry P\u00e1ez el encargado de abrir las acciones en el Rodrigo Paz Delgado con un remate desde afuera del \u00e1rea\" alt=\"Kendry P\u00e1ez el encargado de abrir las acciones en el Rodrigo Paz Delgado con un remate desde afuera del \u00e1rea\" rel=\"noopener noreferrer\">Kendry P\u00e1ez el encargado de abrir las acciones en el Rodrigo Paz Delgado con un remate desde afuera del \u00e1rea<\/a> que se clac\u00f3 junto al palo de Alexander Dom\u00ednguez. Sin embargo, Renato Ibarra igual\u00f3 las acciones luego de un error de Mois\u00e9s Ram\u00edrez, el juvenil sali\u00f3 acalambrado en el complemento y, en la tanda de penales, el Albo se impuso por 3 a 0 y se qued\u00f3 con el t\u00edtulo. <strong><a href=\"https:\/\/www.ole.com.ar\/ecuador\/liga-pro\/kendry-paez-dare-mejor-campeon_0_zHOhXFbSot.html\" target=\"_self\" title=\"&quot;Voy a dar lo mejor de m\u00ed para ser campe\u00f3n el a\u00f1o que viene&quot;\" alt=\"&quot;Voy a dar lo mejor de m\u00ed para ser campe\u00f3n el a\u00f1o que viene&quot;\" rel=\"noopener noreferrer\">\u00abVoy a dar lo mejor de m\u00ed para ser campe\u00f3n el a\u00f1o que viene\u00bb<\/a><\/strong>, sostuvo Kendry despu\u00e9s del partido.<\/p>\n<\/div>\n<div type=\"embed\" class=\"sc-7ce6049-0 dwIKul\">\n<div class=\"sc-7ce6049-1 bdcBBS videoText\" id=\"contentTitleembedvfu8srNI\" type=\"embed\" readability=\"56\"><svg fill=\"#ffffff\"><symbol id=\"play\" viewBox=\"0 0 512 512\"><path d=\"M512 256C512 397.4 397.4 512 256 512C114.6 512 0 397.4 0 256C0 114.6 114.6 0 256 0C397.4 0 512 114.6 512 256zM176 168V344C176 352.7 180.7 360.7 188.3 364.9C195.8 369.2 205.1 369 212.5 364.5L356.5 276.5C363.6 272.1 368 264.4 368 256C368 247.6 363.6 239.9 356.5 235.5L212.5 147.5C205.1 142.1 195.8 142.8 188.3 147.1C180.7 151.3 176 159.3 176 168V168z\" \/><\/symbol><use xlink:href=\"#play\" \/><\/svg><\/p>\n<div class=\"right\" readability=\"7\">\n<p>Kendry P\u00e1ez<!-- --> &#8211;<!-- --> <span>31-12-2023<\/span><\/p>\n<h2 class=\"title-vid\">El golazo de Kendry P\u00e1ez <\/h2>\n<\/div>\n<\/div>\n<p><span class=\"back\" id=\"spanBackembedvfu8srNI\"><\/span><\/div>\n<div class=\"custom-text \" readability=\"24.731092436975\">\n<p>Pero la actividad de la joyita de IDV no termin\u00f3 ah\u00ed: finalizadas las competencias con el Matagigantes, <a href=\"https:\/\/www.ole.com.ar\/ecuador\/internacional\/video-kendry-paez-presente-chelsea-newcastle-stamford-bridge_0_J25eaof8Yv.html\" target=\"_self\" title=\"viaj\u00f3 a Inglaterra para sumarse a Chelsea y comenzar el proceso de adaptaci\u00f3n\" alt=\"viaj\u00f3 a Inglaterra para sumarse a Chelsea y comenzar el proceso de adaptaci\u00f3n\" rel=\"noopener noreferrer\">viaj\u00f3 a Inglaterra para sumarse a Chelsea y comenzar el proceso de adaptaci\u00f3n<\/a>. Estuvo presente en Stamford Bridge en la clasificaci\u00f3n de los Blues a las semifinales de la Carabao Cup y luego <a href=\"https:\/\/www.ole.com.ar\/ecuador\/internacional\/moises-caicedo-kendry-paez-juntos-foto-entrenamiento-chelsea-ecuador_0_eLMkCBzFhv.html\" target=\"_self\" title=\"asisti\u00f3 a los entrenamientos bajo las \u00f3rdenes de Mauricio Pochettino\" alt=\"asisti\u00f3 a los entrenamientos bajo las \u00f3rdenes de Mauricio Pochettino\" rel=\"noopener noreferrer\">asisti\u00f3 a los entrenamientos bajo las \u00f3rdenes de Mauricio Pochettino<\/a> y el sabad\u00f3 viaj\u00f3 de regreso a casa para pasar las fiestas. \u00bfQu\u00e9 le deparar\u00e1 el 2024 a Kendry P\u00e1ez?<\/p>\n<\/div>\n<div type=\"embed\" class=\"sc-7ce6049-0 dwIKul\">\n<div class=\"sc-7ce6049-1 bdcBBS videoText\" id=\"contentTitleembedV3f7p2AE\" type=\"embed\" readability=\"56\"><svg fill=\"#ffffff\"><symbol id=\"play\" viewBox=\"0 0 512 512\"><path d=\"M512 256C512 397.4 397.4 512 256 512C114.6 512 0 397.4 0 256C0 114.6 114.6 0 256 0C397.4 0 512 114.6 512 256zM176 168V344C176 352.7 180.7 360.7 188.3 364.9C195.8 369.2 205.1 369 212.5 364.5L356.5 276.5C363.6 272.1 368 264.4 368 256C368 247.6 363.6 239.9 356.5 235.5L212.5 147.5C205.1 142.1 195.8 142.8 188.3 147.1C180.7 151.3 176 159.3 176 168V168z\" \/><\/symbol><use xlink:href=\"#play\" \/><\/svg><\/p>\n<div class=\"right\" readability=\"7\">\n<p>Kendry P\u00e1ez<!-- --> &#8211;<!-- --> <span>31-12-2023<\/span><\/p>\n<h2 class=\"title-vid\">Kendry P\u00e1ez en Stamford Bridge<\/h2>\n<\/div>\n<\/div>\n<p><span class=\"back\" id=\"spanBackembedV3f7p2AE\"><\/span><\/div>\n<div class=\"sc-e7b891c4-0 jPbnQF\"><img alt=\"Kendry P\u00e1ez y Mois\u00e9s Caicedo, juntos en el entrenamiento del Chelsea.\" src=\"http:\/\/hoycordobaweb.com\/wp-content\/uploads\/2024\/01\/la-increible-evolucion-de-kendry-paez-en-2023-del-debut-en-idv-a-romperla-en-la-tri-5.jpg\" width=\"720\" height=\"100\" decoding=\"async\" data-nimg=\"future\" loading=\"lazy\"><span class=\"epigraphe\">Kendry P\u00e1ez y Mois\u00e9s Caicedo, juntos en el entrenamiento del Chelsea.<\/span><\/div>\n<div class=\"sc-a7166897-0 exHLBh\" readability=\"6.5\">\n<section readability=\"3\"><picture><img alt=\"Independiente del Valle en 2023: comienzo arrollador, final amargo\" src=\"http:\/\/hoycordobaweb.com\/wp-content\/uploads\/2024\/01\/la-increible-evolucion-de-kendry-paez-en-2023-del-debut-en-idv-a-romperla-en-la-tri-6.jpg\" width=\"290\" height=\"290\" decoding=\"async\" data-nimg=\"future\" loading=\"lazy\"><\/picture>\n<p><span>Mir\u00e1 tambi\u00e9n<\/span><\/p>\n<hr>\n<h3>Independiente del Valle en 2023: comienzo arrollador, final amargo<\/h3>\n<\/p>\n<\/section>\n<\/div>\n<div class=\"sc-a7166897-0 exHLBh\" readability=\"6\">\n<section readability=\"2\"><picture><img alt=\"Video: todos los goles de La Tri en 2023\" src=\"http:\/\/hoycordobaweb.com\/wp-content\/uploads\/2024\/01\/la-increible-evolucion-de-kendry-paez-en-2023-del-debut-en-idv-a-romperla-en-la-tri-7.jpg\" width=\"290\" height=\"290\" decoding=\"async\" data-nimg=\"future\" loading=\"lazy\"><\/picture>\n<p><span>Mir\u00e1 tambi\u00e9n<\/span><\/p>\n<hr>\n<h3>Video: todos los goles de La Tri en 2023<\/h3>\n<\/p>\n<\/section>\n<\/div>\n<div class=\"sc-a7166897-0 exHLBh\" readability=\"6\">\n<section readability=\"2\"><picture><img alt=\"\u00bfSe olvidaron de Kendry P\u00e1ez? El ranking de los mejores juveniles del mundo\" src=\"http:\/\/hoycordobaweb.com\/wp-content\/uploads\/2024\/01\/la-increible-evolucion-de-kendry-paez-en-2023-del-debut-en-idv-a-romperla-en-la-tri-8.jpg\" width=\"290\" height=\"290\" decoding=\"async\" data-nimg=\"future\" loading=\"lazy\"><\/picture>\n<p><span>Mir\u00e1 tambi\u00e9n<\/span><\/p>\n<hr>\n<h3>\u00bfSe olvidaron de Kendry P\u00e1ez? El ranking de los mejores juveniles del mundo<\/h3>\n<\/p>\n<\/section>\n<\/div>\n<\/div>\n","protected":false},"excerpt":{"rendered":"<p>31\/12\/2023 19:10hs. \u00bfConocen la met\u00e1fora de la bola de nieve? Describe cualquier acci\u00f3n o evento a medida que evoluciona desde un lugar hacia una magnitud tan grande y dif\u00edcilmente controlable. Bueno, algo de relaci\u00f3n hay con Kendry P\u00e1ez, que en 200 d\u00edas como profesional pas\u00f3 de ser una promesa en Independiente del Valle a ser [&hellip;]<\/p>\n","protected":false},"author":1,"featured_media":72106,"comment_status":"open","ping_status":"closed","sticky":false,"template":"","format":"standard","meta":[],"categories":[16],"tags":[],"_links":{"self":[{"href":"http:\/\/hoycordobaweb.com\/index.php\/wp-json\/wp\/v2\/posts\/72105"}],"collection":[{"href":"http:\/\/hoycordobaweb.com\/index.php\/wp-json\/wp\/v2\/posts"}],"about":[{"href":"http:\/\/hoycordobaweb.com\/index.php\/wp-json\/wp\/v2\/types\/post"}],"author":[{"embeddable":true,"href":"http:\/\/hoycordobaweb.com\/index.php\/wp-json\/wp\/v2\/users\/1"}],"replies":[{"embeddable":true,"href":"http:\/\/hoycordobaweb.com\/index.php\/wp-json\/wp\/v2\/comments?post=72105"}],"version-history":[{"count":0,"href":"http:\/\/hoycordobaweb.com\/index.php\/wp-json\/wp\/v2\/posts\/72105\/revisions"}],"wp:featuredmedia":[{"embeddable":true,"href":"http:\/\/hoycordobaweb.com\/index.php\/wp-json\/wp\/v2\/media\/72106"}],"wp:attachment":[{"href":"http:\/\/hoycordobaweb.com\/index.php\/wp-json\/wp\/v2\/media?parent=72105"}],"wp:term":[{"taxonomy":"category","embeddable":true,"href":"http:\/\/hoycordobaweb.com\/index.php\/wp-json\/wp\/v2\/categories?post=72105"},{"taxonomy":"post_tag","embeddable":true,"href":"http:\/\/hoycordobaweb.com\/index.php\/wp-json\/wp\/v2\/tags?post=72105"}],"curies":[{"name":"wp","href":"https:\/\/api.w.org\/{rel}","templated":true}]}}