{"id":72052,"date":"2023-12-31T12:01:30","date_gmt":"2023-12-31T12:01:30","guid":{"rendered":"https:\/\/www.ole.com.ar\/tenis\/volvio-rafael-nadal-perdio-dobles-brisbane-marc-lopez_0_inGErKN59N.html"},"modified":"2023-12-31T12:01:30","modified_gmt":"2023-12-31T12:01:30","slug":"volvio-rafael-nadal-perdio-en-cancha-pero-gano-el-tenis","status":"publish","type":"post","link":"http:\/\/hoycordobaweb.com\/index.php\/2023\/12\/31\/volvio-rafael-nadal-perdio-en-cancha-pero-gano-el-tenis\/","title":{"rendered":"Volvi\u00f3 Rafael Nadal: perdi\u00f3 en cancha, pero gan\u00f3 el tenis"},"content":{"rendered":"<p><img src=\"http:\/\/hoycordobaweb.com\/wp-content\/uploads\/2023\/12\/volvio-rafael-nadal-perdio-en-cancha-pero-gano-el-tenis.jpg\"><\/p>\n<div><img src=\"http:\/\/hoycordobaweb.com\/wp-content\/uploads\/2023\/12\/volvio-rafael-nadal-perdio-en-cancha-pero-gano-el-tenis.jpg\" class=\"ff-og-image-inserted\"><\/div>\n<p><time class=\"createDate\" datetime=\"2023-12-31T09:01:30-03:00\">31\/12\/2023 09:01hs.<\/time><time class=\"modificatedDate\" datetime=\"2023-12-31T09:01:30-03:00\"><\/time><\/p>\n<div id=\"storyBody\">\n<div class=\"custom-text \" readability=\"38.935698447894\">\n<p>Tuvimos que esperar 347 largos d\u00edas, pero este domingo, el \u00faltimo d\u00eda del 2023, el mundo del tenis volvi\u00f3 sonre\u00edr. Como evitar la emoci\u00f3n y la inevitable sonrisa,<strong> si \u00e9l mismo mantuvo el gesto de felicidad a lo largo de los dos sets que dur\u00f3 el partido<\/strong> e incluso se pronunci\u00f3 a\u00fan m\u00e1s ya consumada la derrota. Es un hecho, <strong><a href=\"https:\/\/www.ole.com.ar\/tema\/rafael-nadal.html\" title=\"Rafael Nadal\" alt=\"Rafael Nadal\" class=\"slug\">Rafael Nadal<\/a><\/strong> <strong>volvi\u00f3 a las canchas luego de casi un a\u00f1o ausente por lesi\u00f3n<\/strong> y eso ya es motivo de sobra para festejar. <\/p>\n<\/div>\n<div class=\"custom-text \" readability=\"40\">\n<p>El regreso oficial fue en dobles, acompa\u00f1ado por su amigo, ex compa\u00f1ero y actual entrenador, <strong>Marc L\u00f3pez<\/strong>, quien a sus 41 a\u00f1os no dud\u00f3 en salir a la cancha junto al mallorqu\u00edn. Rafa hab\u00eda recibido una invitaci\u00f3n de la organizaci\u00f3n del<strong> ATP de Brisbane<\/strong> para disputar el torneo de dobles a la par de su regreso en singles. Y el esperado debut fue ante los australianos <strong>Max Purcell y Jordan Thompson<\/strong>, una pareja consolidada en la modalidad.<\/p>\n<\/div>\n<div class=\"custom-text \" readability=\"40\">\n<p><strong>Nadal y L\u00f3pez, campeones ol\u00edmpicos en R\u00edo 2016, cayeron en primera ronda por un doble 6-4.<\/strong> Pero el resultado en este caso fue anecd\u00f3tico, porque al espa\u00f1ol le sirvi\u00f3 para analizar sus sensaciones en su primer partido oficial luego de lo que fue su derrota en el Abierto de Australia, en la segunda ronda de la edici\u00f3n del 2023, ante el estadounidense Mackenzie McDonald en tres sets. <\/p>\n<\/div>\n<div class=\"custom-text \" readability=\"40\">\n<p><strong>Ese d\u00eda, Rafa termin\u00f3 con una lesi\u00f3n en el psoas il\u00edaco de su pierna izquierda<\/strong>, que signific\u00f3 el inicio de una pesadilla, en la que incluso se vio obligado a pasar por el quir\u00f3fano. Durante estos 347 d\u00edas<strong> hubo incertidumbre, esperas eternas, especulaciones y sospechas de retiro. <\/strong>Pero todo eso ya parece haber quedado atr\u00e1s definitivamente.<\/p>\n<\/div>\n<div class=\"custom-text \" readability=\"35.318181818182\">\n<p>Su regreso anticipado sirvi\u00f3 tambi\u00e9n para reencontrase con el cari\u00f1o del p\u00fablico, <strong>tal vez sin la presi\u00f3n que podr\u00eda llegar a sentir ante <a href=\"https:\/\/www.ole.com.ar\/tema\/dominic-thiem.html\" title=\"Dominic Thiem\" alt=\"Dominic Thiem\" class=\"slug\">Dominic Thiem<\/a> el pr\u00f3ximo martes, en su regreso oficial en singles. \u00ab<\/strong>El martes estar\u00e9 tenso. Hoy no. Te juro que no lo estoy\u00bb, anticip\u00f3 Rafa. <\/p>\n<\/div>\n<p><h2><strong>Roland Garros festej\u00f3 la vuelta de su m\u00e1ximo campe\u00f3n<\/strong><\/h2>\n<\/p>\n<div class=\"custom-text \" readability=\"35\">\n<p><strong>Roland Garros celebr\u00f3 el regreso de Rafael Nadal a la competencia <\/strong>en el ATP de Brisbane con un mensaje en su cuenta de X (ex Twitter), donde destac\u00f3 que el mallorqu\u00edn volv\u00eda este domingo al circuito en dobles y el martes 2 de enero lo har\u00e1 en singles ante el austriaco Dominic Thiem.<\/p>\n<\/div>\n<div class=\"custom-text \" readability=\"37\">\n<p>Todo eso, acompa\u00f1ado de una escena de c\u00f3mic en la que Rafa aparece conservado en un tubo con l\u00edquido, conectado con una serie de cables. En la segunda imagen, ya se puede ver la cara de Nadal y una vi\u00f1eta de di\u00e1logo que dice \u00ab<strong>Es hora de volver\u00bb. <\/strong><\/p>\n<\/div>\n<div class=\"custom-text \" readability=\"35\">\n<p>Tras casi un a\u00f1o de ausencia, el retorno de Rafael Nadal permite abrir una ventana de oportunidades a su participaci\u00f3n en los torneos de los pr\u00f3ximos meses. <strong>Roland Garros se celebrar\u00e1 del 20 de mayo al 9 de junio.<\/strong><\/p>\n<\/div>\n<\/div>\n","protected":false},"excerpt":{"rendered":"<p>31\/12\/2023 09:01hs. Tuvimos que esperar 347 largos d\u00edas, pero este domingo, el \u00faltimo d\u00eda del 2023, el mundo del tenis volvi\u00f3 sonre\u00edr. Como evitar la emoci\u00f3n y la inevitable sonrisa, si \u00e9l mismo mantuvo el gesto de felicidad a lo largo de los dos sets que dur\u00f3 el partido e incluso se pronunci\u00f3 a\u00fan m\u00e1s [&hellip;]<\/p>\n","protected":false},"author":1,"featured_media":72053,"comment_status":"open","ping_status":"closed","sticky":false,"template":"","format":"standard","meta":[],"categories":[16],"tags":[],"_links":{"self":[{"href":"http:\/\/hoycordobaweb.com\/index.php\/wp-json\/wp\/v2\/posts\/72052"}],"collection":[{"href":"http:\/\/hoycordobaweb.com\/index.php\/wp-json\/wp\/v2\/posts"}],"about":[{"href":"http:\/\/hoycordobaweb.com\/index.php\/wp-json\/wp\/v2\/types\/post"}],"author":[{"embeddable":true,"href":"http:\/\/hoycordobaweb.com\/index.php\/wp-json\/wp\/v2\/users\/1"}],"replies":[{"embeddable":true,"href":"http:\/\/hoycordobaweb.com\/index.php\/wp-json\/wp\/v2\/comments?post=72052"}],"version-history":[{"count":0,"href":"http:\/\/hoycordobaweb.com\/index.php\/wp-json\/wp\/v2\/posts\/72052\/revisions"}],"wp:featuredmedia":[{"embeddable":true,"href":"http:\/\/hoycordobaweb.com\/index.php\/wp-json\/wp\/v2\/media\/72053"}],"wp:attachment":[{"href":"http:\/\/hoycordobaweb.com\/index.php\/wp-json\/wp\/v2\/media?parent=72052"}],"wp:term":[{"taxonomy":"category","embeddable":true,"href":"http:\/\/hoycordobaweb.com\/index.php\/wp-json\/wp\/v2\/categories?post=72052"},{"taxonomy":"post_tag","embeddable":true,"href":"http:\/\/hoycordobaweb.com\/index.php\/wp-json\/wp\/v2\/tags?post=72052"}],"curies":[{"name":"wp","href":"https:\/\/api.w.org\/{rel}","templated":true}]}}