{"id":72046,"date":"2023-12-30T22:03:00","date_gmt":"2023-12-30T22:03:00","guid":{"rendered":"http:\/\/hoycordobaweb.com\/index.php\/2023\/12\/30\/ue-acepta-incorporacion-gradual-de-rumania-y-bulgaria-en-el-espacio-schengen\/"},"modified":"2023-12-30T22:03:00","modified_gmt":"2023-12-30T22:03:00","slug":"ue-acepta-incorporacion-gradual-de-rumania-y-bulgaria-en-el-espacio-schengen","status":"publish","type":"post","link":"http:\/\/hoycordobaweb.com\/index.php\/2023\/12\/30\/ue-acepta-incorporacion-gradual-de-rumania-y-bulgaria-en-el-espacio-schengen\/","title":{"rendered":"UE acepta incorporaci\u00f3n gradual de Rumania y Bulgaria en el espacio Schengen"},"content":{"rendered":"<p><img src=\"http:\/\/hoycordobaweb.com\/wp-content\/uploads\/2023\/12\/ue-acepta-incorporacion-gradual-de-rumania-y-bulgaria-en-el-espacio-schengen.jpg\"><\/p>\n<figure class=\"mb-3\"><img loading=\"lazy\" data-src=\"http:\/\/hoycordobaweb.com\/wp-content\/uploads\/2023\/12\/ue-acepta-incorporacion-gradual-de-rumania-y-bulgaria-en-el-espacio-schengen-2.jpg\" src=\"https:\/\/www.telam.com.ar\/assets\/img\/not_image.png\" class=\" lazy \" width=\"100%\" height=\"100%\" alt=\"Foto archivo\"><figcaption> Foto: archivo. <\/figcaption><\/figure>\n<p>Los pa\u00edses de la Uni\u00f3n Europea (UE) aceptaron por unanimidad la incorporaci\u00f3n gradual de Rumania y Bulgaria en el espacio Schengen, de libre circulaci\u00f3n de personas dentro del bloque, a partir de marzo de 2024, despu\u00e9s de que Austria levantara su veto.<\/p>\n<p><strong>\u00ab\u00a1Schengen crece! El Consejo de la UE ha decidido ampliar la zona Schengen a Bulgaria y Ruman\u00eda. Los controles internos fronterizos a\u00e9reos y mar\u00edtimos se levantar\u00e1n en marzo de 2024, mientras que la decisi\u00f3n sobre el fin de los controles terrestres se tomar\u00e1 m\u00e1s adelante\u00bb, resalt\u00f3<\/strong> la Presidencia espa\u00f1ola de turno del Consejo Europeo, que termina a fin de a\u00f1o.<\/p>\n<p>Austria, Bulgaria y Rumania se comprometieron a tratar a lo largo de 2024 que se fije una fecha para que se levanten los controles terrestres, se\u00f1alaron fuentes del Ministerio del Interior espa\u00f1ol a la agencia de noticias Europa Press.<\/p>\n<p>La presidenta de la Comisi\u00f3n Europea, Ursula von der Leyen, destac\u00f3 que se trata de \u00abun d\u00eda de gran orgullo para Bulgaria y Rumania\u00bb.<\/p>\n<p><strong>\u00abEs un gran paso adelante para ellos y para la zona Schengen. Trabajaron duro para ello. Los dos lo merecen. Van a hacer a\u00fan m\u00e1s fuerte a la zona Schengen\u00bb<\/strong>, apunt\u00f3.<\/p>\n<p>La decisi\u00f3n sobre estos dos pa\u00edses, que ingresaron a la UE en 2007, fue validada por procedimiento escrito comunicado a las 27 capitales comunitarias.<\/p>\n<p>En diciembre de 2022, \u00faltima vez en que se intent\u00f3 un acuerdo de todos los miembros de la UE sobre este asunto, el veto de Austria y Pa\u00edses Bajos frustr\u00f3 la entrada de Bulgaria y Rumania en el espacio Schengen, algo que la Comisi\u00f3n Europea reclama desde hace una d\u00e9cada porque defiende que cumplen todos los criterios previstos para la adhesi\u00f3n. <\/p>\n","protected":false},"excerpt":{"rendered":"<p>Foto: archivo. Los pa\u00edses de la Uni\u00f3n Europea (UE) aceptaron por unanimidad la incorporaci\u00f3n gradual de Rumania y Bulgaria en el espacio Schengen, de libre circulaci\u00f3n de personas dentro del bloque, a partir de marzo de 2024, despu\u00e9s de que Austria levantara su veto. \u00ab\u00a1Schengen crece! El Consejo de la UE ha decidido ampliar la [&hellip;]<\/p>\n","protected":false},"author":1,"featured_media":72047,"comment_status":"open","ping_status":"closed","sticky":false,"template":"","format":"standard","meta":[],"categories":[24],"tags":[],"_links":{"self":[{"href":"http:\/\/hoycordobaweb.com\/index.php\/wp-json\/wp\/v2\/posts\/72046"}],"collection":[{"href":"http:\/\/hoycordobaweb.com\/index.php\/wp-json\/wp\/v2\/posts"}],"about":[{"href":"http:\/\/hoycordobaweb.com\/index.php\/wp-json\/wp\/v2\/types\/post"}],"author":[{"embeddable":true,"href":"http:\/\/hoycordobaweb.com\/index.php\/wp-json\/wp\/v2\/users\/1"}],"replies":[{"embeddable":true,"href":"http:\/\/hoycordobaweb.com\/index.php\/wp-json\/wp\/v2\/comments?post=72046"}],"version-history":[{"count":0,"href":"http:\/\/hoycordobaweb.com\/index.php\/wp-json\/wp\/v2\/posts\/72046\/revisions"}],"wp:featuredmedia":[{"embeddable":true,"href":"http:\/\/hoycordobaweb.com\/index.php\/wp-json\/wp\/v2\/media\/72047"}],"wp:attachment":[{"href":"http:\/\/hoycordobaweb.com\/index.php\/wp-json\/wp\/v2\/media?parent=72046"}],"wp:term":[{"taxonomy":"category","embeddable":true,"href":"http:\/\/hoycordobaweb.com\/index.php\/wp-json\/wp\/v2\/categories?post=72046"},{"taxonomy":"post_tag","embeddable":true,"href":"http:\/\/hoycordobaweb.com\/index.php\/wp-json\/wp\/v2\/tags?post=72046"}],"curies":[{"name":"wp","href":"https:\/\/api.w.org\/{rel}","templated":true}]}}