{"id":72025,"date":"2023-12-30T12:18:34","date_gmt":"2023-12-30T12:18:34","guid":{"rendered":"https:\/\/www.trendencias.com\/belleza\/mercadona-tiene-nuevo-color-esmalte-super-elegante-ser-rojo-nude-que-amaran-chicas-estilosas"},"modified":"2023-12-30T12:18:34","modified_gmt":"2023-12-30T12:18:34","slug":"mercadona-tiene-un-nuevo-color-de-esmalte-super-elegante-sin-ser-rojo-ni-un-nude-que-amaran-las-chicas-estilosas","status":"publish","type":"post","link":"http:\/\/hoycordobaweb.com\/index.php\/2023\/12\/30\/mercadona-tiene-un-nuevo-color-de-esmalte-super-elegante-sin-ser-rojo-ni-un-nude-que-amaran-las-chicas-estilosas\/","title":{"rendered":"Mercadona tiene un nuevo color de esmalte s\u00faper elegante sin ser rojo ni un nude que amar\u00e1n las chicas estilosas"},"content":{"rendered":"<p><strong>Mercadona<\/strong> siempre est\u00e1 muy atenta a las tendencias del momento, por eso no es nada raro encontrar en su secci\u00f3n de perfumer\u00eda <a href=\"https:\/\/www.trendencias.com\/belleza\/nuevos-lapices-ojos-mercadona-cremosos-aguantan-que-les-echen\">productos de maquillaje de todo tipo<\/a>. Pero si nos centramos <strong>en el tema u\u00f1as<\/strong>, tampoco se queda atr\u00e1s. Entre sus novedades hemos encontrado un nuevo color de esmalte de u\u00f1as, de esos que embellecen las manos y quedan preciosos. Nos estamos refiriendo al <strong>color 77 Teja<\/strong>.<\/p>\n<p><!-- BREAK 1 --> <\/p>\n<div class=\"article-asset article-asset-normal article-asset-center\">\n<div class=\"desvio-container\">\n<div class=\"desvio\">\n<div class=\"desvio-figure js-desvio-figure\"> <a href=\"https:\/\/www.trendencias.com\/belleza\/este-colorete-liquido-sephora-que-me-pido-estos-reyes-magos-para-potenciar-mis-mejillas-dulcificar-facciones\"> <img alt=\"Este es el colorete l\u00edquido de Sephora que me pido estos Reyes Magos para potenciar mis mejillas y dulcificar las facciones \" src=\"http:\/\/hoycordobaweb.com\/wp-content\/uploads\/2023\/12\/mercadona-tiene-un-nuevo-color-de-esmalte-super-elegante-sin-ser-rojo-ni-un-nude-que-amaran-las-chicas-estilosas.jpg\"> <\/a> <\/div><\/div><\/div>\n<\/div>\n<p>Este esmalte pertenece la gama <strong>Alto Brillo de Mercadona<\/strong>, que son unos esmaltes que dejan un acabado ultra brillante <strong>efecto glow<\/strong>. Pero adem\u00e1s esta gama tiene una gran variedad de tonos muy interesantes clasificados por n\u00fameros, y esta nueva incorporaci\u00f3n de verdad que no nos puede gustar m\u00e1s.&nbsp;<\/p>\n<p><!-- BREAK 2 --><\/p>\n<div class=\"article-asset-image article-asset-normal article-asset-center\">\n<div class=\"asset-content\"> <img class=\"centro_sinmarco\" height=\"600\" width=\"600\" loading=\"lazy\" decoding=\"async\" sizes=\"100vw\" fetchpriority=\"high\" srcset=\"http:\/\/hoycordobaweb.com\/wp-content\/uploads\/2023\/12\/mercadona-tiene-un-nuevo-color-de-esmalte-super-elegante-sin-ser-rojo-ni-un-nude-que-amaran-las-chicas-estilosas-1.jpg 450w, http:\/\/hoycordobaweb.com\/wp-content\/uploads\/2023\/12\/mercadona-tiene-un-nuevo-color-de-esmalte-super-elegante-sin-ser-rojo-ni-un-nude-que-amaran-las-chicas-estilosas-3.jpg 681w, http:\/\/hoycordobaweb.com\/wp-content\/uploads\/2023\/12\/mercadona-tiene-un-nuevo-color-de-esmalte-super-elegante-sin-ser-rojo-ni-un-nude-que-amaran-las-chicas-estilosas-4.jpg 1024w, http:\/\/hoycordobaweb.com\/wp-content\/uploads\/2023\/12\/mercadona-tiene-un-nuevo-color-de-esmalte-super-elegante-sin-ser-rojo-ni-un-nude-que-amaran-las-chicas-estilosas-5.jpg 1366w\" src=\"http:\/\/hoycordobaweb.com\/wp-content\/uploads\/2023\/12\/mercadona-tiene-un-nuevo-color-de-esmalte-super-elegante-sin-ser-rojo-ni-un-nude-que-amaran-las-chicas-estilosas-1.jpg\" alt=\"Abff0911dc2a0ba447b20b1a54312d68\"> <noscript><img alt=\"Abff0911dc2a0ba447b20b1a54312d68\" class=\"centro_sinmarco\" src=\"http:\/\/hoycordobaweb.com\/wp-content\/uploads\/2023\/12\/mercadona-tiene-un-nuevo-color-de-esmalte-super-elegante-sin-ser-rojo-ni-un-nude-que-amaran-las-chicas-estilosas-1.jpg\"><\/noscript> <\/div>\n<\/div>\n<p>Se trata de <strong>un color teja<\/strong>, que es una mezcla de rojo quemado con un punto amarronado muy elegante y nos parece perfecto para meterlo dentro de las <a href=\"https:\/\/www.trendencias.com\/belleza\/nueve-manicuras-estilo-old-money-que-ideales-para-mujeres-elegantes\">manicuras <em>old money<\/em><\/a>. Porque a decir verdad, <strong>es un rojo de esos que funciona para todos los d\u00edas<\/strong> sin recurrir al cl\u00e1sico rojo de toda la vida, y a la vez tiene la sobriedad de los tonos b\u00e1sicos, pero sin serlo.<\/p>\n<p><!-- BREAK 3 --> <\/p>\n<p>Adem\u00e1s, <strong>este tono tiene ese punto cremoso y pigmentado <\/strong>que lograr cubrir perfectamente las u\u00f1as, y con un acabado cristalino que ilumina las manos de inmediato. Su precio es de <a rel=\"noopener, noreferrer\" href=\"https:\/\/tienda.mercadona.es\/product\/52862\/laca-unas-alto-brillo-deliplus-77-teja\">2,50 euros<\/a>.<\/p>\n<p><!-- BREAK 4 --><\/p>\n<p>Fotos | <a rel=\"noopener, noreferrer\" href=\"https:\/\/www.instagram.com\/opi_spain\/?hl=es&amp;e=7a88ede3-441e-4ba1-bebf-ce351a1b996e&amp;g=5\">@opi_spain<\/a><\/p>\n<p><!-- BREAK 5 --><\/p>\n<p>En Trendencias | <a href=\"https:\/\/www.trendencias.com\/belleza\/tendencias-unas-2024-estas-formas-disenos-colores-que-pegaran-fuerte\">Tendencias de u\u00f1as 2024: estas son las formas, los dise\u00f1os y los colores que pegar\u00e1n fuerte<\/a><\/p>\n<p><!-- BREAK 6 --> <\/p>\n<p>En Trendencias | <a href=\"https:\/\/www.trendencias.com\/propuestas-y-consejos\/camisetas-que-seran-tendencia-2023-polo-lujo-a-disenos-alma-motera\">Las camisetas tendencia en 2024: del polo de lujo a los dise\u00f1os de alma motera<\/a>.<\/p>\n<p><!-- BREAK 7 --><\/p>\n<p>En Trendencias |<a href=\"https:\/\/www.trendencias.com\/belleza\/13-cortes-pelo-corto-que-seran-tendencia-2024\"> 15 cortes de pelo corto que ser\u00e1n tendencia en el 2024<\/a><\/p>\n<p><!-- BREAK 8 --> <\/p>\n","protected":false},"excerpt":{"rendered":"<p>Mercadona siempre est\u00e1 muy atenta a las tendencias del momento, por eso no es nada raro encontrar en su secci\u00f3n de perfumer\u00eda productos de maquillaje de todo tipo. Pero si nos centramos en el tema u\u00f1as, tampoco se queda atr\u00e1s. Entre sus novedades hemos encontrado un nuevo color de esmalte de u\u00f1as, de esos que [&hellip;]<\/p>\n","protected":false},"author":1,"featured_media":72026,"comment_status":"closed","ping_status":"closed","sticky":false,"template":"","format":"standard","meta":[],"categories":[1],"tags":[],"_links":{"self":[{"href":"http:\/\/hoycordobaweb.com\/index.php\/wp-json\/wp\/v2\/posts\/72025"}],"collection":[{"href":"http:\/\/hoycordobaweb.com\/index.php\/wp-json\/wp\/v2\/posts"}],"about":[{"href":"http:\/\/hoycordobaweb.com\/index.php\/wp-json\/wp\/v2\/types\/post"}],"author":[{"embeddable":true,"href":"http:\/\/hoycordobaweb.com\/index.php\/wp-json\/wp\/v2\/users\/1"}],"replies":[{"embeddable":true,"href":"http:\/\/hoycordobaweb.com\/index.php\/wp-json\/wp\/v2\/comments?post=72025"}],"version-history":[{"count":0,"href":"http:\/\/hoycordobaweb.com\/index.php\/wp-json\/wp\/v2\/posts\/72025\/revisions"}],"wp:featuredmedia":[{"embeddable":true,"href":"http:\/\/hoycordobaweb.com\/index.php\/wp-json\/wp\/v2\/media\/72026"}],"wp:attachment":[{"href":"http:\/\/hoycordobaweb.com\/index.php\/wp-json\/wp\/v2\/media?parent=72025"}],"wp:term":[{"taxonomy":"category","embeddable":true,"href":"http:\/\/hoycordobaweb.com\/index.php\/wp-json\/wp\/v2\/categories?post=72025"},{"taxonomy":"post_tag","embeddable":true,"href":"http:\/\/hoycordobaweb.com\/index.php\/wp-json\/wp\/v2\/tags?post=72025"}],"curies":[{"name":"wp","href":"https:\/\/api.w.org\/{rel}","templated":true}]}}