{"id":72019,"date":"2023-12-30T11:17:54","date_gmt":"2023-12-30T11:17:54","guid":{"rendered":"https:\/\/www.mujerhoy.com\/moda\/no-te-pierdas\/novedades-primark-vestidos-baratos-invierno-navidad-2023-20231230005231-nt.html"},"modified":"2023-12-30T11:17:54","modified_gmt":"2023-12-30T11:17:54","slug":"lo-nuevo-de-primark-que-tienes-que-ver-de-los-vestidos-mas-especiales-a-los-mejores-accesorios-de-invierno","status":"publish","type":"post","link":"http:\/\/hoycordobaweb.com\/index.php\/2023\/12\/30\/lo-nuevo-de-primark-que-tienes-que-ver-de-los-vestidos-mas-especiales-a-los-mejores-accesorios-de-invierno\/","title":{"rendered":"Lo nuevo de Primark que tienes que ver: de los vestidos m\u00e1s especiales a los mejores accesorios de invierno"},"content":{"rendered":"<p><!-- AUTHOR --> <\/p>\n<div class=\"voc-author-timesocial \"> <!-- AUTHOR --> <\/p>\n<div class=\"voc-author-timesocial__signature\"> <!-- IMAGE AUTHOR --> <picture class=\"voc-image-signature\"> <img class=\"voc-image-signature__img\" src=\"http:\/\/hoycordobaweb.com\/wp-content\/uploads\/2023\/12\/lo-nuevo-de-primark-que-tienes-que-ver-de-los-vestidos-mas-especiales-a-los-mejores-accesorios-de-invierno.jpg\" alt=\"Gemma Cano\"> <\/picture> <!-- INFO AUTHOR --> <\/p>\n<div class=\"voc-author-timesocial__info\">\n<div class=\"voc-author-info\"> <author> <a title=\"GEMMA CANO\" href=\"https:\/\/www.mujerhoy.com\/autor\/gemma-cano-1220.html\" class=\"voc-author\">GEMMA CANO <\/a> <\/author> <time datetime=\"2023-12-30T11:17:54Z\" data-timestamp>Publicado \u00b7 <span data-voc-date-modified-short>30 de diciembre de 2023, 12:17 h<\/span><\/time> <\/div><\/div><\/div><\/div>\n<p> <!-- COMPONENTS --> <\/p>\n<p class=\"voc-paragraph\">Con la ca\u00edda en picado de las temperaturas ha llegado el momento de sacarle el m\u00e1ximo partido a los looks m\u00e1s c\u00e1lidos del a\u00f1o. Y para ayudarte en esa misi\u00f3n, una semana m\u00e1s, hemos preparado <strong>la mejor lista de prendas y accesorios<\/strong> para afrontar <a data-voc-vtm-id=\"in-text-traffic\" href=\"https:\/\/www.mujerhoy.com\/moda\/no-te-pierdas\/novedades-sfera-vestidos-midi-invierno-navidad-2023-20231220005651-nt.html\">con mucho estilo<\/a> los d\u00edas m\u00e1s fr\u00edos del a\u00f1o. \u00a1Y todo al mejor precio! <\/p>\n<p class=\"voc-paragraph\">Y una vez m\u00e1s, <a data-voc-vtm-id=\"in-text-traffic\" href=\"https:\/\/www.mujerhoy.com\/moda\/no-te-pierdas\/nuevo-massimo-dutti-vestidos-navidad-basicos-invierno-2023-20231222205414-nt.html\">las mejores compras<\/a> de la semana est\u00e1n en Primark: vestidos de punto en colores metalizados, bailarinas en colores pastel, prendas de punto con dise\u00f1os especiales, faldas midi con vistosos estampados, bolsos negros de mano y muchas otras <strong>novedades que no puedes dejar escapar<\/strong> esta semana. \u00bfA\u00fan no lo has visto?\n<\/p>\n<div class=\"voc-detail-photo-zoom\"> <picture data-toggle=\"modal\" data-target=\"#photoZoomModal-885\" target=\"modal\">\n<div class=\"voc-img-icon-link\"> <img loading=\"lazy\" data-original=\"\/\/static1.mujerhoy.com\/www\/multimedia\/202312\/30\/media\/cortadas\/falda-estampada-primark-nuevo-zara-k4OF--460x637@MujerHoy.jpeg\" width=\"460\" height=\"637\" class=\"lazy adsviu_analyse\" alt=\"Falda estampada de Primark (18 euros)\"> <noscript> <img src=\"http:\/\/hoycordobaweb.com\/wp-content\/uploads\/2023\/12\/lo-nuevo-de-primark-que-tienes-que-ver-de-los-vestidos-mas-especiales-a-los-mejores-accesorios-de-invierno.webp\" alt=\"Falda estampada de Primark (18 euros)\"> <\/noscript> <i class=\"voc-icons zoom voc-multimedia-box voc-ico-l\"><\/i> <\/div><figcaption class=\"figure-caption\">Falda estampada de Primark (18 euros)<\/figcaption><\/picture>\n<\/div>\n<div id=\"photoZoomModal-885\" class=\"voc-lightbox modal fade voc-lightbox--photo-zoom\" role=\"dialog\" data-voc-photozoom-lightbox>\n<div class=\"voc-lightbox__dialog\" role=\"document\">\n<div class=\"voc-lightbox__content\"> <!-- Modal header --> <!-- Modal content --> <\/p>\n<div class=\"voc-lightbox__photo-container\"> <picture class> <img loading=\"lazy\" data-original=\"\/\/static1.mujerhoy.com\/www\/multimedia\/202312\/30\/media\/cortadas\/falda-estampada-primark-nuevo-zara-k4OF--460x637@MujerHoy.jpeg\" alt=\"Falda estampada de Primark (18 euros)\" class=\"lazy\"> <noscript> <img src=\"http:\/\/hoycordobaweb.com\/wp-content\/uploads\/2023\/12\/lo-nuevo-de-primark-que-tienes-que-ver-de-los-vestidos-mas-especiales-a-los-mejores-accesorios-de-invierno.webp\" alt=\"Falda estampada de Primark (18 euros)\"> <\/noscript> <\/picture> <\/div><\/div><\/div>\n<\/div>\n<p><h3 class=\"voc-detail__title\"> Falda estampada de Primark (18 euros)<br \/>\n<\/h3>\n<\/p>\n<p class=\"voc-paragraph\">Empezamos nuestra selecci\u00f3n semanal con un bonito dise\u00f1o estampado, que demuestra que los lunares tambi\u00e9n son para el invierno.\n<\/p>\n<div class=\"voc-detail-photo-zoom\"> <picture data-toggle=\"modal\" data-target=\"#photoZoomModal-377\" target=\"modal\">\n<div class=\"voc-img-icon-link\"> <img loading=\"lazy\" data-original=\"\/\/static3.mujerhoy.com\/www\/multimedia\/202312\/30\/media\/cortadas\/vestido-estampada-primark-nuevo-zara-k4OF--460x637@MujerHoy.jpeg\" width=\"460\" height=\"637\" class=\"lazy adsviu_analyse\" alt=\"Vestido corto de Primark (24 euros)\"> <noscript> <img src=\"http:\/\/hoycordobaweb.com\/wp-content\/uploads\/2023\/12\/lo-nuevo-de-primark-que-tienes-que-ver-de-los-vestidos-mas-especiales-a-los-mejores-accesorios-de-invierno-1.webp\" alt=\"Vestido corto de Primark (24 euros)\"> <\/noscript> <i class=\"voc-icons zoom voc-multimedia-box voc-ico-l\"><\/i> <\/div><figcaption class=\"figure-caption\">Vestido corto de Primark (24 euros)<\/figcaption><\/picture>\n<\/div>\n<div id=\"photoZoomModal-377\" class=\"voc-lightbox modal fade voc-lightbox--photo-zoom\" role=\"dialog\" data-voc-photozoom-lightbox>\n<div class=\"voc-lightbox__dialog\" role=\"document\">\n<div class=\"voc-lightbox__content\"> <!-- Modal header --> <!-- Modal content --> <\/p>\n<div class=\"voc-lightbox__photo-container\"> <picture class> <img loading=\"lazy\" data-original=\"\/\/static3.mujerhoy.com\/www\/multimedia\/202312\/30\/media\/cortadas\/vestido-estampada-primark-nuevo-zara-k4OF--460x637@MujerHoy.jpeg\" alt=\"Vestido corto de Primark (24 euros)\" class=\"lazy\"> <noscript> <img src=\"http:\/\/hoycordobaweb.com\/wp-content\/uploads\/2023\/12\/lo-nuevo-de-primark-que-tienes-que-ver-de-los-vestidos-mas-especiales-a-los-mejores-accesorios-de-invierno-1.webp\" alt=\"Vestido corto de Primark (24 euros)\"> <\/noscript> <\/picture> <\/div><\/div><\/div>\n<\/div>\n<p><h3 class=\"voc-detail__title\"> Vestido corto de Primark (24 euros)<br \/>\n<\/h3>\n<\/p>\n<p class=\"voc-paragraph\">Un dise\u00f1o de fiesta que se sale de lo habitual. Juega con los complementos para sacarle tambi\u00e9n partido a diario.\n<\/p>\n<div class=\"voc-detail-photo-zoom\"> <picture data-toggle=\"modal\" data-target=\"#photoZoomModal-301\" target=\"modal\">\n<div class=\"voc-img-icon-link\"> <img loading=\"lazy\" data-original=\"\/\/static1.mujerhoy.com\/www\/multimedia\/202312\/30\/media\/cortadas\/zapatos-estampada-primark-nuevo-zara-k4OF--460x637@MujerHoy.jpeg\" width=\"460\" height=\"637\" class=\"lazy adsviu_analyse\" alt=\"Bailarinas rosas de Primark (6 euros)\"> <noscript> <img src=\"http:\/\/hoycordobaweb.com\/wp-content\/uploads\/2023\/12\/lo-nuevo-de-primark-que-tienes-que-ver-de-los-vestidos-mas-especiales-a-los-mejores-accesorios-de-invierno-2.webp\" alt=\"Bailarinas rosas de Primark (6 euros)\"> <\/noscript> <i class=\"voc-icons zoom voc-multimedia-box voc-ico-l\"><\/i> <\/div><figcaption class=\"figure-caption\">Bailarinas rosas de Primark (6 euros)<\/figcaption><\/picture>\n<\/div>\n<div id=\"photoZoomModal-301\" class=\"voc-lightbox modal fade voc-lightbox--photo-zoom\" role=\"dialog\" data-voc-photozoom-lightbox>\n<div class=\"voc-lightbox__dialog\" role=\"document\">\n<div class=\"voc-lightbox__content\"> <!-- Modal header --> <!-- Modal content --> <\/p>\n<div class=\"voc-lightbox__photo-container\"> <picture class> <img loading=\"lazy\" data-original=\"\/\/static1.mujerhoy.com\/www\/multimedia\/202312\/30\/media\/cortadas\/zapatos-estampada-primark-nuevo-zara-k4OF--460x637@MujerHoy.jpeg\" alt=\"Bailarinas rosas de Primark (6 euros)\" class=\"lazy\"> <noscript> <img src=\"http:\/\/hoycordobaweb.com\/wp-content\/uploads\/2023\/12\/lo-nuevo-de-primark-que-tienes-que-ver-de-los-vestidos-mas-especiales-a-los-mejores-accesorios-de-invierno-2.webp\" alt=\"Bailarinas rosas de Primark (6 euros)\"> <\/noscript> <\/picture> <\/div><\/div><\/div>\n<\/div>\n<p><h3 class=\"voc-detail__title\"> Bailarinas rosas de Primark (6 euros)<br \/>\n<\/h3>\n<\/p>\n<p class=\"voc-paragraph\">Este tipo de calzado est\u00e1 por todas partes. \u00bfQu\u00e9 te parece este dise\u00f1o de ante en un tono especial?\n<\/p>\n<div class=\"voc-detail-photo-zoom\"> <picture data-toggle=\"modal\" data-target=\"#photoZoomModal-107\" target=\"modal\">\n<div class=\"voc-img-icon-link\"> <img loading=\"lazy\" data-original=\"\/\/static1.mujerhoy.com\/www\/multimedia\/202312\/30\/media\/cortadas\/jersey-estampada-primark-nuevo-zara-k4OF--460x637@MujerHoy.jpeg\" width=\"460\" height=\"637\" class=\"lazy adsviu_analyse\" alt=\"Jersey de punto de Primark (26 euros)\"> <noscript> <img src=\"http:\/\/hoycordobaweb.com\/wp-content\/uploads\/2023\/12\/lo-nuevo-de-primark-que-tienes-que-ver-de-los-vestidos-mas-especiales-a-los-mejores-accesorios-de-invierno-3.webp\" alt=\"Jersey de punto de Primark (26 euros)\"> <\/noscript> <i class=\"voc-icons zoom voc-multimedia-box voc-ico-l\"><\/i> <\/div><figcaption class=\"figure-caption\">Jersey de punto de Primark (26 euros)<\/figcaption><\/picture>\n<\/div>\n<div id=\"photoZoomModal-107\" class=\"voc-lightbox modal fade voc-lightbox--photo-zoom\" role=\"dialog\" data-voc-photozoom-lightbox>\n<div class=\"voc-lightbox__dialog\" role=\"document\">\n<div class=\"voc-lightbox__content\"> <!-- Modal header --> <!-- Modal content --> <\/p>\n<div class=\"voc-lightbox__photo-container\"> <picture class> <img loading=\"lazy\" data-original=\"\/\/static1.mujerhoy.com\/www\/multimedia\/202312\/30\/media\/cortadas\/jersey-estampada-primark-nuevo-zara-k4OF--460x637@MujerHoy.jpeg\" alt=\"Jersey de punto de Primark (26 euros)\" class=\"lazy\"> <noscript> <img src=\"http:\/\/hoycordobaweb.com\/wp-content\/uploads\/2023\/12\/lo-nuevo-de-primark-que-tienes-que-ver-de-los-vestidos-mas-especiales-a-los-mejores-accesorios-de-invierno-3.webp\" alt=\"Jersey de punto de Primark (26 euros)\"> <\/noscript> <\/picture> <\/div><\/div><\/div>\n<\/div>\n<p><h3 class=\"voc-detail__title\"> Jersey de punto de Primark (26 euros)<br \/>\n<\/h3>\n<\/p>\n<p class=\"voc-paragraph\">Una prenda de punto b\u00e1sica, con la que crear\u00e1s los mejores looks de invierno.\n<\/p>\n<div class=\"voc-detail-photo-zoom\"> <picture data-toggle=\"modal\" data-target=\"#photoZoomModal-561\" target=\"modal\">\n<div class=\"voc-img-icon-link\"> <img loading=\"lazy\" data-original=\"\/\/static3.mujerhoy.com\/www\/multimedia\/202312\/30\/media\/cortadas\/chaqueta-estampada-primark-nuevo-zara-k4OF--460x637@MujerHoy.jpeg\" width=\"460\" height=\"637\" class=\"lazy adsviu_analyse\" alt=\"Americana con doble botonadura de Primark (34 euros)\"> <noscript> <img src=\"http:\/\/hoycordobaweb.com\/wp-content\/uploads\/2023\/12\/lo-nuevo-de-primark-que-tienes-que-ver-de-los-vestidos-mas-especiales-a-los-mejores-accesorios-de-invierno-4.webp\" alt=\"Americana con doble botonadura de Primark (34 euros)\"> <\/noscript> <i class=\"voc-icons zoom voc-multimedia-box voc-ico-l\"><\/i> <\/div><figcaption class=\"figure-caption\">Americana con doble botonadura de Primark (34 euros)<\/figcaption><\/picture>\n<\/div>\n<div id=\"photoZoomModal-561\" class=\"voc-lightbox modal fade voc-lightbox--photo-zoom\" role=\"dialog\" data-voc-photozoom-lightbox>\n<div class=\"voc-lightbox__dialog\" role=\"document\">\n<div class=\"voc-lightbox__content\"> <!-- Modal header --> <!-- Modal content --> <\/p>\n<div class=\"voc-lightbox__photo-container\"> <picture class> <img loading=\"lazy\" data-original=\"\/\/static3.mujerhoy.com\/www\/multimedia\/202312\/30\/media\/cortadas\/chaqueta-estampada-primark-nuevo-zara-k4OF--460x637@MujerHoy.jpeg\" alt=\"Americana con doble botonadura de Primark (34 euros)\" class=\"lazy\"> <noscript> <img src=\"http:\/\/hoycordobaweb.com\/wp-content\/uploads\/2023\/12\/lo-nuevo-de-primark-que-tienes-que-ver-de-los-vestidos-mas-especiales-a-los-mejores-accesorios-de-invierno-4.webp\" alt=\"Americana con doble botonadura de Primark (34 euros)\"> <\/noscript> <\/picture> <\/div><\/div><\/div>\n<\/div>\n<p><h3 class=\"voc-detail__title\"> Americana con doble botonadura de Primark (34 euros)<br \/>\n<\/h3>\n<\/p>\n<p class=\"voc-paragraph\">Una chaqueta con la que podr\u00e1s crear los mejores looks de oficina.\n<\/p>\n<div class=\"voc-detail-photo-zoom\"> <picture data-toggle=\"modal\" data-target=\"#photoZoomModal-437\" target=\"modal\">\n<div class=\"voc-img-icon-link\"> <img loading=\"lazy\" data-original=\"\/\/static1.mujerhoy.com\/www\/multimedia\/202312\/30\/media\/cortadas\/abrigo-estampada-primark-nuevo-zara-k4OF--460x637@MujerHoy.jpeg\" width=\"460\" height=\"637\" class=\"lazy adsviu_analyse\" alt=\"Abrigo de lana de Primark (65 euros)\"> <noscript> <img src=\"http:\/\/hoycordobaweb.com\/wp-content\/uploads\/2023\/12\/lo-nuevo-de-primark-que-tienes-que-ver-de-los-vestidos-mas-especiales-a-los-mejores-accesorios-de-invierno-5.webp\" alt=\"Abrigo de lana de Primark (65 euros)\"> <\/noscript> <i class=\"voc-icons zoom voc-multimedia-box voc-ico-l\"><\/i> <\/div><figcaption class=\"figure-caption\">Abrigo de lana de Primark (65 euros)<\/figcaption><\/picture>\n<\/div>\n<div id=\"photoZoomModal-437\" class=\"voc-lightbox modal fade voc-lightbox--photo-zoom\" role=\"dialog\" data-voc-photozoom-lightbox>\n<div class=\"voc-lightbox__dialog\" role=\"document\">\n<div class=\"voc-lightbox__content\"> <!-- Modal header --> <!-- Modal content --> <\/p>\n<div class=\"voc-lightbox__photo-container\"> <picture class> <img loading=\"lazy\" data-original=\"\/\/static1.mujerhoy.com\/www\/multimedia\/202312\/30\/media\/cortadas\/abrigo-estampada-primark-nuevo-zara-k4OF--460x637@MujerHoy.jpeg\" alt=\"Abrigo de lana de Primark (65 euros)\" class=\"lazy\"> <noscript> <img src=\"http:\/\/hoycordobaweb.com\/wp-content\/uploads\/2023\/12\/lo-nuevo-de-primark-que-tienes-que-ver-de-los-vestidos-mas-especiales-a-los-mejores-accesorios-de-invierno-5.webp\" alt=\"Abrigo de lana de Primark (65 euros)\"> <\/noscript> <\/picture> <\/div><\/div><\/div>\n<\/div>\n<p><h3 class=\"voc-detail__title\"> Abrigo de lana de Primark (65 euros)<br \/>\n<\/h3>\n<\/p>\n<p class=\"voc-paragraph\">\u00bfTodav\u00eda no has encontrado la prenda de abrigo perfecta? Tienes que ver este dise\u00f1o cruzado de color negro.\n<\/p>\n<div class=\"voc-detail-photo-zoom\"> <picture data-toggle=\"modal\" data-target=\"#photoZoomModal-13\" target=\"modal\">\n<div class=\"voc-img-icon-link\"> <img loading=\"lazy\" data-original=\"\/\/static2.mujerhoy.com\/www\/multimedia\/202312\/30\/media\/cortadas\/bolso-estampada-primark-nuevo-zara-k4OF--460x637@MujerHoy.jpeg\" width=\"460\" height=\"637\" class=\"lazy adsviu_analyse\" alt=\"Bolso negro de Primark (11 euros)\"> <noscript> <img src=\"http:\/\/hoycordobaweb.com\/wp-content\/uploads\/2023\/12\/lo-nuevo-de-primark-que-tienes-que-ver-de-los-vestidos-mas-especiales-a-los-mejores-accesorios-de-invierno-6.webp\" alt=\"Bolso negro de Primark (11 euros)\"> <\/noscript> <i class=\"voc-icons zoom voc-multimedia-box voc-ico-l\"><\/i> <\/div><figcaption class=\"figure-caption\">Bolso negro de Primark (11 euros)<\/figcaption><\/picture>\n<\/div>\n<div id=\"photoZoomModal-13\" class=\"voc-lightbox modal fade voc-lightbox--photo-zoom\" role=\"dialog\" data-voc-photozoom-lightbox>\n<div class=\"voc-lightbox__dialog\" role=\"document\">\n<div class=\"voc-lightbox__content\"> <!-- Modal header --> <!-- Modal content --> <\/p>\n<div class=\"voc-lightbox__photo-container\"> <picture class> <img loading=\"lazy\" data-original=\"\/\/static2.mujerhoy.com\/www\/multimedia\/202312\/30\/media\/cortadas\/bolso-estampada-primark-nuevo-zara-k4OF--460x637@MujerHoy.jpeg\" alt=\"Bolso negro de Primark (11 euros)\" class=\"lazy\"> <noscript> <img src=\"http:\/\/hoycordobaweb.com\/wp-content\/uploads\/2023\/12\/lo-nuevo-de-primark-que-tienes-que-ver-de-los-vestidos-mas-especiales-a-los-mejores-accesorios-de-invierno-6.webp\" alt=\"Bolso negro de Primark (11 euros)\"> <\/noscript> <\/picture> <\/div><\/div><\/div>\n<\/div>\n<p><h3 class=\"voc-detail__title\"> Bolso negro de Primark (11 euros)<br \/>\n<\/h3>\n<\/p>\n<p class=\"voc-paragraph\">Es tiempo de estrenar un nuevo accesorio. Este dise\u00f1o de mano es completamente infalible.\n<\/p>\n<div class=\"voc-detail-photo-zoom\"> <picture data-toggle=\"modal\" data-target=\"#photoZoomModal-568\" target=\"modal\">\n<div class=\"voc-img-icon-link\"> <img loading=\"lazy\" data-original=\"\/\/static1.mujerhoy.com\/www\/multimedia\/202312\/30\/media\/cortadas\/botines-estampada-primark-nuevo-zara-k4OF--460x637@MujerHoy.jpeg\" width=\"460\" height=\"637\" class=\"lazy adsviu_analyse\" alt=\"Botines marrones de Primark (18 euros)\"> <noscript> <img src=\"http:\/\/hoycordobaweb.com\/wp-content\/uploads\/2023\/12\/lo-nuevo-de-primark-que-tienes-que-ver-de-los-vestidos-mas-especiales-a-los-mejores-accesorios-de-invierno-7.webp\" alt=\"Botines marrones de Primark (18 euros)\"> <\/noscript> <i class=\"voc-icons zoom voc-multimedia-box voc-ico-l\"><\/i> <\/div><figcaption class=\"figure-caption\">Botines marrones de Primark (18 euros)<\/figcaption><\/picture>\n<\/div>\n<div id=\"photoZoomModal-568\" class=\"voc-lightbox modal fade voc-lightbox--photo-zoom\" role=\"dialog\" data-voc-photozoom-lightbox>\n<div class=\"voc-lightbox__dialog\" role=\"document\">\n<div class=\"voc-lightbox__content\"> <!-- Modal header --> <!-- Modal content --> <\/p>\n<div class=\"voc-lightbox__photo-container\"> <picture class> <img loading=\"lazy\" data-original=\"\/\/static1.mujerhoy.com\/www\/multimedia\/202312\/30\/media\/cortadas\/botines-estampada-primark-nuevo-zara-k4OF--460x637@MujerHoy.jpeg\" alt=\"Botines marrones de Primark (18 euros)\" class=\"lazy\"> <noscript> <img src=\"http:\/\/hoycordobaweb.com\/wp-content\/uploads\/2023\/12\/lo-nuevo-de-primark-que-tienes-que-ver-de-los-vestidos-mas-especiales-a-los-mejores-accesorios-de-invierno-7.webp\" alt=\"Botines marrones de Primark (18 euros)\"> <\/noscript> <\/picture> <\/div><\/div><\/div>\n<\/div>\n<p><h3 class=\"voc-detail__title\"> Botines marrones de Primark (18 euros)<br \/>\n<\/h3>\n<\/p>\n<p class=\"voc-paragraph\">Y no pod\u00edamos cerrar esta selecci\u00f3n semanal sin un buen par de zapatos. Deja de lado el cl\u00e1sico negro y apuesta por el marr\u00f3n chocolate.\n<\/p>\n<div class=\"voc-detail-photo-zoom\"> <picture data-toggle=\"modal\" data-target=\"#photoZoomModal-201\" target=\"modal\">\n<div class=\"voc-img-icon-link\"> <img loading=\"lazy\" data-original=\"\/\/static3.mujerhoy.com\/www\/multimedia\/202312\/30\/media\/cortadas\/jersey-blanco-primark-nuevo-zara-k4OF--460x637@MujerHoy.jpeg\" width=\"460\" height=\"637\" class=\"lazy adsviu_analyse\" alt=\"Jersey blanco de Primark (19 euros)\"> <noscript> <img src=\"http:\/\/hoycordobaweb.com\/wp-content\/uploads\/2023\/12\/lo-nuevo-de-primark-que-tienes-que-ver-de-los-vestidos-mas-especiales-a-los-mejores-accesorios-de-invierno-8.webp\" alt=\"Jersey blanco de Primark (19 euros)\"> <\/noscript> <i class=\"voc-icons zoom voc-multimedia-box voc-ico-l\"><\/i> <\/div><figcaption class=\"figure-caption\">Jersey blanco de Primark (19 euros)<\/figcaption><\/picture>\n<\/div>\n<div id=\"photoZoomModal-201\" class=\"voc-lightbox modal fade voc-lightbox--photo-zoom\" role=\"dialog\" data-voc-photozoom-lightbox>\n<div class=\"voc-lightbox__dialog\" role=\"document\">\n<div class=\"voc-lightbox__content\"> <!-- Modal header --> <!-- Modal content --> <\/p>\n<div class=\"voc-lightbox__photo-container\"> <picture class> <img loading=\"lazy\" data-original=\"\/\/static3.mujerhoy.com\/www\/multimedia\/202312\/30\/media\/cortadas\/jersey-blanco-primark-nuevo-zara-k4OF--460x637@MujerHoy.jpeg\" alt=\"Jersey blanco de Primark (19 euros)\" class=\"lazy\"> <noscript> <img src=\"http:\/\/hoycordobaweb.com\/wp-content\/uploads\/2023\/12\/lo-nuevo-de-primark-que-tienes-que-ver-de-los-vestidos-mas-especiales-a-los-mejores-accesorios-de-invierno-8.webp\" alt=\"Jersey blanco de Primark (19 euros)\"> <\/noscript> <\/picture> <\/div><\/div><\/div>\n<\/div>\n<p><h3 class=\"voc-detail__title\"> Jersey blanco de Primark (19 euros)<br \/>\n<\/h3>\n<\/p>\n<p class=\"voc-paragraph\">Si todav\u00eda no has encontrado la prenda de punto perfecta, apuesta por este tipo de dise\u00f1os con ochos. \u00a1Infalible!.\n<\/p>\n<p> <!-- TOPICS --> <\/p>\n","protected":false},"excerpt":{"rendered":"<p>GEMMA CANO Publicado \u00b7 30 de diciembre de 2023, 12:17 h Con la ca\u00edda en picado de las temperaturas ha llegado el momento de sacarle el m\u00e1ximo partido a los looks m\u00e1s c\u00e1lidos del a\u00f1o. Y para ayudarte en esa misi\u00f3n, una semana m\u00e1s, hemos preparado la mejor lista de prendas y accesorios para afrontar [&hellip;]<\/p>\n","protected":false},"author":1,"featured_media":72020,"comment_status":"closed","ping_status":"closed","sticky":false,"template":"","format":"standard","meta":[],"categories":[1],"tags":[],"_links":{"self":[{"href":"http:\/\/hoycordobaweb.com\/index.php\/wp-json\/wp\/v2\/posts\/72019"}],"collection":[{"href":"http:\/\/hoycordobaweb.com\/index.php\/wp-json\/wp\/v2\/posts"}],"about":[{"href":"http:\/\/hoycordobaweb.com\/index.php\/wp-json\/wp\/v2\/types\/post"}],"author":[{"embeddable":true,"href":"http:\/\/hoycordobaweb.com\/index.php\/wp-json\/wp\/v2\/users\/1"}],"replies":[{"embeddable":true,"href":"http:\/\/hoycordobaweb.com\/index.php\/wp-json\/wp\/v2\/comments?post=72019"}],"version-history":[{"count":0,"href":"http:\/\/hoycordobaweb.com\/index.php\/wp-json\/wp\/v2\/posts\/72019\/revisions"}],"wp:featuredmedia":[{"embeddable":true,"href":"http:\/\/hoycordobaweb.com\/index.php\/wp-json\/wp\/v2\/media\/72020"}],"wp:attachment":[{"href":"http:\/\/hoycordobaweb.com\/index.php\/wp-json\/wp\/v2\/media?parent=72019"}],"wp:term":[{"taxonomy":"category","embeddable":true,"href":"http:\/\/hoycordobaweb.com\/index.php\/wp-json\/wp\/v2\/categories?post=72019"},{"taxonomy":"post_tag","embeddable":true,"href":"http:\/\/hoycordobaweb.com\/index.php\/wp-json\/wp\/v2\/tags?post=72019"}],"curies":[{"name":"wp","href":"https:\/\/api.w.org\/{rel}","templated":true}]}}