{"id":72011,"date":"2023-12-30T02:22:10","date_gmt":"2023-12-30T02:22:10","guid":{"rendered":"https:\/\/www.ole.com.ar\/futbol-internacional\/america\/salomon-rondon-oficial-refuerzo-pachuca-mexico_0_8jH5O9iz4q.html"},"modified":"2023-12-30T02:22:10","modified_gmt":"2023-12-30T02:22:10","slug":"oficial-rondon-va-a-jugar-en-el-pachuca-de-mexico","status":"publish","type":"post","link":"http:\/\/hoycordobaweb.com\/index.php\/2023\/12\/30\/oficial-rondon-va-a-jugar-en-el-pachuca-de-mexico\/","title":{"rendered":"Oficial: Rond\u00f3n va a jugar en el Pachuca de M\u00e9xico"},"content":{"rendered":"<p><img src=\"http:\/\/hoycordobaweb.com\/wp-content\/uploads\/2023\/12\/oficial-rondon-va-a-jugar-en-el-pachuca-de-mexico.jpg\"><\/p>\n<p><time class=\"createDate\" datetime=\"2023-12-29T23:22:10-03:00\">29\/12\/2023 23:22hs.<\/time><time class=\"modificatedDate\" datetime=\"2023-12-29T23:22:009-03:00\"><\/time><\/p>\n<div id=\"storyBody\">\n<div class=\"custom-text \" readability=\"33.453987730061\">\n<p>El pasado 26 de diciembre, <a href=\"https:\/\/www.ole.com.ar\/tema\/salomon-rondon.html\" title=\"Salom\u00f3n Rond\u00f3n\" alt=\"Salom\u00f3n Rond\u00f3n\" class=\"slug\">Salom\u00f3n Rond\u00f3n<\/a> rescindi\u00f3 su contrato con <a href=\"https:\/\/www.ole.com.ar\/tema\/river-plate.html\" title=\"River Plate\" alt=\"River Plate\" class=\"slug\">River <\/a>tras un breve paso de un a\u00f1o, en el que ni \u00e9l ni su familia pudieron adaptarse a la Argentina. Solamente tres d\u00edas despu\u00e9s, <strong>el venezolano lleg\u00f3 a un acuerdo con su nuevo equipo y fue presentado oficialmente como refuerzo del <a href=\"https:\/\/www.ole.com.ar\/tema\/pachuca.html\" title=\"Pachuca\" alt=\"Pachuca\" class=\"slug\">Pachuca de M\u00e9xico<\/a><\/strong>.<\/p>\n<\/div>\n<div class=\"custom-text \" readability=\"40\">\n<p>\u00ab<strong>Qu\u00e9 en el 2024 haya muchos goles triunfos y copas, hagamos estallar el Hidalgo. Soy Salom\u00f3n Rond\u00f3n, nuevo refuerzo del Pachuca<\/strong>\u00ab, se\u00f1al\u00f3 el delantero en el video presentaci\u00f3n que subi\u00f3 el club en sus redes sociales. En el mismo, el jugador de 34 a\u00f1os se mostr\u00f3 vestido de traje e invit\u00f3 a hacer un brindis, jugando con la tem\u00e1tica de A\u00f1o Nuevo.<\/p>\n<\/div>\n<div class=\"custom-text \" readability=\"38\">\n<p>Los Tuzos ya ven\u00edan siguiendo al venezolano pero en ning\u00fan momento hab\u00edan abierto negociaciones con el Millonario debido al alto valor de su cl\u00e1usula de recisi\u00f3n (USD 6 millones). Pero ahora, al tener el pase en su poder, ambas partes pudieron avanzar r\u00e1pidamente en la negociaci\u00f3n, llegando a un acuerdo en tiempo r\u00e9cord.<\/p>\n<\/div>\n<div class=\"custom-text \" readability=\"38\">\n<p>Este ser\u00e1 el duod\u00e9cimo club de su carrera, en donde se destacan sus pasos por Newcastle, West Bromwich, M\u00e1laga, Zenit y CSKA Mosc\u00fa, adem\u00e1s de su corta estad\u00eda en River. <\/p>\n<\/div>\n<p><h2><strong>La presentaci\u00f3n de Rond\u00f3n en Pachuca<\/strong><\/h2>\n<\/p>\n<p><h2><strong>Los n\u00fameros de Rond\u00f3n en River<\/strong><\/h2>\n<\/p>\n<div class=\"custom-text \" readability=\"39\">\n<p>En total, <strong>Rond\u00f3n jug\u00f3 34 partidos en River (1.548&#8242;), en los que convirti\u00f3 10 goles y gan\u00f3 dos t\u00edtulos<\/strong>. Si bien en el segundo semestre pudo revertir el flojo comienzo que tuvo en N\u00fa\u00f1ez, no pudo construir una relaci\u00f3n con el hincha que nunca fue s\u00f3lida, adem\u00e1s del hecho de que el haber expresado sus ganas de irse del club en la previa de la final del Trofeo de Campeones llev\u00f3 a que se rompiera su relaci\u00f3n con el plantel y ni siquiera sea llevado al banco por Demichelis en el triunfo ante Rosario Central.<\/p>\n<\/div>\n<div class=\"sc-e7b891c4-0 jPbnQF\"><img alt=\"Rond\u00f3n rescindi\u00f3 con River unos d\u00edas atr\u00e1s. (AFP)\" src=\"http:\/\/hoycordobaweb.com\/wp-content\/uploads\/2023\/12\/oficial-rondon-va-a-jugar-en-el-pachuca-de-mexico-2.jpg\" width=\"720\" height=\"100\" decoding=\"async\" data-nimg=\"future\" loading=\"lazy\"><span class=\"epigraphe\">Rond\u00f3n rescindi\u00f3 con River unos d\u00edas atr\u00e1s. (AFP)<\/span><\/div>\n<div class=\"custom-text \" readability=\"37\">\n<p>Ahora, Rond\u00f3n dar\u00e1 vuelta la p\u00e1gina, en lo que ser\u00e1 otra experiencia internacional para \u00e9l y en un pa\u00eds en donde, espera, que tanto \u00e9l como su familia se sientan m\u00e1s c\u00f3modos.<\/p>\n<\/div>\n<div class=\"sc-a7166897-0 exHLBh\" readability=\"7\">\n<section readability=\"4\"><picture><img alt=\"Mercado de pases 2024: San Lorenzo, Racing e Independiente, los que m\u00e1s se mueven\" src=\"http:\/\/hoycordobaweb.com\/wp-content\/uploads\/2023\/12\/oficial-rondon-va-a-jugar-en-el-pachuca-de-mexico-3.jpg\" width=\"290\" height=\"290\" decoding=\"async\" data-nimg=\"future\" loading=\"lazy\"><\/picture>\n<p><span>Mir\u00e1 tambi\u00e9n<\/span><\/p>\n<hr>\n<h3>Mercado de pases 2024: San Lorenzo, Racing e Independiente, los que m\u00e1s se mueven<\/h3>\n<\/p>\n<\/section>\n<\/div>\n<div class=\"sc-a7166897-0 exHLBh\" readability=\"7\">\n<section readability=\"4\"><picture><img alt=\"Hern\u00e1n L\u00f3pez Mu\u00f1oz, sobre la posibilidad de volver a River: &quot;A m\u00ed no me llam\u00f3 nadie&quot;\" src=\"http:\/\/hoycordobaweb.com\/wp-content\/uploads\/2023\/12\/oficial-rondon-va-a-jugar-en-el-pachuca-de-mexico-4.jpg\" width=\"290\" height=\"290\" decoding=\"async\" data-nimg=\"future\" loading=\"lazy\"><\/picture>\n<p><span>Mir\u00e1 tambi\u00e9n<\/span><\/p>\n<hr>\n<h3>Hern\u00e1n L\u00f3pez Mu\u00f1oz, sobre la posibilidad de volver a River: \u00abA m\u00ed no me llam\u00f3 nadie\u00bb<\/h3>\n<\/p>\n<\/section>\n<\/div>\n<div class=\"sc-a7166897-0 exHLBh\" readability=\"6\">\n<section readability=\"2\"><picture><img alt=\"Las fotos de Barco que emocionaron a los hinchas de River\" src=\"http:\/\/hoycordobaweb.com\/wp-content\/uploads\/2023\/12\/oficial-rondon-va-a-jugar-en-el-pachuca-de-mexico-5.jpg\" width=\"290\" height=\"290\" decoding=\"async\" data-nimg=\"future\" loading=\"lazy\"><\/picture>\n<p><span>Mir\u00e1 tambi\u00e9n<\/span><\/p>\n<hr>\n<h3>Las fotos de Barco que emocionaron a los hinchas de River<\/h3>\n<\/p>\n<\/section>\n<\/div>\n<div class=\"sc-a7166897-0 exHLBh\" readability=\"6\">\n<section readability=\"2\"><picture><img alt=\"River: el mercado de pases y todas las noticias de este viernes 29 de diciembre\" src=\"http:\/\/hoycordobaweb.com\/wp-content\/uploads\/2023\/12\/oficial-rondon-va-a-jugar-en-el-pachuca-de-mexico-6.jpg\" width=\"290\" height=\"290\" decoding=\"async\" data-nimg=\"future\" loading=\"lazy\"><\/picture>\n<p><span>Mir\u00e1 tambi\u00e9n<\/span><\/p>\n<hr>\n<h3>River: el mercado de pases y todas las noticias de este viernes 29 de diciembre<\/h3>\n<\/p>\n<\/section>\n<\/div>\n<\/div>\n","protected":false},"excerpt":{"rendered":"<p>29\/12\/2023 23:22hs. El pasado 26 de diciembre, Salom\u00f3n Rond\u00f3n rescindi\u00f3 su contrato con River tras un breve paso de un a\u00f1o, en el que ni \u00e9l ni su familia pudieron adaptarse a la Argentina. Solamente tres d\u00edas despu\u00e9s, el venezolano lleg\u00f3 a un acuerdo con su nuevo equipo y fue presentado oficialmente como refuerzo del [&hellip;]<\/p>\n","protected":false},"author":1,"featured_media":72012,"comment_status":"open","ping_status":"closed","sticky":false,"template":"","format":"standard","meta":[],"categories":[16],"tags":[],"_links":{"self":[{"href":"http:\/\/hoycordobaweb.com\/index.php\/wp-json\/wp\/v2\/posts\/72011"}],"collection":[{"href":"http:\/\/hoycordobaweb.com\/index.php\/wp-json\/wp\/v2\/posts"}],"about":[{"href":"http:\/\/hoycordobaweb.com\/index.php\/wp-json\/wp\/v2\/types\/post"}],"author":[{"embeddable":true,"href":"http:\/\/hoycordobaweb.com\/index.php\/wp-json\/wp\/v2\/users\/1"}],"replies":[{"embeddable":true,"href":"http:\/\/hoycordobaweb.com\/index.php\/wp-json\/wp\/v2\/comments?post=72011"}],"version-history":[{"count":0,"href":"http:\/\/hoycordobaweb.com\/index.php\/wp-json\/wp\/v2\/posts\/72011\/revisions"}],"wp:featuredmedia":[{"embeddable":true,"href":"http:\/\/hoycordobaweb.com\/index.php\/wp-json\/wp\/v2\/media\/72012"}],"wp:attachment":[{"href":"http:\/\/hoycordobaweb.com\/index.php\/wp-json\/wp\/v2\/media?parent=72011"}],"wp:term":[{"taxonomy":"category","embeddable":true,"href":"http:\/\/hoycordobaweb.com\/index.php\/wp-json\/wp\/v2\/categories?post=72011"},{"taxonomy":"post_tag","embeddable":true,"href":"http:\/\/hoycordobaweb.com\/index.php\/wp-json\/wp\/v2\/tags?post=72011"}],"curies":[{"name":"wp","href":"https:\/\/api.w.org\/{rel}","templated":true}]}}