{"id":72005,"date":"2023-12-30T11:46:46","date_gmt":"2023-12-30T11:46:46","guid":{"rendered":"https:\/\/www.ole.com.ar\/autos\/murio-gil-ferran-piloto-brasileno-paro-cardiaco_0_lbwSuXdzEB.html"},"modified":"2023-12-30T11:46:46","modified_gmt":"2023-12-30T11:46:46","slug":"piloto-brasileno-de-automovilismo-fallecio-mientras-competia","status":"publish","type":"post","link":"http:\/\/hoycordobaweb.com\/index.php\/2023\/12\/30\/piloto-brasileno-de-automovilismo-fallecio-mientras-competia\/","title":{"rendered":"Piloto brasile\u00f1o de automovilismo falleci\u00f3 mientras compet\u00eda"},"content":{"rendered":"<p><img src=\"http:\/\/hoycordobaweb.com\/wp-content\/uploads\/2023\/12\/piloto-brasileno-de-automovilismo-fallecio-mientras-competia.jpg\"><\/p>\n<p><time class=\"createDate\" datetime=\"2023-12-30T08:46:46-03:00\">30\/12\/2023 08:46hs.<\/time><time class=\"modificatedDate\" datetime=\"2023-12-30T08:46:46-03:00\"><\/time><\/p>\n<div id=\"storyBody\">\n<div class=\"custom-text \" readability=\"37\">\n<p><strong>Gil de Ferr\u00e1n, leyenda brasile\u00f1a<\/strong> del automovilismo que conquist\u00f3 en 2003 las 500 Millas de Indian\u00e1polis, <strong>falleci\u00f3 este viernes de un ataque al coraz\u00f3n mientras compet\u00eda en el circuito The Concours Club<\/strong> de Opa-Llocka, en el estado de Florida.<\/p>\n<\/div>\n<div class=\"custom-text \" readability=\"36\">\n<p>El poseedor del r\u00e9cord de velocidad en pista en la serie CART con una vuelta a 241,428 millas (388,54 kil\u00f3metros) por hora, <strong>compet\u00eda con su hijo menor Luke<\/strong>.<\/p>\n<\/div>\n<div class=\"custom-text \" readability=\"36\">\n<p>Seg\u00fan distintos medios period\u00edsticos estadounidenses,<strong> De Ferr\u00e1n detuvo su autom\u00f3vil y manifest\u00f3 que no sent\u00eda bien. <\/strong>Minutos despu\u00e9s fue trasladado a un hospital, pero nada se pudo hacer para salvar su vida.<\/p>\n<\/div>\n<p><h2><strong>Una carrera prol\u00edfica<\/strong><\/h2>\n<\/p>\n<div class=\"custom-text \" readability=\"35\">\n<p><strong>Nacido hace 56 a\u00f1os en Par\u00eds, pero nacionalizado brasile\u00f1o<\/strong>, Gil de Ferr\u00e1n era consultor de la escuder\u00eda brit\u00e1nica McLaren.<\/p>\n<\/div>\n<div class=\"custom-text \" readability=\"33\">\n<p>Comenz\u00f3 su carrera en la F\u00f3rmula 3 brit\u00e1nica y al emigrar a Estados Unidos gan\u00f3 siete pruebas de la CART y cinco de la IndyCar entre 1995 y 2003.<\/p>\n<\/div>\n<div class=\"custom-text \" readability=\"35\">\n<p>Conquist\u00f3 dos t\u00edtulos de la CART en 2000 y 2001 y obtuvo 50 podios como piloto de la escuder\u00eda Penske. Pero su mayor logro lleg\u00f3 en 2003, en su cuarta y \u00faltima participaci\u00f3n en las 500 Millas de Indian\u00e1polis.<\/p>\n<\/div>\n<div class=\"custom-text \" readability=\"34\">\n<p>En un final de antolog\u00eda con su compatriota y compa\u00f1ero de equipo Helio Castroneves, Gil de Ferr\u00e1n se impuso en la l\u00ednea de meta.<\/p>\n<\/div>\n<div class=\"custom-text \" readability=\"34\">\n<p><strong>La F\u00f3rmula Indycar manifest\u00f3 su consternaci\u00f3n por la muerte de Gil de Ferr\u00e1n, que hab\u00eda cumplido 56 a\u00f1os el pasado 11 de noviembre.<\/strong><\/p>\n<\/div>\n<p><iframe width=\"200\" height=\"150\" src=\"https:\/\/www.youtube.com\/embed\/v5otJGJUAso?feature=oembed\" frameborder=\"0\" allow=\"accelerometer; autoplay; clipboard-write; encrypted-media; gyroscope; picture-in-picture; web-share\" allowfullscreen title=\"1997 CART Marlboro Grand Prix of Miami Gil de Ferran Qualfiying Crash\">[embedded content]<\/iframe><\/p>\n<p><h2><strong>El dolor de la Indycar<\/strong><\/h2>\n<\/p>\n<div class=\"custom-text \" readability=\"37\">\n<p>\u00abLa Indycar est\u00e1 profundamente entristecida por la muerte del dos veces campe\u00f3n y Leyenda de las caerreras Gil de Ferran\u00bb, anunci\u00f3 la entidad junto con una fotograf\u00eda de su triunfo en Indian\u00e1polis.Penske, el equipo en el que marc\u00f3 \u00e9poca, lo defini\u00f3 como \u00abcaballero\u00bb.<\/p>\n<\/div>\n<div class=\"custom-text \" readability=\"36\">\n<p>Adem\u00e1s del joven piloto Luke, Gil de Ferr\u00e1n tuvo una hija con su esposa \u00c1ngela, la c\u00e9lebre DJ Ana, que anima los grandes premios de F\u00f3rmula 1.<\/p>\n<\/div>\n<p><iframe width=\"200\" height=\"150\" src=\"https:\/\/www.youtube.com\/embed\/Lm4z8dDjZP8?feature=oembed\" frameborder=\"0\" allow=\"accelerometer; autoplay; clipboard-write; encrypted-media; gyroscope; picture-in-picture; web-share\" allowfullscreen title=\"Accident Gil De Ferran ALMS 2008 Road America\">[embedded content]<\/iframe><\/p>\n<div class=\"sc-a7166897-0 exHLBh\" readability=\"6\">\n<section readability=\"2\"><picture><img alt=\"Otro argentino probar\u00e1 un auto de F\u00f3rmula 1: &quot;Es un sue\u00f1o que se est\u00e1 cumpliendo&quot;\" src=\"http:\/\/hoycordobaweb.com\/wp-content\/uploads\/2023\/12\/piloto-brasileno-de-automovilismo-fallecio-mientras-competia-2.jpg\" width=\"290\" height=\"290\" decoding=\"async\" data-nimg=\"future\" loading=\"lazy\"><\/picture>\n<p><span>Mir\u00e1 tambi\u00e9n<\/span><\/p>\n<hr>\n<h3>Otro argentino probar\u00e1 un auto de F\u00f3rmula 1: \u00abEs un sue\u00f1o que se est\u00e1 cumpliendo\u00bb<\/h3>\n<\/p>\n<\/section>\n<\/div>\n<div class=\"sc-a7166897-0 exHLBh\" readability=\"6.5\">\n<section readability=\"3\"><picture><img alt=\"Mick Schumacher, el legado: de esconder su apellido a la F\u00f3rmula 1\" src=\"http:\/\/hoycordobaweb.com\/wp-content\/uploads\/2023\/12\/piloto-brasileno-de-automovilismo-fallecio-mientras-competia-3.jpg\" width=\"290\" height=\"290\" decoding=\"async\" data-nimg=\"future\" loading=\"lazy\"><\/picture>\n<p><span>Mir\u00e1 tambi\u00e9n<\/span><\/p>\n<hr>\n<h3>Mick Schumacher, el legado: de esconder su apellido a la F\u00f3rmula 1<\/h3>\n<\/p>\n<\/section>\n<\/div>\n<div class=\"sc-a7166897-0 exHLBh\" readability=\"6\">\n<section readability=\"2\"><picture><img alt=\"Luciano Benavides: de ser candidato a este Dakar a la promesa incumplida a su mam\u00e1\" src=\"http:\/\/hoycordobaweb.com\/wp-content\/uploads\/2023\/12\/piloto-brasileno-de-automovilismo-fallecio-mientras-competia-4.jpg\" width=\"290\" height=\"290\" decoding=\"async\" data-nimg=\"future\" loading=\"lazy\"><\/picture>\n<p><span>Mir\u00e1 tambi\u00e9n<\/span><\/p>\n<hr>\n<h3>Luciano Benavides: de ser candidato a este Dakar a la promesa incumplida a su mam\u00e1<\/h3>\n<\/p>\n<\/section>\n<\/div>\n<div class=\"sc-a7166897-0 exHLBh\" readability=\"6\">\n<section readability=\"2\"><picture><img alt=\"\u00bfQu\u00e9 se sabe realmente del presente de Schumacher?\" src=\"http:\/\/hoycordobaweb.com\/wp-content\/uploads\/2023\/12\/piloto-brasileno-de-automovilismo-fallecio-mientras-competia-5.jpg\" width=\"290\" height=\"290\" decoding=\"async\" data-nimg=\"future\" loading=\"lazy\"><\/picture>\n<p><span>Mir\u00e1 tambi\u00e9n<\/span><\/p>\n<hr>\n<h3>\u00bfQu\u00e9 se sabe realmente del presente de Schumacher?<\/h3>\n<\/p>\n<\/section>\n<\/div>\n<\/div>\n","protected":false},"excerpt":{"rendered":"<p>30\/12\/2023 08:46hs. Gil de Ferr\u00e1n, leyenda brasile\u00f1a del automovilismo que conquist\u00f3 en 2003 las 500 Millas de Indian\u00e1polis, falleci\u00f3 este viernes de un ataque al coraz\u00f3n mientras compet\u00eda en el circuito The Concours Club de Opa-Llocka, en el estado de Florida. El poseedor del r\u00e9cord de velocidad en pista en la serie CART con una [&hellip;]<\/p>\n","protected":false},"author":1,"featured_media":72006,"comment_status":"open","ping_status":"closed","sticky":false,"template":"","format":"standard","meta":[],"categories":[16],"tags":[],"_links":{"self":[{"href":"http:\/\/hoycordobaweb.com\/index.php\/wp-json\/wp\/v2\/posts\/72005"}],"collection":[{"href":"http:\/\/hoycordobaweb.com\/index.php\/wp-json\/wp\/v2\/posts"}],"about":[{"href":"http:\/\/hoycordobaweb.com\/index.php\/wp-json\/wp\/v2\/types\/post"}],"author":[{"embeddable":true,"href":"http:\/\/hoycordobaweb.com\/index.php\/wp-json\/wp\/v2\/users\/1"}],"replies":[{"embeddable":true,"href":"http:\/\/hoycordobaweb.com\/index.php\/wp-json\/wp\/v2\/comments?post=72005"}],"version-history":[{"count":0,"href":"http:\/\/hoycordobaweb.com\/index.php\/wp-json\/wp\/v2\/posts\/72005\/revisions"}],"wp:featuredmedia":[{"embeddable":true,"href":"http:\/\/hoycordobaweb.com\/index.php\/wp-json\/wp\/v2\/media\/72006"}],"wp:attachment":[{"href":"http:\/\/hoycordobaweb.com\/index.php\/wp-json\/wp\/v2\/media?parent=72005"}],"wp:term":[{"taxonomy":"category","embeddable":true,"href":"http:\/\/hoycordobaweb.com\/index.php\/wp-json\/wp\/v2\/categories?post=72005"},{"taxonomy":"post_tag","embeddable":true,"href":"http:\/\/hoycordobaweb.com\/index.php\/wp-json\/wp\/v2\/tags?post=72005"}],"curies":[{"name":"wp","href":"https:\/\/api.w.org\/{rel}","templated":true}]}}