{"id":72003,"date":"2023-12-30T12:04:27","date_gmt":"2023-12-30T12:04:27","guid":{"rendered":"https:\/\/www.ole.com.ar\/fuera-de-juego\/lavezzi-video-look-accidente_0_ElAWIEcCkz.html"},"modified":"2023-12-30T12:04:27","modified_gmt":"2023-12-30T12:04:27","slug":"video-luego-del-accidente-lavezzi-reaparecio-en-las-redes-con-un-cambio-de-look","status":"publish","type":"post","link":"http:\/\/hoycordobaweb.com\/index.php\/2023\/12\/30\/video-luego-del-accidente-lavezzi-reaparecio-en-las-redes-con-un-cambio-de-look\/","title":{"rendered":"Video: luego del accidente, Lavezzi reapareci\u00f3 en las redes con un cambio de look"},"content":{"rendered":"<p><img src=\"http:\/\/hoycordobaweb.com\/wp-content\/uploads\/2023\/12\/video-luego-del-accidente-lavezzi-reaparecio-en-las-redes-con-un-cambio-de-look.jpg\"><\/p>\n<p><time class=\"createDate\" datetime=\"2023-12-30T09:04:27-03:00\">30\/12\/2023 09:04hs.<\/time><time class=\"modificatedDate\" datetime=\"2023-12-30T09:04:27-03:00\"><\/time><\/p>\n<div id=\"storyBody\">\n<div class=\"custom-text \" readability=\"11\">\n<p><strong>Ezequiel Lavezzi<\/strong> se recuper\u00f3 del accidente que vivi\u00f3 en Punta del Este, donde sufri\u00f3 una fractura de clav\u00edcula. En este contexto, el ex delantero del <strong>Par\u00eds Saint Germain <\/strong>y la <strong>Selecci\u00f3n Argentina <\/strong>meti\u00f3 un cambio de look que comparti\u00f3 con sus seguidores en las redes.<\/p>\n<\/div>\n<div class=\"custom-text \" readability=\"11\">\n<p>En esta oportunidad, fue su peluquero quien, a trav\u00e9s de un video, mostr\u00f3 c\u00f3mo le qued\u00f3 el nuevo corte al Pocho y retrat\u00f3 el momento exacto en el que se mira al espejo.<\/p>\n<\/div>\n<div type=\"embed\" class=\"sc-7ce6049-0 dwIKul\">\n<div class=\"sc-7ce6049-1 bdcBBS videoText\" id=\"contentTitleembedc2mn4c0a\" type=\"embed\" readability=\"6\"><svg fill=\"#ffffff\"><symbol id=\"play\" viewBox=\"0 0 512 512\"><path d=\"M512 256C512 397.4 397.4 512 256 512C114.6 512 0 397.4 0 256C0 114.6 114.6 0 256 0C397.4 0 512 114.6 512 256zM176 168V344C176 352.7 180.7 360.7 188.3 364.9C195.8 369.2 205.1 369 212.5 364.5L356.5 276.5C363.6 272.1 368 264.4 368 256C368 247.6 363.6 239.9 356.5 235.5L212.5 147.5C205.1 142.1 195.8 142.8 188.3 147.1C180.7 151.3 176 159.3 176 168V168z\" \/><\/symbol><use xlink:href=\"#play\" \/><\/svg><\/p>\n<div class=\"right\" readability=\"7\">\n<p>Ezequiel Lavezzi<!-- --> &#8211;<!-- --> <span>30-12-2023<\/span><\/p>\n<h2 class=\"title-vid\">El cambio de look del Pocho Lavezzi<\/h2>\n<\/div>\n<\/div>\n<p><span class=\"back\" id=\"spanBackembedc2mn4c0a\"><\/span><\/div>\n<p><h2>\u00bfQu\u00e9 le pas\u00f3 al Pocho Lavezzi en Punta del Este y c\u00f3mo sigue la investigaci\u00f3n?<\/h2>\n<\/p>\n<div class=\"custom-text \" readability=\"13\">\n<p>Seg\u00fan explicaron sus familiares a trav\u00e9s de las redes, el Pocho sufri\u00f3 un \u00abaccidente dom\u00e9stico\u00bb. Afortunadamente, el ex futbolista fue atendido en el lugar y, posteriormente, dado de alta en una cl\u00ednica de Rosario a la que sus allegados hab\u00edan decidido trasladarlo.<\/p>\n<\/div>\n<div class=\"custom-text \" readability=\"14\">\n<p>Por su parte, la versi\u00f3n oficial de la polic\u00eda asegura que Lavezzi sufri\u00f3 una ca\u00edda durante un evento social, lo que result\u00f3 en un traumatismo con fractura de clav\u00edcula. Inicialmente tambi\u00e9n se habl\u00f3 de una herida cortante, lo que gener\u00f3 confusi\u00f3n, pero lo cierto es que el informe policial no respalda la teor\u00eda de la lesi\u00f3n con un objeto punzante.<\/p>\n<\/div>\n<p><h2>La primera aparici\u00f3n en redes de Lavezzi<\/h2>\n<\/p>\n<div class=\"custom-text \" readability=\"14\">\n<p>Luego del accidente y antes de compartir su nuevo corte de pelo, <strong>Ezequiel Lavezzi <\/strong>reapareci\u00f3 en sus redes para subir una foto con <strong>Germ\u00e1n Denis<\/strong>, ex compa\u00f1ero de la <strong>Selecci\u00f3n Argentina<\/strong> y el <strong>Napoli<\/strong>. \u00ab<strong>\u00a1Que hermoso volver a verte cara de s\u00faper h\u00e9roe! Te quiero mucho<\/strong>\u00ab, escribi\u00f3 el Pocho. Acto seguido, adjunt\u00f3 una imagen donde se lo puede ver muy contento con su amigo.<\/p>\n<\/div>\n<div class=\"sc-e7b891c4-0 jPbnQF\"><img alt=\"Lavezzi Tanqui Denis (Instagram)\" src=\"http:\/\/hoycordobaweb.com\/wp-content\/uploads\/2023\/12\/video-luego-del-accidente-lavezzi-reaparecio-en-las-redes-con-un-cambio-de-look-2.jpg\" width=\"720\" height=\"100\" decoding=\"async\" data-nimg=\"future\" loading=\"lazy\"><span class=\"epigraphe\">Lavezzi Tanqui Denis (Instagram)<\/span><\/div>\n<div class=\"sc-a7166897-0 exHLBh\" readability=\"6\">\n<section readability=\"2\"><picture><img alt=\"Orgullo argentino: Scaloni gan\u00f3 un destacado reconocimiento internacional \" src=\"http:\/\/hoycordobaweb.com\/wp-content\/uploads\/2023\/12\/video-luego-del-accidente-lavezzi-reaparecio-en-las-redes-con-un-cambio-de-look-3.jpg\" width=\"290\" height=\"290\" decoding=\"async\" data-nimg=\"future\" loading=\"lazy\"><\/picture>\n<p><span>Mir\u00e1 tambi\u00e9n<\/span><\/p>\n<hr>\n<h3>Orgullo argentino: Scaloni gan\u00f3 un destacado reconocimiento internacional <\/h3>\n<\/p>\n<\/section>\n<\/div>\n<div class=\"sc-a7166897-0 exHLBh\" readability=\"6\">\n<section readability=\"2\"><picture><img alt=\"Cliente estrella: Scaloni visit\u00f3 el local de su hermana y revolucion\u00f3 Pujato\" src=\"http:\/\/hoycordobaweb.com\/wp-content\/uploads\/2023\/12\/video-luego-del-accidente-lavezzi-reaparecio-en-las-redes-con-un-cambio-de-look-4.jpg\" width=\"290\" height=\"290\" decoding=\"async\" data-nimg=\"future\" loading=\"lazy\"><\/picture>\n<p><span>Mir\u00e1 tambi\u00e9n<\/span><\/p>\n<hr>\n<h3>Cliente estrella: Scaloni visit\u00f3 el local de su hermana y revolucion\u00f3 Pujato<\/h3>\n<\/p>\n<\/section>\n<\/div>\n<div class=\"sc-a7166897-0 exHLBh\" readability=\"7\">\n<section readability=\"4\"><picture><img alt=\"Jug\u00f3 con Messi, manej\u00f3 Uber, y hoy es refuerzo de San Mart\u00edn de San Juan\" src=\"http:\/\/hoycordobaweb.com\/wp-content\/uploads\/2023\/12\/video-luego-del-accidente-lavezzi-reaparecio-en-las-redes-con-un-cambio-de-look-5.jpg\" width=\"290\" height=\"290\" decoding=\"async\" data-nimg=\"future\" loading=\"lazy\"><\/picture>\n<p><span>Mir\u00e1 tambi\u00e9n<\/span><\/p>\n<hr>\n<h3>Jug\u00f3 con Messi, manej\u00f3 Uber, y hoy es refuerzo de San Mart\u00edn de San Juan<\/h3>\n<\/p>\n<\/section>\n<\/div>\n<\/div>\n","protected":false},"excerpt":{"rendered":"<p>30\/12\/2023 09:04hs. Ezequiel Lavezzi se recuper\u00f3 del accidente que vivi\u00f3 en Punta del Este, donde sufri\u00f3 una fractura de clav\u00edcula. En este contexto, el ex delantero del Par\u00eds Saint Germain y la Selecci\u00f3n Argentina meti\u00f3 un cambio de look que comparti\u00f3 con sus seguidores en las redes. En esta oportunidad, fue su peluquero quien, a [&hellip;]<\/p>\n","protected":false},"author":1,"featured_media":72004,"comment_status":"open","ping_status":"closed","sticky":false,"template":"","format":"standard","meta":[],"categories":[16],"tags":[],"_links":{"self":[{"href":"http:\/\/hoycordobaweb.com\/index.php\/wp-json\/wp\/v2\/posts\/72003"}],"collection":[{"href":"http:\/\/hoycordobaweb.com\/index.php\/wp-json\/wp\/v2\/posts"}],"about":[{"href":"http:\/\/hoycordobaweb.com\/index.php\/wp-json\/wp\/v2\/types\/post"}],"author":[{"embeddable":true,"href":"http:\/\/hoycordobaweb.com\/index.php\/wp-json\/wp\/v2\/users\/1"}],"replies":[{"embeddable":true,"href":"http:\/\/hoycordobaweb.com\/index.php\/wp-json\/wp\/v2\/comments?post=72003"}],"version-history":[{"count":0,"href":"http:\/\/hoycordobaweb.com\/index.php\/wp-json\/wp\/v2\/posts\/72003\/revisions"}],"wp:featuredmedia":[{"embeddable":true,"href":"http:\/\/hoycordobaweb.com\/index.php\/wp-json\/wp\/v2\/media\/72004"}],"wp:attachment":[{"href":"http:\/\/hoycordobaweb.com\/index.php\/wp-json\/wp\/v2\/media?parent=72003"}],"wp:term":[{"taxonomy":"category","embeddable":true,"href":"http:\/\/hoycordobaweb.com\/index.php\/wp-json\/wp\/v2\/categories?post=72003"},{"taxonomy":"post_tag","embeddable":true,"href":"http:\/\/hoycordobaweb.com\/index.php\/wp-json\/wp\/v2\/tags?post=72003"}],"curies":[{"name":"wp","href":"https:\/\/api.w.org\/{rel}","templated":true}]}}