{"id":71961,"date":"2023-12-29T10:13:15","date_gmt":"2023-12-29T10:13:15","guid":{"rendered":"https:\/\/www.ole.com.ar\/futbol-internacional\/dimaria-benfica-descanso-extra_0_tTyLhNjFnQ.html"},"modified":"2023-12-29T10:13:15","modified_gmt":"2023-12-29T10:13:15","slug":"a-que-se-debe-el-descanso-extra-que-el-benfica-le-dio-a-angel-di-maria","status":"publish","type":"post","link":"http:\/\/hoycordobaweb.com\/index.php\/2023\/12\/29\/a-que-se-debe-el-descanso-extra-que-el-benfica-le-dio-a-angel-di-maria\/","title":{"rendered":"A qu\u00e9 se debe el descanso extra que el Benfica le dio a \u00c1ngel Di Mar\u00eda"},"content":{"rendered":"<p><img src=\"http:\/\/hoycordobaweb.com\/wp-content\/uploads\/2023\/12\/a-que-se-debe-el-descanso-extra-que-el-benfica-le-dio-a-angel-di-maria.jpg\"><\/p>\n<p><time class=\"createDate\" datetime=\"2023-12-29T07:13:15-03:00\">29\/12\/2023 07:13hs.<\/time><time class=\"modificatedDate\" datetime=\"2023-12-29T07:13:14-03:00\"><\/time><\/p>\n<div id=\"storyBody\">\n<div class=\"custom-text \" readability=\"39\">\n<p><strong>\u00c1ngel Di Mar\u00eda <\/strong>est\u00e1 en Argentina. Sin embargo, a diferencia de otros a\u00f1os, esta vez tendr\u00e1 un periodo de vacaciones m\u00e1s prolongado por decisi\u00f3n del club. \u00ab<strong>Creo que es sensato darle este descanso extra<\/strong>\u00ab, comunic\u00f3 <strong>Roger Schmidt<\/strong>, su t\u00e9cnico, en conferencia de prensa.<\/p>\n<\/div>\n<div class=\"custom-text \" readability=\"39\">\n<p>Seg\u00fan explic\u00f3 el propio entrenador, el club plane\u00f3 esta pausa para el delantero \u00abhace mucho tiempo\u00bb pensando en el calendario 2024, donde el Fideo tendr\u00e1 infinita cantidad de compromisos. \u00ab<strong>Decidimos darle estos d\u00edas por algunas razones personales, pero tambi\u00e9n ha jugado muchos partidos con el Benfica y con la Selecci\u00f3n<\/strong>\u00ab, asegur\u00f3.<\/p>\n<\/div>\n<div class=\"sc-e7b891c4-0 jPbnQF\"><img alt=\"DI MARIA EN NAVIDAD\n@angeldimariajm\" src=\"http:\/\/hoycordobaweb.com\/wp-content\/uploads\/2023\/12\/a-que-se-debe-el-descanso-extra-que-el-benfica-le-dio-a-angel-di-maria-2.jpg\" width=\"720\" height=\"100\" decoding=\"async\" data-nimg=\"future\" loading=\"lazy\"><span class=\"epigraphe\">DI MARIA EN NAVIDAD<br \/>\n@angeldimariajm<\/span><\/div>\n<p><h2>Los pr\u00f3ximos compromisos del Benfica<\/h2>\n<\/p>\n<div class=\"custom-text \" readability=\"42\">\n<p>Con 14 fechas disputadas, el <strong>Benfica <\/strong>est\u00e1 <strong>segundo <\/strong>en la tabla de posiciones de la Primera Divisi\u00f3n de Portugal con 33 puntos en su haber. Hasta el momento, los dirigidos por Roger Schmidt <strong>ganaron 10, empataron tres y perdieron uno<\/strong> y <strong>est\u00e1n a una unidad de Sporting Lisboa<\/strong>, el puntero. Por lo tanto, tienen muchas chances de ganar el pr\u00f3ximo campeonato. Con este panorama en puerta, sus pr\u00f3ximos rivales en el \u00e1mbito local ser\u00e1n <strong>Famalicao<\/strong>, <strong>Arouca <\/strong>y <strong>Braga<\/strong>.<\/p>\n<\/div>\n<div class=\"custom-text \" readability=\"38\">\n<p>No obstante, <strong>quedaron afuera de la Champions League en fase de grupos<\/strong>: de los seis partidos que disput\u00f3, el equipo <strong>perdi\u00f3 cuatro, empat\u00f3 uno y gan\u00f3 el restante<\/strong>. En consecuencia, perdieron la posibilidad de avanzar a la siguiente instancia de la competencia.<\/p>\n<\/div>\n<p><h2>El calendario de la Selecci\u00f3n Argentina en 2024<\/h2>\n<\/p>\n<div class=\"custom-text \" readability=\"34\">\n<p>La <strong>Selecci\u00f3n Argentina<\/strong> tendr\u00e1 varios compromisos por delante en 2024. Aunque resta la confirmaci\u00f3n oficial, la <strong>AFA <\/strong>estar\u00eda interesada en gestionar una tanda de amistosos para marzo.<\/p>\n<\/div>\n<div class=\"custom-text \" readability=\"37\">\n<p>Luego de la <strong>Copa Am\u00e9rica<\/strong>, los dirigidos por <strong>Lionel Scaloni <\/strong>retomar\u00e1n sus compromisos por las <strong>Eliminatorias Sudamericanas<\/strong> donde, hasta el momento, ganaron cinco de los seis partidos que disputaron y est\u00e1n punteros con 15 unidades en su haber.<\/p>\n<\/div>\n<div class=\"custom-text \" readability=\"35\">\n<p>Con este panorama en puerta, Argentina completar\u00e1 el calendario rumbo al Mundial 2026 con otras seis fechas: dos en septiembre, dos en octubre y dos en noviembre.<\/p>\n<\/div>\n<div class=\"custom-text \">\n<ul>\n<li>Argentina vs Chile: 5\/9\/24<\/li>\n<\/ul>\n<\/div>\n<div class=\"custom-text \">\n<ul>\n<li>Colombia vs Argentina: 10\/9\/24<\/li>\n<\/ul>\n<\/div>\n<div class=\"custom-text \">\n<ul>\n<li>Venezuela vs Argentina: 10\/10\/24<\/li>\n<\/ul>\n<\/div>\n<div class=\"custom-text \">\n<ul>\n<li>Argentina vs Bolivia: 15\/10\/24<\/li>\n<\/ul>\n<\/div>\n<div class=\"custom-text \">\n<ul>\n<li>Paraguay vs Argentina: 14\/11\/24<\/li>\n<\/ul>\n<\/div>\n<div class=\"custom-text \">\n<ul>\n<li>Argentina vs Per\u00fa: 19\/11\/24<\/li>\n<\/ul>\n<\/div>\n<div type=\"embed\" class=\"sc-7ce6049-0 dwIKul\">\n<div class=\"sc-7ce6049-1 bdcBBS videoText\" id=\"contentTitleembedSvLhWOtI\" type=\"embed\" readability=\"56\"><svg fill=\"#ffffff\"><symbol id=\"play\" viewBox=\"0 0 512 512\"><path d=\"M512 256C512 397.4 397.4 512 256 512C114.6 512 0 397.4 0 256C0 114.6 114.6 0 256 0C397.4 0 512 114.6 512 256zM176 168V344C176 352.7 180.7 360.7 188.3 364.9C195.8 369.2 205.1 369 212.5 364.5L356.5 276.5C363.6 272.1 368 264.4 368 256C368 247.6 363.6 239.9 356.5 235.5L212.5 147.5C205.1 142.1 195.8 142.8 188.3 147.1C180.7 151.3 176 159.3 176 168V168z\" \/><\/symbol><use xlink:href=\"#play\" \/><\/svg><\/p>\n<div class=\"right\" readability=\"7\">\n<p>Eliminatorias Sudamericanas<!-- --> &#8211;<!-- --> <span>29-12-2023<\/span><\/p>\n<h2 class=\"title-vid\">Lo mejor de Bolivia 0 &#8211; Argentina 3<\/h2>\n<\/div>\n<\/div>\n<p><span class=\"back\" id=\"spanBackembedSvLhWOtI\"><\/span><\/div>\n<div class=\"sc-a7166897-0 exHLBh\" readability=\"6\">\n<section readability=\"2\"><picture><img alt=\"La AFA rechaz\u00f3 el reclamo de Col\u00f3n: jugar\u00e1 en la Primera Nacional\" src=\"http:\/\/hoycordobaweb.com\/wp-content\/uploads\/2023\/12\/a-que-se-debe-el-descanso-extra-que-el-benfica-le-dio-a-angel-di-maria-3.jpg\" width=\"290\" height=\"290\" decoding=\"async\" data-nimg=\"future\" loading=\"lazy\"><\/picture>\n<p><span>Mir\u00e1 tambi\u00e9n<\/span><\/p>\n<hr>\n<h3>La AFA rechaz\u00f3 el reclamo de Col\u00f3n: jugar\u00e1 en la Primera Nacional<\/h3>\n<\/p>\n<\/section>\n<\/div>\n<div class=\"sc-a7166897-0 exHLBh\" readability=\"6.5\">\n<section readability=\"3\"><picture><img alt=\"Argentino de Monte Ma\u00edz: de una terrible inundaci\u00f3n a jugar con el campe\u00f3n en la Copa Argentina\" src=\"http:\/\/hoycordobaweb.com\/wp-content\/uploads\/2023\/12\/a-que-se-debe-el-descanso-extra-que-el-benfica-le-dio-a-angel-di-maria-4.jpg\" width=\"290\" height=\"290\" decoding=\"async\" data-nimg=\"future\" loading=\"lazy\"><\/picture>\n<p><span>Mir\u00e1 tambi\u00e9n<\/span><\/p>\n<hr>\n<h3>Argentino de Monte Ma\u00edz: de una terrible inundaci\u00f3n a jugar con el campe\u00f3n en la Copa Argentina<\/h3>\n<\/p>\n<\/section>\n<\/div>\n<div class=\"sc-a7166897-0 exHLBh\" readability=\"6\">\n<section readability=\"2\"><picture><img alt=\"Tevez aprendi\u00f3 a usar el manual del realismo\" src=\"http:\/\/hoycordobaweb.com\/wp-content\/uploads\/2023\/12\/a-que-se-debe-el-descanso-extra-que-el-benfica-le-dio-a-angel-di-maria-5.jpg\" width=\"290\" height=\"290\" decoding=\"async\" data-nimg=\"future\" loading=\"lazy\"><\/picture>\n<p><span>Mir\u00e1 tambi\u00e9n<\/span><\/p>\n<hr>\n<h3>Tevez aprendi\u00f3 a usar el manual del realismo<\/h3>\n<\/p>\n<\/section>\n<\/div>\n<\/div>\n","protected":false},"excerpt":{"rendered":"<p>29\/12\/2023 07:13hs. \u00c1ngel Di Mar\u00eda est\u00e1 en Argentina. Sin embargo, a diferencia de otros a\u00f1os, esta vez tendr\u00e1 un periodo de vacaciones m\u00e1s prolongado por decisi\u00f3n del club. \u00abCreo que es sensato darle este descanso extra\u00ab, comunic\u00f3 Roger Schmidt, su t\u00e9cnico, en conferencia de prensa. Seg\u00fan explic\u00f3 el propio entrenador, el club plane\u00f3 esta pausa [&hellip;]<\/p>\n","protected":false},"author":1,"featured_media":71962,"comment_status":"open","ping_status":"closed","sticky":false,"template":"","format":"standard","meta":[],"categories":[16],"tags":[],"_links":{"self":[{"href":"http:\/\/hoycordobaweb.com\/index.php\/wp-json\/wp\/v2\/posts\/71961"}],"collection":[{"href":"http:\/\/hoycordobaweb.com\/index.php\/wp-json\/wp\/v2\/posts"}],"about":[{"href":"http:\/\/hoycordobaweb.com\/index.php\/wp-json\/wp\/v2\/types\/post"}],"author":[{"embeddable":true,"href":"http:\/\/hoycordobaweb.com\/index.php\/wp-json\/wp\/v2\/users\/1"}],"replies":[{"embeddable":true,"href":"http:\/\/hoycordobaweb.com\/index.php\/wp-json\/wp\/v2\/comments?post=71961"}],"version-history":[{"count":0,"href":"http:\/\/hoycordobaweb.com\/index.php\/wp-json\/wp\/v2\/posts\/71961\/revisions"}],"wp:featuredmedia":[{"embeddable":true,"href":"http:\/\/hoycordobaweb.com\/index.php\/wp-json\/wp\/v2\/media\/71962"}],"wp:attachment":[{"href":"http:\/\/hoycordobaweb.com\/index.php\/wp-json\/wp\/v2\/media?parent=71961"}],"wp:term":[{"taxonomy":"category","embeddable":true,"href":"http:\/\/hoycordobaweb.com\/index.php\/wp-json\/wp\/v2\/categories?post=71961"},{"taxonomy":"post_tag","embeddable":true,"href":"http:\/\/hoycordobaweb.com\/index.php\/wp-json\/wp\/v2\/tags?post=71961"}],"curies":[{"name":"wp","href":"https:\/\/api.w.org\/{rel}","templated":true}]}}