{"id":71957,"date":"2023-12-29T11:47:41","date_gmt":"2023-12-29T11:47:41","guid":{"rendered":"https:\/\/www.ole.com.ar\/tenis\/rafa-nadal-regreso-brisbane-expectativas-lesion-cadera_0_wJlXiMJ1TQ.html"},"modified":"2023-12-29T11:47:41","modified_gmt":"2023-12-29T11:47:41","slug":"rafa-nadal-entre-el-boom-popular-y-la-imposibilidad-de-pensar-en-un-titulo","status":"publish","type":"post","link":"http:\/\/hoycordobaweb.com\/index.php\/2023\/12\/29\/rafa-nadal-entre-el-boom-popular-y-la-imposibilidad-de-pensar-en-un-titulo\/","title":{"rendered":"Rafa Nadal, entre el boom popular y la imposibilidad de pensar en un t\u00edtulo"},"content":{"rendered":"<p><img src=\"http:\/\/hoycordobaweb.com\/wp-content\/uploads\/2023\/12\/rafa-nadal-entre-el-boom-popular-y-la-imposibilidad-de-pensar-en-un-titulo.jpg\"><\/p>\n<p><time class=\"createDate\" datetime=\"2023-12-29T08:47:41-03:00\">29\/12\/2023 08:47hs.<\/time><time class=\"modificatedDate\" datetime=\"2023-12-29T08:47:40-03:00\"><\/time><\/p>\n<div id=\"storyBody\">\n<div class=\"custom-text \" readability=\"35.834757834758\">\n<p>Miles de aficionados acariciaron el alma de<strong><a href=\"https:\/\/www.ole.com.ar\/tema\/rafael-nadal.html\" title=\"Rafael Nadal\" alt=\"Rafael Nadal\" class=\"slug\"> Rafael Nadal<\/a><\/strong> en un acto promocional del torneo de <strong><a href=\"https:\/\/www.ole.com.ar\/tema\/brisbane.html\" title=\"Brisbane\" alt=\"Brisbane\" class=\"slug\">Brisbane<\/a><\/strong> en el centro de la ciudad, en el que<strong> el jugador espa\u00f1ol, de vuelta a la competici\u00f3n por primera vez en once meses, declar\u00f3 que se sent\u00eda \u00abmucho mejor\u00bb de lo que imaginaba<\/strong> hace solo un mes y que haber regresado a la acci\u00f3n \u00abya es una victoria\u00bb.<\/p>\n<\/div>\n<div class=\"custom-text \" readability=\"33\">\n<p><strong>Nadal comenz\u00f3 este jueves a entrenar en Brisbane para disputar el ATP 250 con el que pondr\u00e1 fin a su larga convalencia de una lesi\u00f3n en la cadera izquierda.<\/strong><\/p>\n<\/div>\n<div class=\"custom-text \" readability=\"36\">\n<p>El oriundo de Mallorca, quien vuelve a la actividad en el ATP 250 de Brisbane tras un a\u00f1o de inactividad a causa de <strong>una lesi\u00f3n en la cadera<\/strong>, dijo ser consciente de su actualidad deportiva y admiti\u00f3 que hoy le resulta \u00abimposible\u00bb pensar en ganar alg\u00fan torneo.<\/p>\n<\/div>\n<div class=\"sc-e7b891c4-0 jPbnQF\"><img alt=\"(AFP)\" src=\"http:\/\/hoycordobaweb.com\/wp-content\/uploads\/2023\/12\/rafa-nadal-entre-el-boom-popular-y-la-imposibilidad-de-pensar-en-un-titulo-2.jpg\" width=\"720\" height=\"100\" decoding=\"async\" data-nimg=\"future\" loading=\"lazy\"><span class=\"epigraphe\">(AFP)<\/span><\/div>\n<p><h2><strong>Nadal, casi un a\u00f1o sin jugar<\/strong><\/h2>\n<\/p>\n<div class=\"custom-text \" readability=\"40\">\n<p>El espa\u00f1ol, de 37 a\u00f1os, no ha jugado desde su derrota en la segunda ronda del Abierto de Australia de enero pasado, tras lo cual <strong>tuvo dos cirug\u00edas de cadera<\/strong> y se\u00f1al\u00f3: \u00abMe siento bien. No me puedo quejar, me siento mucho mejor hoy de lo que esperaba hace un mes, pero <strong>para m\u00ed es imposible pensar hoy en ganar torneos<\/strong>\u00ab.<\/p>\n<\/div>\n<div class=\"custom-text \" readability=\"39\">\n<p>Nadal, que probablemente inicie su \u00faltima temporada, tiene muy claro que pretende de su actualidad: \u00abLo que s\u00ed es posible es disfrutar del regreso a las canchas. No espero mucho, honestamente, lo \u00fanico que espero es poder ir a la cancha, sentirme competitivo y hacer lo mejor\u00bb.<\/p>\n<\/div>\n<div class=\"sc-e7b891c4-0 jPbnQF\"><img alt=\"(AFP)\" src=\"http:\/\/hoycordobaweb.com\/wp-content\/uploads\/2023\/12\/rafa-nadal-entre-el-boom-popular-y-la-imposibilidad-de-pensar-en-un-titulo-3.jpg\" width=\"720\" height=\"100\" decoding=\"async\" data-nimg=\"future\" loading=\"lazy\"><span class=\"epigraphe\">(AFP)<\/span><\/div>\n<p><h2>\u00bfLa \u00faltima temporada de Rafa?<\/h2>\n<\/p>\n<div class=\"custom-text \" readability=\"43\">\n<p><strong>El ganador de 22 Grand Slam, solo superado por serbio Novak Djokovic, pas\u00f3 mucho tiempo este mes en su academia de Kuwait en busca de temperaturas y condiciones similares a las que encontrar\u00e1 en Australia<\/strong>. \u00abNo es que he practicado con buena intensidad los \u00faltimos seis meses, solo lo hice en este \u00faltimo mes. Nada es imposible, pero para m\u00ed, estar aqu\u00ed es una victoria, y espero tener la posibilidad de disfrutar, y el p\u00fablico tambi\u00e9n\u00bb, se\u00f1al\u00f3 el ib\u00e9rico.<\/p>\n<\/div>\n<div class=\"custom-text \" readability=\"38\">\n<p>Ganador de dos Abiertos de Australia, en 2009 y 2022, Nadal admiti\u00f3 que en esta etapa de su carrera \u00abno puedo tener metas a s\u00faper largo plazo porque <strong>no me veo jugando un tiempo s\u00faper largo<\/strong>. Pero en mi cabeza, intento darme la oportunidad de ser m\u00e1s y m\u00e1s competitivo conforme avanza la temporada\u00bb.<\/p>\n<\/div>\n<div class=\"sc-e7b891c4-0 jPbnQF\"><img alt=\"(EFE)\" src=\"http:\/\/hoycordobaweb.com\/wp-content\/uploads\/2023\/12\/rafa-nadal-entre-el-boom-popular-y-la-imposibilidad-de-pensar-en-un-titulo-4.jpg\" width=\"720\" height=\"100\" decoding=\"async\" data-nimg=\"future\" loading=\"lazy\"><span class=\"epigraphe\">(EFE)<\/span><\/div>\n<div class=\"sc-e7b891c4-0 jPbnQF\"><img alt=\"(EFE)\" src=\"http:\/\/hoycordobaweb.com\/wp-content\/uploads\/2023\/12\/rafa-nadal-entre-el-boom-popular-y-la-imposibilidad-de-pensar-en-un-titulo-5.jpg\" width=\"720\" height=\"100\" decoding=\"async\" data-nimg=\"future\" loading=\"lazy\"><span class=\"epigraphe\">(EFE)<\/span><\/div>\n<div class=\"sc-e7b891c4-0 jPbnQF\"><img alt=\"(EFE)\" src=\"http:\/\/hoycordobaweb.com\/wp-content\/uploads\/2023\/12\/rafa-nadal-entre-el-boom-popular-y-la-imposibilidad-de-pensar-en-un-titulo-6.jpg\" width=\"720\" height=\"100\" decoding=\"async\" data-nimg=\"future\" loading=\"lazy\"><span class=\"epigraphe\">(EFE)<\/span><\/div>\n<div class=\"sc-e7b891c4-0 jPbnQF\"><img alt=\"(EFE)\" src=\"http:\/\/hoycordobaweb.com\/wp-content\/uploads\/2023\/12\/rafa-nadal-entre-el-boom-popular-y-la-imposibilidad-de-pensar-en-un-titulo-7.jpg\" width=\"720\" height=\"100\" decoding=\"async\" data-nimg=\"future\" loading=\"lazy\"><span class=\"epigraphe\">(EFE)<\/span><\/div>\n<div class=\"sc-a7166897-0 exHLBh\" readability=\"6.5\">\n<section readability=\"3\"><picture><img alt=\"Coachdiciados: por qu\u00e9 los entrenadores argentinos son tan buscados en los circuitos ATP y WTA\" src=\"http:\/\/hoycordobaweb.com\/wp-content\/uploads\/2023\/12\/rafa-nadal-entre-el-boom-popular-y-la-imposibilidad-de-pensar-en-un-titulo-8.jpg\" width=\"290\" height=\"290\" decoding=\"async\" data-nimg=\"future\" loading=\"lazy\"><\/picture>\n<p><span>Mir\u00e1 tambi\u00e9n<\/span><\/p>\n<hr>\n<h3>Coachdiciados: por qu\u00e9 los entrenadores argentinos son tan buscados en los circuitos ATP y WTA<\/h3>\n<\/p>\n<\/section>\n<\/div>\n<div class=\"sc-a7166897-0 exHLBh\" readability=\"6\">\n<section readability=\"2\"><picture><img alt=\"Pol\u00e9mica antes del Abierto de Australia por las pelotas\" src=\"http:\/\/hoycordobaweb.com\/wp-content\/uploads\/2023\/12\/rafa-nadal-entre-el-boom-popular-y-la-imposibilidad-de-pensar-en-un-titulo-9.jpg\" width=\"290\" height=\"290\" decoding=\"async\" data-nimg=\"future\" loading=\"lazy\"><\/picture>\n<p><span>Mir\u00e1 tambi\u00e9n<\/span><\/p>\n<hr>\n<h3>Pol\u00e9mica antes del Abierto de Australia por las pelotas<\/h3>\n<\/p>\n<\/section>\n<\/div>\n<div class=\"sc-a7166897-0 exHLBh\" readability=\"6\">\n<section readability=\"2\"><picture><img alt=\"Alcaraz cerr\u00f3 el a\u00f1o con un triunfazo ante Djokovic\" src=\"http:\/\/hoycordobaweb.com\/wp-content\/uploads\/2023\/12\/rafa-nadal-entre-el-boom-popular-y-la-imposibilidad-de-pensar-en-un-titulo-10.jpg\" width=\"290\" height=\"290\" decoding=\"async\" data-nimg=\"future\" loading=\"lazy\"><\/picture>\n<p><span>Mir\u00e1 tambi\u00e9n<\/span><\/p>\n<hr>\n<h3>Alcaraz cerr\u00f3 el a\u00f1o con un triunfazo ante Djokovic<\/h3>\n<\/p>\n<\/section>\n<\/div>\n<\/div>\n","protected":false},"excerpt":{"rendered":"<p>29\/12\/2023 08:47hs. Miles de aficionados acariciaron el alma de Rafael Nadal en un acto promocional del torneo de Brisbane en el centro de la ciudad, en el que el jugador espa\u00f1ol, de vuelta a la competici\u00f3n por primera vez en once meses, declar\u00f3 que se sent\u00eda \u00abmucho mejor\u00bb de lo que imaginaba hace solo un [&hellip;]<\/p>\n","protected":false},"author":1,"featured_media":71958,"comment_status":"open","ping_status":"closed","sticky":false,"template":"","format":"standard","meta":[],"categories":[16],"tags":[],"_links":{"self":[{"href":"http:\/\/hoycordobaweb.com\/index.php\/wp-json\/wp\/v2\/posts\/71957"}],"collection":[{"href":"http:\/\/hoycordobaweb.com\/index.php\/wp-json\/wp\/v2\/posts"}],"about":[{"href":"http:\/\/hoycordobaweb.com\/index.php\/wp-json\/wp\/v2\/types\/post"}],"author":[{"embeddable":true,"href":"http:\/\/hoycordobaweb.com\/index.php\/wp-json\/wp\/v2\/users\/1"}],"replies":[{"embeddable":true,"href":"http:\/\/hoycordobaweb.com\/index.php\/wp-json\/wp\/v2\/comments?post=71957"}],"version-history":[{"count":0,"href":"http:\/\/hoycordobaweb.com\/index.php\/wp-json\/wp\/v2\/posts\/71957\/revisions"}],"wp:featuredmedia":[{"embeddable":true,"href":"http:\/\/hoycordobaweb.com\/index.php\/wp-json\/wp\/v2\/media\/71958"}],"wp:attachment":[{"href":"http:\/\/hoycordobaweb.com\/index.php\/wp-json\/wp\/v2\/media?parent=71957"}],"wp:term":[{"taxonomy":"category","embeddable":true,"href":"http:\/\/hoycordobaweb.com\/index.php\/wp-json\/wp\/v2\/categories?post=71957"},{"taxonomy":"post_tag","embeddable":true,"href":"http:\/\/hoycordobaweb.com\/index.php\/wp-json\/wp\/v2\/tags?post=71957"}],"curies":[{"name":"wp","href":"https:\/\/api.w.org\/{rel}","templated":true}]}}