{"id":71951,"date":"2023-12-29T11:29:24","date_gmt":"2023-12-29T11:29:24","guid":{"rendered":"https:\/\/manoamanocba.com.ar\/?p=6581"},"modified":"2023-12-29T11:29:24","modified_gmt":"2023-12-29T11:29:24","slug":"las-frases-mas-destacadas-de-las-entrevistas-del-2023","status":"publish","type":"post","link":"http:\/\/hoycordobaweb.com\/index.php\/2023\/12\/29\/las-frases-mas-destacadas-de-las-entrevistas-del-2023\/","title":{"rendered":"Las frases m\u00e1s destacadas de las entrevistas del 2023"},"content":{"rendered":"<div><img src=\"http:\/\/hoycordobaweb.com\/wp-content\/uploads\/2023\/12\/las-frases-mas-destacadas-de-las-entrevistas-del-2023.png\" class=\"ff-og-image-inserted\"><\/div>\n<p>\u00abPaso a paso, conoc\u00eda el sufrimiento, el martirio de Silvina. Pero lo volver\u00eda a hacer, porque <em>i<\/em>gnorar todo eso es m\u00e1s desgarrante que saber\u00bb, Sonia Torres, abuela de Plaza de Mayo<\/p>\n<p><span>\u00abMe puse la revista al hombro, sin internet en aquel momento. De entrada, lo primero que decid\u00ed fue mostrar el lado luminoso de los pibes, sacarle la estigmatizaci\u00f3n que hab\u00eda\u00bb, Oscar Arias, fundador de La Luc\u00e9rnaga<\/span><\/p>\n<p><span>\u00abToda la tragedia de mi vida se reduc\u00eda en el rostro de ese hombre (por Jorge Rafael Videla)\u00bb, Mart\u00edn Fresneda, uno de los fundadores de H.I.J.O.S.<\/span><\/p>\n<p><span>\u00abCuando uno se aventura a hacer una profesi\u00f3n seriamente y en un ambiente exigente, nada es f\u00e1cil, pero eso no puede ser un impedimento, es la realidad\u00bb, Laura Cmet, primera directora de orquesta en C\u00f3rdoba.<\/span><\/p>\n<p><span>\u201cSe necesita paciencia para tener un beagle, pero pasado el tiempo son los mejores compa\u00f1eros\u201d, Gabriela Ponce de Le\u00f3n, presidenta del Club del Beagle C\u00f3rdoba.<\/span><\/p>\n<p><span>\u00abLa debilidad de Schiaretti es el bajo conocimiento territorial en distritos muy claves como la provincia de Buenos Aires. Eso genera pocas chances de pelear una candidatura competitiva y que quede relegado\u00bb, Norman Berra, analista pol\u00edtico.<\/span><\/p>\n<p><span>\u00abHoy le hemos ganado a Euromayor. Ahora s\u00ed creo que con esta peque\u00f1a victoria no nos conformamos en t\u00e9rminos de urbanismo en general y hay que repensar la organizaci\u00f3n de C\u00f3rdoba\u00bb, Vanesa \u00dallua, presidenta del centro vecinal de barrio Alberdi.<\/span><\/p>\n<p><span>\u201cPor un lado desobedece, pero por otro lado hizo una expedici\u00f3n para explorar el terreno y buscar una salida hacia el Atl\u00e1ntico\u00bb, Facundo Santiago Seara, historiador e investigador, sobre la historia de la fundaci\u00f3n de la ciudad de C\u00f3rdoba.<\/span><\/p>\n<p><span>\u201cCada vez que me toca salir al escenario del Teatro del Libertador San Mart\u00edn, me acuerdo de un chico de 13 a\u00f1os que estaba queriendo dedicarse a la m\u00fasica\u201d, Horacio Lavandera, pianista, director y compositor.<\/span><\/p>\n<p><span>\u201cAsumir este rol no es algo que hubiera imaginado cuando comenc\u00e9 mi recorrido art\u00edstico. Sin embargo, hoy me permite sintetizar un camino que me ha colmado de experiencias maravillosas y encontrarme ante estas posibilidades que se abren como resultado del trabajo y la pasi\u00f3n por la profesi\u00f3n es indescriptible\u201d, Glenda Casaretto, directora del Ballet Folkl\u00f3rico Nacional.<\/span><\/p>\n<p><span>\u00abMe parece que seguir abriendo puertas a los diferentes core\u00f3grafos y bailarines es la la principal misi\u00f3n de Buenos Aires Ballet, junto con ir a todas las provincias y nuestros pa\u00edses hermanos\u00bb, Federico Fern\u00e1ndez, Primer Bailar\u00edn del Teatro Col\u00f3n y fundador del Buenos Aires Ballet.<\/span><\/p>\n<p>\u00ab<span>Los valores son reutilizar y reciclar, para tratar de contribuir con un granito de arena a cuidar al planeta.\u00bb, Gabriela Misasi, dise\u00f1adora de moda sostenible.<\/span><\/p>\n<p>\u00ab<span>Con mis relatos no trato de desterrar nada, quiero buscar respuestas a los interrogantes y que son respuestas que siguen abriendo preguntas\u00bb, Juan Cruz Taborda Varela, periodista y escritor.<\/span><\/p>\n<p><span>\u00abEsto nunca dej\u00f3 de estar presente en todo este tiempo, porque as\u00ed como hay gente que pregona por la paz, hay un sector de gente, fundamentalmente arraigada en la toma de decisiones del gobierno, que va para el otro lado, que utiliza el conflicto para mantener el status quo\u00bb, Hugo Rosales, periodista que divide su vida entre Israel y C\u00f3rdoba.<\/span><\/p>\n<p><span>\u00abEn este libro hay una mirada y hay una reconstrucci\u00f3n no s\u00f3lo de los casos policiales, (\u2026) sino tambi\u00e9n hay una mirada muy cr\u00edtica, en modo rigurosa y muy exhaustiva de lo que fueron los procesos judiciales, que fueron verdaderamente kafkeanos\u00bb, Hern\u00e1n Vaca Narvaja, periodista y escritor.<\/span><\/p>\n<p><span>\u00abCreo que (Javier Milei) es una figura pol\u00edtica que desconcierta a propios y extra\u00f1os. Creo que Milei es completamente nuevo incluso en el concierto de las nuevas derechas a nivel global\u00bb, Sebasti\u00e1n Puechagut, director ejecutivo de Explanans.<\/span><\/p>\n","protected":false},"excerpt":{"rendered":"<p>\u00abPaso a paso, conoc\u00eda el sufrimiento, el martirio de Silvina. Pero lo volver\u00eda a hacer, porque ignorar todo eso es m\u00e1s desgarrante que saber\u00bb, Sonia Torres, abuela de Plaza de Mayo \u00abMe puse la revista al hombro, sin internet en aquel momento. De entrada, lo primero que decid\u00ed fue mostrar el lado luminoso de los [&hellip;]<\/p>\n","protected":false},"author":1,"featured_media":71952,"comment_status":"closed","ping_status":"closed","sticky":false,"template":"","format":"standard","meta":[],"categories":[19],"tags":[],"_links":{"self":[{"href":"http:\/\/hoycordobaweb.com\/index.php\/wp-json\/wp\/v2\/posts\/71951"}],"collection":[{"href":"http:\/\/hoycordobaweb.com\/index.php\/wp-json\/wp\/v2\/posts"}],"about":[{"href":"http:\/\/hoycordobaweb.com\/index.php\/wp-json\/wp\/v2\/types\/post"}],"author":[{"embeddable":true,"href":"http:\/\/hoycordobaweb.com\/index.php\/wp-json\/wp\/v2\/users\/1"}],"replies":[{"embeddable":true,"href":"http:\/\/hoycordobaweb.com\/index.php\/wp-json\/wp\/v2\/comments?post=71951"}],"version-history":[{"count":0,"href":"http:\/\/hoycordobaweb.com\/index.php\/wp-json\/wp\/v2\/posts\/71951\/revisions"}],"wp:featuredmedia":[{"embeddable":true,"href":"http:\/\/hoycordobaweb.com\/index.php\/wp-json\/wp\/v2\/media\/71952"}],"wp:attachment":[{"href":"http:\/\/hoycordobaweb.com\/index.php\/wp-json\/wp\/v2\/media?parent=71951"}],"wp:term":[{"taxonomy":"category","embeddable":true,"href":"http:\/\/hoycordobaweb.com\/index.php\/wp-json\/wp\/v2\/categories?post=71951"},{"taxonomy":"post_tag","embeddable":true,"href":"http:\/\/hoycordobaweb.com\/index.php\/wp-json\/wp\/v2\/tags?post=71951"}],"curies":[{"name":"wp","href":"https:\/\/api.w.org\/{rel}","templated":true}]}}