{"id":71949,"date":"2023-12-29T11:47:55","date_gmt":"2023-12-29T11:47:55","guid":{"rendered":"https:\/\/ladecimaweb.com\/?p=23747"},"modified":"2023-12-29T11:47:55","modified_gmt":"2023-12-29T11:47:55","slug":"provincia-la-suba-de-los-aportes-estatales-no-afecta-los-salarios-de-los-jubilados","status":"publish","type":"post","link":"http:\/\/hoycordobaweb.com\/index.php\/2023\/12\/29\/provincia-la-suba-de-los-aportes-estatales-no-afecta-los-salarios-de-los-jubilados\/","title":{"rendered":"Provincia: La suba de los aportes estatales no afecta los salarios de los jubilados"},"content":{"rendered":"<div class=\"boldgrid-section\">\n<div class=\"container\">\n<div class=\"row\">\n<div class=\"col-md-12 col-xs-12 col-sm-12\">\n<p class=\"\"><em>(Gobierno)<\/em> El Gobierno de la Provincia de C\u00f3rdoba informa que la ley aprobada ayer en la Legislatura, por la que se crea un aporte de dos puntos porcentuales sobre los haberes de los empleados p\u00fablicos activos,<span>&nbsp;<\/span><strong>no afecta los salarios que perciben los jubilados provinciales.<\/strong><\/p>\n<p class=\"\">La modificaci\u00f3n, que se efect\u00faa solamente sobre el sueldo bruto del empleado p\u00fablico activo, est\u00e1 destinada a solventar el d\u00e9ficit de la Caja de Jubilaciones, Pensiones y Retiros de C\u00f3rdoba a los fines de mantener el salario que perciben los actuales y futuros jubilados de la provincia.<\/p>\n<p class=\"\"><strong>Asimismo, con esta decisi\u00f3n, el Gobierno provincial puede extender la suspensi\u00f3n del diferimiento en el c\u00e1lculo del haber jubilatorio que vence el 31 de diciembre.<\/strong><\/p>\n<p class=\"\">&#8220;Estas modificaciones persiguen cuidar y proteger a los jubilados provinciales frente al panorama de crisis que vive la Argentina. El Gobierno de C\u00f3rdoba reitera una vez m\u00e1s que, bajo ning\u00fan motivo, sus decisiones afectar\u00e1n a los jubilados de la provincia. En un momento de crisis, los trabajadores estatales activos tambi\u00e9n debemos hacer un esfuerzo para superarla&#8221;, cierra el comunicado.<\/p>\n<p><strong>Cobro<\/strong><\/p>\n<p class=\"\">Este viernes se acreditar\u00e1n los haberes correspondientes a diciembre de jubilados y pensionados provinciales. Mientras que el martes 2 de enero se iniciar\u00e1 el cronograma de pago de salarios a los empleados de la Administraci\u00f3n P\u00fablica provincial.<\/p>\n<p>Asimismo, el viernes 5 de enero se depositar\u00e1 el proporcional del medio aguinaldo correspondiente al incremento salarial de diciembre para jubilados y trabajadores activos.<\/p>\n<div class=\"ubm_banner\"><a href=\"https:\/\/www.cordobaturismo.gov.ar\/\" target=\"_blank\" rel=\"dofollow noopener noreferrer\"><img src=\"http:\/\/hoycordobaweb.com\/wp-content\/uploads\/2023\/12\/provincia-la-suba-de-los-aportes-estatales-no-afecta-los-salarios-de-los-jubilados.gif\" alt=\"\"><\/a><\/div>\n<\/div>\n<\/div>\n<\/div>\n<\/div>\n<p>La entrada <a rel=\"nofollow\" href=\"https:\/\/ladecimaweb.com\/provincia-la-suba-de-los-aportes-estatales-no-afecta-los-salarios-de-los-jubilados\/\">Provincia: La suba de los aportes estatales no afecta los salarios de los jubilados<\/a> se public\u00f3 primero en <a rel=\"nofollow\" href=\"https:\/\/ladecimaweb.com\">LaDecima<\/a>.<\/p>\n","protected":false},"excerpt":{"rendered":"<p>(Gobierno) El Gobierno de la Provincia de C\u00f3rdoba informa que la ley aprobada ayer en la Legislatura, por la que se crea un aporte de dos puntos porcentuales sobre los haberes de los empleados p\u00fablicos activos,&nbsp;no afecta los salarios que perciben los jubilados provinciales. La modificaci\u00f3n, que se efect\u00faa solamente sobre el sueldo bruto del [&hellip;]<\/p>\n","protected":false},"author":1,"featured_media":71950,"comment_status":"closed","ping_status":"closed","sticky":false,"template":"","format":"standard","meta":[],"categories":[19],"tags":[],"_links":{"self":[{"href":"http:\/\/hoycordobaweb.com\/index.php\/wp-json\/wp\/v2\/posts\/71949"}],"collection":[{"href":"http:\/\/hoycordobaweb.com\/index.php\/wp-json\/wp\/v2\/posts"}],"about":[{"href":"http:\/\/hoycordobaweb.com\/index.php\/wp-json\/wp\/v2\/types\/post"}],"author":[{"embeddable":true,"href":"http:\/\/hoycordobaweb.com\/index.php\/wp-json\/wp\/v2\/users\/1"}],"replies":[{"embeddable":true,"href":"http:\/\/hoycordobaweb.com\/index.php\/wp-json\/wp\/v2\/comments?post=71949"}],"version-history":[{"count":0,"href":"http:\/\/hoycordobaweb.com\/index.php\/wp-json\/wp\/v2\/posts\/71949\/revisions"}],"wp:featuredmedia":[{"embeddable":true,"href":"http:\/\/hoycordobaweb.com\/index.php\/wp-json\/wp\/v2\/media\/71950"}],"wp:attachment":[{"href":"http:\/\/hoycordobaweb.com\/index.php\/wp-json\/wp\/v2\/media?parent=71949"}],"wp:term":[{"taxonomy":"category","embeddable":true,"href":"http:\/\/hoycordobaweb.com\/index.php\/wp-json\/wp\/v2\/categories?post=71949"},{"taxonomy":"post_tag","embeddable":true,"href":"http:\/\/hoycordobaweb.com\/index.php\/wp-json\/wp\/v2\/tags?post=71949"}],"curies":[{"name":"wp","href":"https:\/\/api.w.org\/{rel}","templated":true}]}}