{"id":71908,"date":"2023-12-28T01:53:46","date_gmt":"2023-12-28T01:53:46","guid":{"rendered":"https:\/\/www.ole.com.ar\/ecuador\/liga-pro\/cumbaya-nuevo-entrenador-norberto-araujo_0_jtZMLpC14p.html"},"modified":"2023-12-28T01:53:46","modified_gmt":"2023-12-28T01:53:46","slug":"cumbaya-tiene-nuevo-dt-presentaron-a-norberto-araujo","status":"publish","type":"post","link":"http:\/\/hoycordobaweb.com\/index.php\/2023\/12\/28\/cumbaya-tiene-nuevo-dt-presentaron-a-norberto-araujo\/","title":{"rendered":"Cumbay\u00e1 tiene nuevo DT: presentaron a Norberto Araujo"},"content":{"rendered":"<p><img src=\"http:\/\/hoycordobaweb.com\/wp-content\/uploads\/2023\/12\/cumbaya-tiene-nuevo-dt-presentaron-a-norberto-araujo.jpg\"><\/p>\n<p><time class=\"createDate\" datetime=\"2023-12-27T22:53:46-03:00\">27\/12\/2023 22:53hs.<\/time><time class=\"modificatedDate\" datetime=\"2023-12-27T22:53:46-03:00\"><\/time><\/p>\n<div id=\"storyBody\">\n<div class=\"custom-text \" readability=\"36.993377483444\">\n<p>Luego del paso fugaz de<strong> Leonardo Vanegas<\/strong>, <strong><a href=\"https:\/\/www.ole.com.ar\/tema\/cumbaya.html\" title=\"Cumbay\u00e1\" alt=\"Cumbay\u00e1\" class=\"slug\">Cumbay\u00e1 <\/a><\/strong>ya tiene nuevo director t\u00e9cnico: este mi\u00e9rcoles <strong>anunciaron a Norberto Araujo como flamante estratega<\/strong>. El argentino, nacionalizado ecuatoriano, ya conoce muy bien el club porque fue el principal ayudante de <strong>Patricio Hurtado<\/strong> en su etapa en los Leones.<\/p>\n<\/div>\n<div class=\"custom-text \" readability=\"36\">\n<p><strong>\u00abInicia una nueva historia. Presentamos a nuestro Cuerpo T\u00e9cnico 2024, quienes encabezar\u00e1n nuestro equipo y trabajar\u00e1n con garra y coraz\u00f3n. Bienvenidos a Cumbay\u00e1 F\u00fatbol Club<\/strong>\u00ab, public\u00f3 el club de Quito en sus redes sociales.<\/p>\n<\/div>\n<div class=\"custom-text \" readability=\"36\">\n<p>El staff liderado por el ex jugador de Liga Deportiva Universitaria estar\u00e1 compuesto por<strong> Lucas Garc\u00eda (ayudante t\u00e9cnico), Fernando G\u00f3mez (preparador f\u00edsico) y Sebasti\u00e1n Cajas (entrenador de arqueros<\/strong>). As\u00ed, Cumbay\u00e1 podr\u00e1 comenzar la pretemporada con el nuevo grupo de entrenadores.<\/p>\n<\/div>\n<div class=\"custom-text \" readability=\"35\">\n<p>Los Leones se salvaron sobre el final de la Fase 2 y consiguieron mantener la categor\u00eda con Vanegas en el banco de suplentes. Sin embargo, el profesor (que ven\u00eda de dirigir a Gualaceo) solo estuvo en el cargo por tres partidos.<\/p>\n<\/div>\n<p><h2><strong>La presentaci\u00f3n de Norberto Araujo en Cumbay\u00e1<\/strong><\/h2>\n<\/p>\n<div class=\"sc-a7166897-0 exHLBh\" readability=\"6.5\">\n<section readability=\"3\"><picture><img alt=\"Cristian Pellerano y su futuro en IDV: &quot;No decid\u00ed si voy a jugar un tiempo m\u00e1s o no...&quot;\" src=\"http:\/\/hoycordobaweb.com\/wp-content\/uploads\/2023\/12\/cumbaya-tiene-nuevo-dt-presentaron-a-norberto-araujo-2.jpg\" width=\"290\" height=\"290\" decoding=\"async\" data-nimg=\"future\" loading=\"lazy\"><\/picture>\n<p><span>Mir\u00e1 tambi\u00e9n<\/span><\/p>\n<hr>\n<h3>Cristian Pellerano y su futuro en IDV: \u00abNo decid\u00ed si voy a jugar un tiempo m\u00e1s o no&#8230;\u00bb<\/h3>\n<\/p>\n<\/section>\n<\/div>\n<div class=\"sc-a7166897-0 exHLBh\" readability=\"6\">\n<section readability=\"2\"><picture><img alt=\"Los cracks de Ecuador que no estar\u00e1n en el Preol\u00edmpico\" src=\"http:\/\/hoycordobaweb.com\/wp-content\/uploads\/2023\/12\/cumbaya-tiene-nuevo-dt-presentaron-a-norberto-araujo-3.jpg\" width=\"290\" height=\"290\" decoding=\"async\" data-nimg=\"future\" loading=\"lazy\"><\/picture>\n<p><span>Mir\u00e1 tambi\u00e9n<\/span><\/p>\n<hr>\n<h3>Los cracks de Ecuador que no estar\u00e1n en el Preol\u00edmpico<\/h3>\n<\/p>\n<\/section>\n<\/div>\n<div class=\"sc-a7166897-0 exHLBh\" readability=\"6.5\">\n<section readability=\"3\"><picture><img alt=\"Con varias joyas de LigaPro, La Tri present\u00f3 la lista para el Preol\u00edmpico\" src=\"http:\/\/hoycordobaweb.com\/wp-content\/uploads\/2023\/12\/cumbaya-tiene-nuevo-dt-presentaron-a-norberto-araujo-4.jpg\" width=\"290\" height=\"290\" decoding=\"async\" data-nimg=\"future\" loading=\"lazy\"><\/picture>\n<p><span>Mir\u00e1 tambi\u00e9n<\/span><\/p>\n<hr>\n<h3>Con varias joyas de LigaPro, La Tri present\u00f3 la lista para el Preol\u00edmpico<\/h3>\n<\/p>\n<\/section>\n<\/div>\n<\/div>\n","protected":false},"excerpt":{"rendered":"<p>27\/12\/2023 22:53hs. Luego del paso fugaz de Leonardo Vanegas, Cumbay\u00e1 ya tiene nuevo director t\u00e9cnico: este mi\u00e9rcoles anunciaron a Norberto Araujo como flamante estratega. El argentino, nacionalizado ecuatoriano, ya conoce muy bien el club porque fue el principal ayudante de Patricio Hurtado en su etapa en los Leones. \u00abInicia una nueva historia. Presentamos a nuestro [&hellip;]<\/p>\n","protected":false},"author":1,"featured_media":71909,"comment_status":"open","ping_status":"closed","sticky":false,"template":"","format":"standard","meta":[],"categories":[16],"tags":[],"_links":{"self":[{"href":"http:\/\/hoycordobaweb.com\/index.php\/wp-json\/wp\/v2\/posts\/71908"}],"collection":[{"href":"http:\/\/hoycordobaweb.com\/index.php\/wp-json\/wp\/v2\/posts"}],"about":[{"href":"http:\/\/hoycordobaweb.com\/index.php\/wp-json\/wp\/v2\/types\/post"}],"author":[{"embeddable":true,"href":"http:\/\/hoycordobaweb.com\/index.php\/wp-json\/wp\/v2\/users\/1"}],"replies":[{"embeddable":true,"href":"http:\/\/hoycordobaweb.com\/index.php\/wp-json\/wp\/v2\/comments?post=71908"}],"version-history":[{"count":0,"href":"http:\/\/hoycordobaweb.com\/index.php\/wp-json\/wp\/v2\/posts\/71908\/revisions"}],"wp:featuredmedia":[{"embeddable":true,"href":"http:\/\/hoycordobaweb.com\/index.php\/wp-json\/wp\/v2\/media\/71909"}],"wp:attachment":[{"href":"http:\/\/hoycordobaweb.com\/index.php\/wp-json\/wp\/v2\/media?parent=71908"}],"wp:term":[{"taxonomy":"category","embeddable":true,"href":"http:\/\/hoycordobaweb.com\/index.php\/wp-json\/wp\/v2\/categories?post=71908"},{"taxonomy":"post_tag","embeddable":true,"href":"http:\/\/hoycordobaweb.com\/index.php\/wp-json\/wp\/v2\/tags?post=71908"}],"curies":[{"name":"wp","href":"https:\/\/api.w.org\/{rel}","templated":true}]}}