{"id":71906,"date":"2023-12-28T02:39:47","date_gmt":"2023-12-28T02:39:47","guid":{"rendered":"https:\/\/www.ole.com.ar\/ecuador\/liga-pro\/luis-zubeldia-gustavo-lescovich-futuro-liga-quito-colo-colo-chile_0_24fcHYgGDD.html"},"modified":"2023-12-28T02:39:47","modified_gmt":"2023-12-28T02:39:47","slug":"que-dijo-el-entorno-de-luis-zubeldia-sobre-la-posibilidad-de-dirigir-a-colo-colo","status":"publish","type":"post","link":"http:\/\/hoycordobaweb.com\/index.php\/2023\/12\/28\/que-dijo-el-entorno-de-luis-zubeldia-sobre-la-posibilidad-de-dirigir-a-colo-colo\/","title":{"rendered":"\u00bfQu\u00e9 dijo el entorno de Luis Zubeld\u00eda sobre la posibilidad de dirigir a Colo Colo?"},"content":{"rendered":"<p><img src=\"http:\/\/hoycordobaweb.com\/wp-content\/uploads\/2023\/12\/que-dijo-el-entorno-de-luis-zubeldia-sobre-la-posibilidad-de-dirigir-a-colo-colo.jpg\"><\/p>\n<p><time class=\"createDate\" datetime=\"2023-12-27T23:39:47-03:00\">27\/12\/2023 23:39hs.<\/time><time class=\"modificatedDate\" datetime=\"2023-12-27T23:39:47-03:00\"><\/time><\/p>\n<div id=\"storyBody\">\n<div class=\"custom-text \" readability=\"25.535307517084\">\n<p>Cuando algunas voces llegaron a discutirlo, <a href=\"https:\/\/www.ole.com.ar\/tema\/liga-de-quito.html\" title=\"liga de quito\" alt=\"liga de quito\" class=\"slug\">Liga Deportiiva Universitaria<\/a> gan\u00f3 la <a href=\"https:\/\/www.ole.com.ar\/tema\/copa-sudamericana.html\" title=\"Copa Sudamericana\" alt=\"Copa Sudamericana\" class=\"slug\">Copa Sudamericana<\/a>, se qued\u00f3 con la Fase 2 y luego <a href=\"https:\/\/www.ole.com.ar\/ecuador\/liga-pro\/ligapro-campeonato-final-liga-quito-independiente-valle-ecuador_0_O8k8yfCBbN.html\" title=\"con la final de la LigaPro\" alt=\"con la final de la LigaPro\">con la final de la LigaPro<\/a>. Sin embargo, los resultados positivos no le aseguran la continuidad a <a href=\"https:\/\/www.ole.com.ar\/tema\/luis-zubeldia.html\" target=\"_blank\" title=\"Lu\u00eds Zubeld\u00eda\" alt=\"Lu\u00eds Zubeld\u00eda\" class=\"slug\" rel=\"noopener noreferrer\">Luis Zubeld\u00eda<\/a> al frente del equipo. <strong>El propio entrenador <a href=\"https:\/\/www.ole.com.ar\/ecuador\/liga-pro\/trama-posible-salida-luis-zubeldia-liga-quito_0_ghVLbJs7iK.html\" target=\"_blank\" title=\"supo desnudar la interna dirigencial que le impide renovar\" alt=\"supo desnudar la interna dirigencial que le impide renovar\" rel=\"noopener noreferrer\">supo desnudar la interna dirigencial que le impide renovar<\/a> y en el medio existe un concreto inter\u00e9s de Colo Colo.<\/strong> Pero al parecer quedar\u00e1 en eso&#8230;<\/p>\n<\/div>\n<div class=\"custom-text \" readability=\"37\">\n<p>Es que pese a la oferta millonaria que preparaban en el Cacique debido a la salida de Gustavo Quinteros (asumi\u00f3 en V\u00e9lez), Gustavo Lescovich, representante del Pr\u00edncipe, advirti\u00f3: <strong>\u201c\u00c9l (Zubeld\u00eda) ten\u00eda arreglada su continuidad en Liga de Quito y por ahora no va a trabajar\u00bb.<\/strong><\/p>\n<\/div>\n<div class=\"custom-text \" readability=\"26.46357615894\">\n<p>En di\u00e1logo con Deportes en Agricultura, ela gente agreg\u00f3: \u201cLuis Zubeld\u00eda tom\u00f3 una decisi\u00f3n de no trabajar por ahora\u201d. Cabe recordar que el ex DT de Barcelona se encuentra en Argentina por las festividades y <a href=\"https:\/\/www.ole.com.ar\/ecuador\/liga-pro\/liga-quito-luis-zubeldia-aeropuerto-destino-argentina-continuidad_0_wMjt0oMKEt.html\" target=\"_blank\" title=\"antes de partir hacia su pa\u00eds natal, hab\u00eda manifestado su deseo de continuar en LDU. \" alt=\"antes de partir hacia su pa\u00eds natal, hab\u00eda manifestado su deseo de continuar en LDU. \" rel=\"noopener noreferrer\">antes de partir hacia su pa\u00eds natal, hab\u00eda manifestado su deseo de continuar en LDU.<\/a><\/p>\n<\/div>\n<div class=\"sc-e7b891c4-0 jPbnQF\"><img alt=\"La continuidad de Luis Zubeld\u00eda no est\u00e1 asegurada.\" src=\"http:\/\/hoycordobaweb.com\/wp-content\/uploads\/2023\/12\/que-dijo-el-entorno-de-luis-zubeldia-sobre-la-posibilidad-de-dirigir-a-colo-colo-2.jpg\" width=\"720\" height=\"100\" decoding=\"async\" data-nimg=\"future\" loading=\"lazy\"><span class=\"epigraphe\">La continuidad de Luis Zubeld\u00eda no est\u00e1 asegurada.<\/span><\/div>\n<div class=\"custom-text \" readability=\"35\">\n<p>Por \u00faltimo, Lescovich explic\u00f3 que la posible salida de Zubeld\u00eda de Liga se debe a \u201c<strong>temas internos del club. Decidi\u00f3 que por estos momentos no tomar\u00e1 ninguna decisi\u00f3n, no va a trabajar\u201d.<\/strong><\/p>\n<\/div>\n<p><h2>La movida de Colo Colo para tentar a Zubeld\u00eda<\/h2>\n<\/p>\n<div class=\"custom-text \" readability=\"38\">\n<p>Seg\u00fan el portal Dale Albo (de Chile), <strong>\u201chasta dos millones de d\u00f3lares por temporada es lo que pondr\u00eda sobre la mesa el conjunto de Macul en caso de que las tratativas con Luis Zubeld\u00eda as\u00ed lo pidiesen<\/strong>. Si bien en Colo Colo saben que su pretensi\u00f3n es seguir en LDU, quieren hacer cambiar de opini\u00f3n al t\u00e9cnico que percibe alrededor de 1,5 millones de la divisa norteamericana por temporada\u201d.<\/p>\n<\/div>\n<div class=\"sc-e7b891c4-0 jPbnQF\"><img alt=\"Luis Zubeld\u00edaen LDU.\" src=\"http:\/\/hoycordobaweb.com\/wp-content\/uploads\/2023\/12\/que-dijo-el-entorno-de-luis-zubeldia-sobre-la-posibilidad-de-dirigir-a-colo-colo-3.jpg\" width=\"720\" height=\"100\" decoding=\"async\" data-nimg=\"future\" loading=\"lazy\"><span class=\"epigraphe\">Luis Zubeld\u00edaen LDU.<\/span><\/div>\n<div class=\"custom-text \" readability=\"41\">\n<p>En tanto, el sitio web Deportes 13, se hizo eco de la crisis de LDU como el contexto ideal para el desembarco del DT, de 42 a\u00f1os. \u201cEl cuadro ecuatoriano est\u00e1 viviendo problemas dirigenciales e internos que habr\u00edan colmado la paciencia del entrenador trasandino. Su contrato termin\u00f3 y la idea era que siguiera en el equipo, pero no ha habido avances. Con este panorama en mente, Colo Colo ya se movi\u00f3 y en los \u00faltimos d\u00edas realiz\u00f3 su primera oferta con contrato de dos a\u00f1os y un millonario sueldo de 1,5 millones de d\u00f3lares. El mismo salario que percibe en Ecuador y un poco m\u00e1s de lo que ganaba Gustavo Quinteros en Macul\u201d.<\/p>\n<\/div>\n<div class=\"sc-e7b891c4-0 jPbnQF\"><img alt=\"Colo Colo busca DT porque se fue Gustavo Quinteros a V\u00e9lez.\" src=\"http:\/\/hoycordobaweb.com\/wp-content\/uploads\/2023\/12\/que-dijo-el-entorno-de-luis-zubeldia-sobre-la-posibilidad-de-dirigir-a-colo-colo-4.jpg\" width=\"720\" height=\"100\" decoding=\"async\" data-nimg=\"future\" loading=\"lazy\"><span class=\"epigraphe\">Colo Colo busca DT porque se fue Gustavo Quinteros a V\u00e9lez.<\/span><\/div>\n<div class=\"sc-a7166897-0 exHLBh\" readability=\"6\">\n<section readability=\"2\"><picture><img alt=\"Los cracks de Ecuador que no estar\u00e1n en el Preol\u00edmpico\" src=\"http:\/\/hoycordobaweb.com\/wp-content\/uploads\/2023\/12\/que-dijo-el-entorno-de-luis-zubeldia-sobre-la-posibilidad-de-dirigir-a-colo-colo-5.jpg\" width=\"290\" height=\"290\" decoding=\"async\" data-nimg=\"future\" loading=\"lazy\"><\/picture>\n<p><span>Mir\u00e1 tambi\u00e9n<\/span><\/p>\n<hr>\n<h3>Los cracks de Ecuador que no estar\u00e1n en el Preol\u00edmpico<\/h3>\n<\/p>\n<\/section>\n<\/div>\n<div class=\"sc-a7166897-0 exHLBh\" readability=\"6.5\">\n<section readability=\"3\"><picture><img alt=\"Cristian Pellerano y su futuro en IDV: &quot;No decid\u00ed si voy a jugar un tiempo m\u00e1s o no...&quot;\" src=\"http:\/\/hoycordobaweb.com\/wp-content\/uploads\/2023\/12\/que-dijo-el-entorno-de-luis-zubeldia-sobre-la-posibilidad-de-dirigir-a-colo-colo-6.jpg\" width=\"290\" height=\"290\" decoding=\"async\" data-nimg=\"future\" loading=\"lazy\"><\/picture>\n<p><span>Mir\u00e1 tambi\u00e9n<\/span><\/p>\n<hr>\n<h3>Cristian Pellerano y su futuro en IDV: \u00abNo decid\u00ed si voy a jugar un tiempo m\u00e1s o no&#8230;\u00bb<\/h3>\n<\/p>\n<\/section>\n<\/div>\n<div class=\"sc-a7166897-0 exHLBh\" readability=\"6\">\n<section readability=\"2\"><picture><img alt=\"Ins\u00f3lito: un hincha del Chelsea ayud\u00f3 a su equipo a \u00a1hacer tiempo!\" src=\"http:\/\/hoycordobaweb.com\/wp-content\/uploads\/2023\/12\/que-dijo-el-entorno-de-luis-zubeldia-sobre-la-posibilidad-de-dirigir-a-colo-colo-7.jpg\" width=\"290\" height=\"290\" decoding=\"async\" data-nimg=\"future\" loading=\"lazy\"><\/picture>\n<p><span>Mir\u00e1 tambi\u00e9n<\/span><\/p>\n<hr>\n<h3>Ins\u00f3lito: un hincha del Chelsea ayud\u00f3 a su equipo a \u00a1hacer tiempo!<\/h3>\n<\/p>\n<\/section>\n<\/div>\n<div class=\"sc-a7166897-0 exHLBh\" readability=\"6.5\">\n<section readability=\"3\"><picture><img alt=\"Objetivo Libertadores 2024: el jugador de La Liga que se disputan Flamengo y Fluminense\" src=\"http:\/\/hoycordobaweb.com\/wp-content\/uploads\/2023\/12\/que-dijo-el-entorno-de-luis-zubeldia-sobre-la-posibilidad-de-dirigir-a-colo-colo-8.jpg\" width=\"290\" height=\"290\" decoding=\"async\" data-nimg=\"future\" loading=\"lazy\"><\/picture>\n<p><span>Mir\u00e1 tambi\u00e9n<\/span><\/p>\n<hr>\n<h3>Objetivo Libertadores 2024: el jugador de La Liga que se disputan Flamengo y Fluminense<\/h3>\n<\/p>\n<\/section>\n<\/div>\n<div class=\"sc-a7166897-0 exHLBh\" readability=\"6\">\n<section readability=\"2\"><picture><img alt=\"Camino al Mundial: Per\u00fa confirm\u00f3 a Jorge Fossati como su nuevo entrenador\" src=\"http:\/\/hoycordobaweb.com\/wp-content\/uploads\/2023\/12\/que-dijo-el-entorno-de-luis-zubeldia-sobre-la-posibilidad-de-dirigir-a-colo-colo-9.jpg\" width=\"290\" height=\"290\" decoding=\"async\" data-nimg=\"future\" loading=\"lazy\"><\/picture>\n<p><span>Mir\u00e1 tambi\u00e9n<\/span><\/p>\n<hr>\n<h3>Camino al Mundial: Per\u00fa confirm\u00f3 a Jorge Fossati como su nuevo entrenador<\/h3>\n<\/p>\n<\/section>\n<\/div>\n<div class=\"sc-a7166897-0 exHLBh\" readability=\"6\">\n<section readability=\"2\"><picture><img alt=\"Pochettino: &quot;La Premier League es muy dif\u00edcil...&quot;\" src=\"http:\/\/hoycordobaweb.com\/wp-content\/uploads\/2023\/12\/que-dijo-el-entorno-de-luis-zubeldia-sobre-la-posibilidad-de-dirigir-a-colo-colo-10.jpg\" width=\"290\" height=\"290\" decoding=\"async\" data-nimg=\"future\" loading=\"lazy\"><\/picture>\n<p><span>Mir\u00e1 tambi\u00e9n<\/span><\/p>\n<hr>\n<h3>Pochettino: \u00abLa Premier League es muy dif\u00edcil&#8230;\u00bb<\/h3>\n<\/p>\n<\/section>\n<\/div>\n<div class=\"sc-a7166897-0 exHLBh\" readability=\"6\">\n<section readability=\"2\"><picture><img alt=\"Chelsea gan\u00f3 con Mois\u00e9s Caicedo y sufrimiento\" src=\"http:\/\/hoycordobaweb.com\/wp-content\/uploads\/2023\/12\/que-dijo-el-entorno-de-luis-zubeldia-sobre-la-posibilidad-de-dirigir-a-colo-colo-11.jpg\" width=\"290\" height=\"290\" decoding=\"async\" data-nimg=\"future\" loading=\"lazy\"><\/picture>\n<p><span>Mir\u00e1 tambi\u00e9n<\/span><\/p>\n<hr>\n<h3>Chelsea gan\u00f3 con Mois\u00e9s Caicedo y sufrimiento<\/h3>\n<\/p>\n<\/section>\n<\/div>\n<\/div>\n","protected":false},"excerpt":{"rendered":"<p>27\/12\/2023 23:39hs. Cuando algunas voces llegaron a discutirlo, Liga Deportiiva Universitaria gan\u00f3 la Copa Sudamericana, se qued\u00f3 con la Fase 2 y luego con la final de la LigaPro. Sin embargo, los resultados positivos no le aseguran la continuidad a Luis Zubeld\u00eda al frente del equipo. El propio entrenador supo desnudar la interna dirigencial que [&hellip;]<\/p>\n","protected":false},"author":1,"featured_media":71907,"comment_status":"open","ping_status":"closed","sticky":false,"template":"","format":"standard","meta":[],"categories":[16],"tags":[],"_links":{"self":[{"href":"http:\/\/hoycordobaweb.com\/index.php\/wp-json\/wp\/v2\/posts\/71906"}],"collection":[{"href":"http:\/\/hoycordobaweb.com\/index.php\/wp-json\/wp\/v2\/posts"}],"about":[{"href":"http:\/\/hoycordobaweb.com\/index.php\/wp-json\/wp\/v2\/types\/post"}],"author":[{"embeddable":true,"href":"http:\/\/hoycordobaweb.com\/index.php\/wp-json\/wp\/v2\/users\/1"}],"replies":[{"embeddable":true,"href":"http:\/\/hoycordobaweb.com\/index.php\/wp-json\/wp\/v2\/comments?post=71906"}],"version-history":[{"count":0,"href":"http:\/\/hoycordobaweb.com\/index.php\/wp-json\/wp\/v2\/posts\/71906\/revisions"}],"wp:featuredmedia":[{"embeddable":true,"href":"http:\/\/hoycordobaweb.com\/index.php\/wp-json\/wp\/v2\/media\/71907"}],"wp:attachment":[{"href":"http:\/\/hoycordobaweb.com\/index.php\/wp-json\/wp\/v2\/media?parent=71906"}],"wp:term":[{"taxonomy":"category","embeddable":true,"href":"http:\/\/hoycordobaweb.com\/index.php\/wp-json\/wp\/v2\/categories?post=71906"},{"taxonomy":"post_tag","embeddable":true,"href":"http:\/\/hoycordobaweb.com\/index.php\/wp-json\/wp\/v2\/tags?post=71906"}],"curies":[{"name":"wp","href":"https:\/\/api.w.org\/{rel}","templated":true}]}}