{"id":71877,"date":"2023-12-27T11:58:00","date_gmt":"2023-12-27T11:58:00","guid":{"rendered":"http:\/\/hoycordobaweb.com\/index.php\/2023\/12\/27\/dibu-martinez-es-el-segundo-mejor-arquero-del-mundo-segun-la-iffhs\/"},"modified":"2023-12-27T11:58:00","modified_gmt":"2023-12-27T11:58:00","slug":"dibu-martinez-es-el-segundo-mejor-arquero-del-mundo-segun-la-iffhs","status":"publish","type":"post","link":"http:\/\/hoycordobaweb.com\/index.php\/2023\/12\/27\/dibu-martinez-es-el-segundo-mejor-arquero-del-mundo-segun-la-iffhs\/","title":{"rendered":"\u00abDibu\u00bb Mart\u00ednez es el segundo mejor arquero del Mundo seg\u00fan la IFFHS"},"content":{"rendered":"<p><img src=\"http:\/\/hoycordobaweb.com\/wp-content\/uploads\/2023\/12\/dibu-martinez-es-el-segundo-mejor-arquero-del-mundo-segun-la-iffhs.jpg\"><\/p>\n<figure class=\"mb-3\"><img loading=\"lazy\" data-src=\"http:\/\/hoycordobaweb.com\/wp-content\/uploads\/2023\/12\/dibu-martinez-es-el-segundo-mejor-arquero-del-mundo-segun-la-iffhs-2.jpg\" src=\"https:\/\/www.telam.com.ar\/assets\/img\/not_image.png\" class=\" lazy \" width=\"100%\" height=\"100%\" alt=\"Foto Archivo Tlam\"><figcaption> Foto: Archivo T\u00e9lam. <\/figcaption><\/figure>\n<p><strong>El campe\u00f3n mundial<\/strong> Emiliano \u00abDibu\u00bb Mart\u00ednez, <strong>del Aston Villa<\/strong> de Inglaterra,<strong> qued\u00f3 segundo en el escalaf\u00f3n del mejor arquero<\/strong> <strong>de 2023<\/strong>, elaborado por la Federaci\u00f3n Internacional de Historia y Estad\u00edstica de F\u00fatbol (IFFHS),<strong> en el cual el brasile\u00f1o Ederson -del Manchester City- result\u00f3 primero.<\/strong><\/p>\n<p>Ederson Santana de Moraes, logr\u00f3 145 puntos, casi el doble de los 76 que sum\u00f3 el arquero marplatense y figura del seleccionado argentino campe\u00f3n mundial en Qatar 2022.<\/p>\n<p>Es la segunda vez que un arquero brasile\u00f1o logra el primer puesto en este ranking: el primero fue en Alisson Becker, del Liverpool ingl\u00e9s, en 2019.<\/p>\n<p>Desde que se uni\u00f3 al Manchester City en 2017, Ederson siempre estuvo clasificado entre los 10 mejores del mundo, pero reci\u00e9n en 2023 es galardonado por su gran tarea en Manchester City, club con el que gan\u00f3 todos los trofeos nacionales e internacionales que disput\u00f3.<\/p>\n<p>La IFFHS, con sede en la ciudad suiza de Lausana, es una entidad reconocida por la FIFA debido a que la instituci\u00f3n recibe apoyo log\u00edstico del m\u00e1ximo organismo mundial del f\u00fatbol, y sus miembros acreditados tienen acceso exclusivo a los archivos FIDOM-FIFA.<\/p>\n<p>Por otra parte, la FIFA indic\u00f3 reiteradas veces que la clasificaci\u00f3n de clubes de f\u00fatbol y los reconocimientos que otorga la IFFHS son independientes de los suyos.<\/p>\n<p><strong>Los 10 primeros arqueros de la lista de la IFFHS son<\/strong>:<\/p>\n<p>.1) Ederson (Brasil-Manchester City) 145 puntos<\/p>\n<p>.2) Emiliano Mart\u00ednez (Argentina-Aston Villa) 76<\/p>\n<p>.3) Thibaut Coutois (B\u00e9lgica-Real Madrid) 73<\/p>\n<p>.4) Marc-Andr\u00e9 Ter Stegen (Alemania-Barcelona) 58<\/p>\n<p>.5) Jan Oblak (Eslovenia-Atl\u00e9tico Madrid) 36<\/p>\n<p>.6) Gianluigi Donnarumma (Italia-PSG) 23<\/p>\n<p>.7) Yassine Bounou (Marruecos-Al Hilal) 22<\/p>\n<p>.8) Alison (Brasil-Liverpool) 19<\/p>\n<p>.9) Andr\u00e9 Onana (Camer\u00fan-Manchester United) 16<\/p>\n<p>10) Mike Maignan (Francia-Milan) 13 puntos.<\/p>\n","protected":false},"excerpt":{"rendered":"<p>Foto: Archivo T\u00e9lam. El campe\u00f3n mundial Emiliano \u00abDibu\u00bb Mart\u00ednez, del Aston Villa de Inglaterra, qued\u00f3 segundo en el escalaf\u00f3n del mejor arquero de 2023, elaborado por la Federaci\u00f3n Internacional de Historia y Estad\u00edstica de F\u00fatbol (IFFHS), en el cual el brasile\u00f1o Ederson -del Manchester City- result\u00f3 primero. Ederson Santana de Moraes, logr\u00f3 145 puntos, casi [&hellip;]<\/p>\n","protected":false},"author":1,"featured_media":71878,"comment_status":"open","ping_status":"closed","sticky":false,"template":"","format":"standard","meta":[],"categories":[19],"tags":[],"_links":{"self":[{"href":"http:\/\/hoycordobaweb.com\/index.php\/wp-json\/wp\/v2\/posts\/71877"}],"collection":[{"href":"http:\/\/hoycordobaweb.com\/index.php\/wp-json\/wp\/v2\/posts"}],"about":[{"href":"http:\/\/hoycordobaweb.com\/index.php\/wp-json\/wp\/v2\/types\/post"}],"author":[{"embeddable":true,"href":"http:\/\/hoycordobaweb.com\/index.php\/wp-json\/wp\/v2\/users\/1"}],"replies":[{"embeddable":true,"href":"http:\/\/hoycordobaweb.com\/index.php\/wp-json\/wp\/v2\/comments?post=71877"}],"version-history":[{"count":0,"href":"http:\/\/hoycordobaweb.com\/index.php\/wp-json\/wp\/v2\/posts\/71877\/revisions"}],"wp:featuredmedia":[{"embeddable":true,"href":"http:\/\/hoycordobaweb.com\/index.php\/wp-json\/wp\/v2\/media\/71878"}],"wp:attachment":[{"href":"http:\/\/hoycordobaweb.com\/index.php\/wp-json\/wp\/v2\/media?parent=71877"}],"wp:term":[{"taxonomy":"category","embeddable":true,"href":"http:\/\/hoycordobaweb.com\/index.php\/wp-json\/wp\/v2\/categories?post=71877"},{"taxonomy":"post_tag","embeddable":true,"href":"http:\/\/hoycordobaweb.com\/index.php\/wp-json\/wp\/v2\/tags?post=71877"}],"curies":[{"name":"wp","href":"https:\/\/api.w.org\/{rel}","templated":true}]}}