{"id":71853,"date":"2023-12-27T09:04:51","date_gmt":"2023-12-27T09:04:51","guid":{"rendered":"https:\/\/www.ole.com.ar\/san-lorenzo\/san-lorenzo-ruben-dario-insua-charla-exclusiva-ole-libertadores_0_CWHTFlZJm8.html"},"modified":"2023-12-27T09:04:51","modified_gmt":"2023-12-27T09:04:51","slug":"insua-con-ole-aspiro-a-ganar-la-segunda-libertadores","status":"publish","type":"post","link":"http:\/\/hoycordobaweb.com\/index.php\/2023\/12\/27\/insua-con-ole-aspiro-a-ganar-la-segunda-libertadores\/","title":{"rendered":"Insua con Ol\u00e9: \u00abAspiro a ganar la segunda Libertadores\u00bb"},"content":{"rendered":"<p><img src=\"http:\/\/hoycordobaweb.com\/wp-content\/uploads\/2023\/12\/insua-con-ole-aspiro-a-ganar-la-segunda-libertadores.jpg\"><\/p>\n<p><time class=\"createDate\" datetime=\"2023-12-27T06:04:51-03:00\">27\/12\/2023 06:04hs.<\/time><time class=\"modificatedDate\" datetime=\"2023-12-26T21:15:30-03:00\"> Actualizado al 26\/12\/2023 21:15hs.<\/time><\/p>\n<div id=\"storyBody\">\n<div class=\"custom-text \" readability=\"46.749326145553\">\n<p>El a\u00f1o y medio de <strong><a href=\"https:\/\/www.ole.com.ar\/tema\/ruben-dario-insua.html\" title=\"Rub\u00e9n Dar\u00edo Insua\" alt=\"Rub\u00e9n Dar\u00edo Insua\" class=\"slug\">Ruben Dar\u00edo Insua<\/a><\/strong> en <strong><a href=\"https:\/\/www.ole.com.ar\/tema\/san-lorenzo.html\" title=\"San Lorenzo\" alt=\"San Lorenzo\" class=\"slug\">San Lorenzo<\/a><\/strong> fue excepcional. Lleg\u00f3 a un club en crisis, con casi una decena de t\u00e9cnicos que apenas consegu\u00edan durar un pu\u00f1ado de meses y lo encamin\u00f3 hacia otra realidad: termin\u00f3 <strong>entre los puestos m\u00e1s altos de la tabla general<\/strong>, fue<strong> tercero en la Liga Profesional<\/strong>, dio <strong>pelea en la Sudamericana, en la Copa Argentina<\/strong> y, gracias al triunfo de Central en la Copa de la Liga, <strong>entr\u00f3 a la fase de grupos de la pr\u00f3xima Libertadores<\/strong>. \u201cNo soy un hincha fan\u00e1tico de los balances, pero <strong>creo que el 2022 fue bueno y este a\u00f1o fue un poco mejor<\/strong>\u201d, solt\u00f3 escueto, sin romperse la cabeza con grandes an\u00e1lisis, cuando atendi\u00f3 a <strong>Ol\u00e9<\/strong> desde Miami, donde viaj\u00f3 para descansar y visitar a su hijo Robertino, que vive ah\u00ed. Si bien todav\u00eda falta la firma, la nueva dirigencia azulgrana ya acord\u00f3 la renovaci\u00f3n de su contrato por las pr\u00f3ximas dos temporadas y hasta el tema fue tratado ayer en la primera reuni\u00f3n de Comisi\u00f3n Directiva. Por es el Gallego ya piensa en lo que viene: <strong>\u201cTenemos que mejorar la construcci\u00f3n de juego en campo rival y la posesi\u00f3n de pelota\u201d<\/strong>.<\/p>\n<\/div>\n<div class=\"custom-text \" readability=\"35\">\n<p><strong>-Moretti, el nuevo presidente, dijo que est\u00e1 ilusionado con ganar la segunda Libertadores. \u00bfvos lo ves como algo posible?<\/strong><\/p>\n<\/div>\n<div class=\"custom-text \" readability=\"36\">\n<p>-Lo primero que hay que destacar es el esfuerzo que hicimos para estar en el lugar en el que estamos y ahora tenemos que armar un plantel que nos permita competir. Pero s\u00ed, la aspiraci\u00f3n siempre es competir al m\u00e1ximo, San Lorenzo ya la gan\u00f3 en 2014 y aspiro a ganar la segunda Libertadores.<\/p>\n<\/div>\n<div class=\"custom-text \" readability=\"34\">\n<p><strong>-Se te ha elogiado mucho, pero tambi\u00e9n hay quienes te critican o te llaman defensivo. \u00bfTe molesta eso?<\/strong><\/p>\n<\/div>\n<div class=\"custom-text \" readability=\"35\">\n<p>-Los elogios me caen b\u00e1rbaro y los otros comentarios no me molestan, je. Eso s\u00ed, no comparto con aquellos que dicen que San Lorenzo es un equipo defensivo.<\/p>\n<\/div>\n<div class=\"custom-text \" readability=\"32\">\n<p><strong>-\u00bfY por qu\u00e9 cre\u00e9s que se instal\u00f3 ese r\u00f3tulo?<\/strong><\/p>\n<\/div>\n<div class=\"custom-text \" readability=\"50\">\n<p>-No s\u00e9, pero con solo mirar c\u00f3mo jugaba el equipo con el que salimos campe\u00f3n de la Sudamericana 2002 te das cuenta qu\u00e9 es lo que a m\u00ed me gusta, no es muy complicado. En ese equipo ten\u00edamos cuatro defensores, un solo volante de contenci\u00f3n, que era Michelini, y despu\u00e9s jugaba Zurita, Chatruc y el Pipi m\u00e1s Acosta y Astudillo arriba. Hoy ponemos en cancha, en la mayor\u00eda de los partidos, a jugadores ofensivos: normalmente juegan Legui, Bareiro, Cerutti hasta que se lesion\u00f3, Barrios o Maroni, Martegani en su momento y laterales que son mediocampistas como Giay y Braida. Si quisiera ser defensivo pondr\u00eda laterales y volantes que marquen\u2026 S\u00ed, pensando en buscar un ideal, me gustar\u00eda tener m\u00e1s y mejor construcci\u00f3n en los ataques, eso es algo que te da las caracter\u00edsticas de los jugadores.<\/p>\n<\/div>\n<div class=\"custom-text \" readability=\"33\">\n<p><strong>-Cuando asumiste en San Lorenzo en 2022 ven\u00edas de varios a\u00f1os sin dirigir. \u00bfCambi\u00f3 el f\u00fatbol en ese tiempo?<\/strong><\/p>\n<\/div>\n<div class=\"custom-text \" readability=\"35\">\n<p>-(Piensa). No, creo que no. En ese momento me encontr\u00e9 con lo que preve\u00eda y lo que ve\u00eda desde afuera, no hubo nada que me haya sorprendido.<\/p>\n<\/div>\n<div class=\"custom-text \" readability=\"32\">\n<p><strong>-\u00bfSos de mirar mucho f\u00fatbol en tu tiempo libre?<\/strong><\/p>\n<\/div>\n<div class=\"custom-text \" readability=\"33\">\n<p>-S\u00ed, miro mucho y todo el tiempo.<\/p>\n<\/div>\n<div class=\"custom-text \" readability=\"32\">\n<p><strong>-\u00bfQu\u00e9 prefer\u00eds mirar: f\u00fatbol argentino o europeo?<\/strong><\/p>\n<\/div>\n<div class=\"custom-text \" readability=\"34\">\n<p>-\u00a1Todo! Y si me pregunt\u00e1s qu\u00e9 equipos me gustan, hay dos en todo el mundo: la Selecci\u00f3n Argentina y el Manchester City.<\/p>\n<\/div>\n<div class=\"custom-text \" readability=\"32\">\n<p><strong>-\u00bfEncontr\u00e1s alg\u00fan paralelismo entre el equipo de Scaloni y el de Guardiola?<\/strong><\/p>\n<\/div>\n<div class=\"custom-text \" readability=\"37\">\n<p>-S\u00ed, son muy parecidos. Los dos juegan siempre bien y ganan casi todos los partidos, que son dos cosas bastante dif\u00edciles de conseguir, je. Despu\u00e9s, que muchos quieran copiarlos es otra cosa\u2026<\/p>\n<\/div>\n<div class=\"custom-text \" readability=\"35\">\n<p><strong>-No te digo copiarlos, pero con la diferencia de jugadores, de plata\u2026 \u00bfUn t\u00e9cnico del f\u00fatbol argentino puede sacar algo de esos equipos e implementarlo en los suyos?<\/strong><\/p>\n<\/div>\n<div class=\"custom-text \" readability=\"42\">\n<p>-S\u00ed, por supuesto. A m\u00ed me parece que lo m\u00e1s importante que tienen es la tenencia colectica y el dominio que ejercen sobre los rivales\u2026 Ahora, claro, tienen jugadores para poder hacer eso. Adem\u00e1s, ac\u00e1, en el f\u00fatbol argentino, en la competencia interna, generalmente los rivales no te permiten hacer eso. Es un f\u00fatbol diferente al ingl\u00e9s.<\/p>\n<\/div>\n<div class=\"custom-text \" readability=\"32\">\n<p><strong>-\u00bfPor diferente se puede entender como m\u00e1s dif\u00edcil tambi\u00e9n?<\/strong><\/p>\n<\/div>\n<div class=\"custom-text \" readability=\"41\">\n<p>-S\u00ed, es m\u00e1s dif\u00edcil tambi\u00e9n porque ten\u00e9s menos tiempo para pensar, para maniobrar, hay mayor agresividad en los duelos individuales\u2026 Siempre pens\u00e9 que la liga argentina est\u00e1 entre las tres o cuatro mejores del mundo. Bah, todo el f\u00fatbol argentino en general, porque es algo que se da tanto a nivel clubes como a nivel Selecci\u00f3n y juveniles\u2026 En todo, el f\u00fatbol de argentina es de elite.<\/p>\n<\/div>\n<div class=\"custom-text \" readability=\"32\">\n<p><strong>-\u00bfCre\u00e9s que est\u00e1 un poco infravalorado nuestro f\u00fatbol?<\/strong><\/p>\n<\/div>\n<div class=\"custom-text \">\n<p>-Puertas afuera, no.<\/p>\n<\/div>\n<div class=\"custom-text \">\n<p><strong>-\u00bfY puertas adentro?<\/strong><\/p>\n<\/div>\n<div class=\"custom-text \" readability=\"36\">\n<p>-(Sonr\u00ede). Pasa que somos muy competitivos entre nosotros mismos y eso genera cierta tendencia a bajar el precio&#8230; Pero es algo que habla de nuestra propia competitividad. Creo que es algo bueno porque quiere decir que siempre buscamos competir al l\u00edmite, y es algo que pasa tanto en el f\u00fatbol como en la sociedad en general. Somos inconformistas por naturaleza y creo que es algo que habla bien de nosotros los argentinos.<\/p>\n<\/div>\n<div class=\"custom-text \" readability=\"33\">\n<p><strong>-Generaste una gran relaci\u00f3n con Ortigoza cuando \u00e9l todav\u00eda jugaba y vos fuiste su t\u00e9cnico. Ahora va a presidir el F\u00fatbol Profesional de San Lorenzo\u2026<\/strong><\/p>\n<\/div>\n<div class=\"custom-text \" readability=\"39\">\n<p>-Para m\u00ed fue un placer haberlo podido dirigir y, adem\u00e1s, tengo un afecto por el como individuo. Ahora, en esta nueva funci\u00f3n, deseo que nos vaya como nos fue cuando \u00e9ramos jugador y t\u00e9cnico, a eso aspiramos.<\/p>\n<\/div>\n<div class=\"custom-text \" readability=\"32\">\n<p><strong>-\u00bfYa le est\u00e1s metiendo presi\u00f3n por los refuerzos?<\/strong><\/p>\n<\/div>\n<div class=\"custom-text \" readability=\"39\">\n<p>-No, estamos tranquilos. Venimos conversando, el plan que todos tenemos es mantener la base de jugadores de este a\u00f1o, esos 13 o 14 que us\u00e1bamos casi en forma permanente, m\u00e1s otro grupo de m\u00e1s o menos la misma cantidad de juveniles muy buenos y a eso sumarle seis o siete refuerzos. Pero a partir de esta semana vamos a ir avanzando de a poco con esos temas\u2026<\/p>\n<\/div>\n<div class=\"custom-text \" readability=\"32\">\n<p><strong>-\u00bfLlamaste a alg\u00fan jugador para convencerlo de que se sume a tu San Lorenzo?<\/strong><\/p>\n<\/div>\n<div class=\"custom-text \" readability=\"36\">\n<p>-No quiero hablar de nombres. Solo te digo que no habl\u00e9 por tel\u00e9fono con nadie, solamente habl\u00e9 personalmente con uno, que me lo encontr\u00e9 de casualidad\u2026 Es un jugador que a m\u00ed me gusta y el club ya est\u00e1 haciendo gestiones para traerlo. Esperemos que se d\u00e9\u2026<\/p>\n<\/div>\n<div class=\"sc-a7166897-0 exHLBh\" readability=\"6\">\n<section readability=\"2\"><picture><img alt=\"Copa de la Liga 2024: cu\u00e1ndo son los cl\u00e1sicos y algunas rarezas del fixture\" src=\"http:\/\/hoycordobaweb.com\/wp-content\/uploads\/2023\/12\/insua-con-ole-aspiro-a-ganar-la-segunda-libertadores-2.jpg\" width=\"290\" height=\"290\" decoding=\"async\" data-nimg=\"future\" loading=\"lazy\"><\/picture>\n<p><span>Mir\u00e1 tambi\u00e9n<\/span><\/p>\n<hr>\n<h3>Copa de la Liga 2024: cu\u00e1ndo son los cl\u00e1sicos y algunas rarezas del fixture<\/h3>\n<\/p>\n<\/section>\n<\/div>\n<div class=\"sc-a7166897-0 exHLBh\" readability=\"6\">\n<section readability=\"2\"><picture><img alt=\"\u00bfQui\u00e9n fue el mejor t\u00e9cnico del f\u00fatbol argentino en el 2023?\" src=\"http:\/\/hoycordobaweb.com\/wp-content\/uploads\/2023\/12\/insua-con-ole-aspiro-a-ganar-la-segunda-libertadores-3.jpg\" width=\"290\" height=\"290\" decoding=\"async\" data-nimg=\"future\" loading=\"lazy\"><\/picture>\n<p><span>Mir\u00e1 tambi\u00e9n<\/span><\/p>\n<hr>\n<h3>\u00bfQui\u00e9n fue el mejor t\u00e9cnico del f\u00fatbol argentino en el 2023?<\/h3>\n<\/p>\n<\/section>\n<\/div>\n<div class=\"sc-a7166897-0 exHLBh\" readability=\"6\">\n<section readability=\"2\"><picture><img alt=\"San Lorenzo y un libro de pases con varios colombianos\" src=\"http:\/\/hoycordobaweb.com\/wp-content\/uploads\/2023\/12\/insua-con-ole-aspiro-a-ganar-la-segunda-libertadores-4.jpg\" width=\"290\" height=\"290\" decoding=\"async\" data-nimg=\"future\" loading=\"lazy\"><\/picture>\n<p><span>Mir\u00e1 tambi\u00e9n<\/span><\/p>\n<hr>\n<h3>San Lorenzo y un libro de pases con varios colombianos<\/h3>\n<\/p>\n<\/section>\n<\/div>\n<div class=\"sc-a7166897-0 exHLBh\" readability=\"6\">\n<section readability=\"2\"><picture><img alt=\"Desvalijaron el departamento de un jugador de Argentinos Juniors\" src=\"http:\/\/hoycordobaweb.com\/wp-content\/uploads\/2023\/12\/insua-con-ole-aspiro-a-ganar-la-segunda-libertadores-5.jpg\" width=\"290\" height=\"290\" decoding=\"async\" data-nimg=\"future\" loading=\"lazy\"><\/picture>\n<p><span>Mir\u00e1 tambi\u00e9n<\/span><\/p>\n<hr>\n<h3>Desvalijaron el departamento de un jugador de Argentinos Juniors<\/h3>\n<\/p>\n<\/section>\n<\/div>\n<div class=\"sc-a7166897-0 exHLBh\" readability=\"6.5\">\n<section readability=\"3\"><picture><img alt=\"Preol\u00edmpico Sudamericano 2024: c\u00f3mo y cu\u00e1ndo se juega, formato y grupos\" src=\"http:\/\/hoycordobaweb.com\/wp-content\/uploads\/2023\/12\/insua-con-ole-aspiro-a-ganar-la-segunda-libertadores-6.jpg\" width=\"290\" height=\"290\" decoding=\"async\" data-nimg=\"future\" loading=\"lazy\"><\/picture>\n<p><span>Mir\u00e1 tambi\u00e9n<\/span><\/p>\n<hr>\n<h3>Preol\u00edmpico Sudamericano 2024: c\u00f3mo y cu\u00e1ndo se juega, formato y grupos<\/h3>\n<\/p>\n<\/section>\n<\/div>\n<div class=\"sc-a7166897-0 exHLBh\" readability=\"6\">\n<section readability=\"2\"><picture><img alt=\"\u00c9xodo de juveniles sub 20 en el f\u00fatbol argentino\" src=\"http:\/\/hoycordobaweb.com\/wp-content\/uploads\/2023\/12\/insua-con-ole-aspiro-a-ganar-la-segunda-libertadores-7.jpg\" width=\"290\" height=\"290\" decoding=\"async\" data-nimg=\"future\" loading=\"lazy\"><\/picture>\n<p><span>Mir\u00e1 tambi\u00e9n<\/span><\/p>\n<hr>\n<h3>\u00c9xodo de juveniles sub 20 en el f\u00fatbol argentino<\/h3>\n<\/p>\n<\/section>\n<\/div>\n<div class=\"sc-a7166897-0 exHLBh\" readability=\"6\">\n<section readability=\"2\"><picture><img alt=\"Copa de la Liga 2024: c\u00f3mo qued\u00f3 el fixture y cu\u00e1ndo ser\u00e1n los cl\u00e1sicos\" src=\"http:\/\/hoycordobaweb.com\/wp-content\/uploads\/2023\/12\/insua-con-ole-aspiro-a-ganar-la-segunda-libertadores-8.jpg\" width=\"290\" height=\"290\" decoding=\"async\" data-nimg=\"future\" loading=\"lazy\"><\/picture>\n<p><span>Mir\u00e1 tambi\u00e9n<\/span><\/p>\n<hr>\n<h3>Copa de la Liga 2024: c\u00f3mo qued\u00f3 el fixture y cu\u00e1ndo ser\u00e1n los cl\u00e1sicos<\/h3>\n<\/p>\n<\/section>\n<\/div>\n<\/div>\n","protected":false},"excerpt":{"rendered":"<p>27\/12\/2023 06:04hs. Actualizado al 26\/12\/2023 21:15hs. El a\u00f1o y medio de Ruben Dar\u00edo Insua en San Lorenzo fue excepcional. Lleg\u00f3 a un club en crisis, con casi una decena de t\u00e9cnicos que apenas consegu\u00edan durar un pu\u00f1ado de meses y lo encamin\u00f3 hacia otra realidad: termin\u00f3 entre los puestos m\u00e1s altos de la tabla general, [&hellip;]<\/p>\n","protected":false},"author":1,"featured_media":71854,"comment_status":"open","ping_status":"closed","sticky":false,"template":"","format":"standard","meta":[],"categories":[16],"tags":[],"_links":{"self":[{"href":"http:\/\/hoycordobaweb.com\/index.php\/wp-json\/wp\/v2\/posts\/71853"}],"collection":[{"href":"http:\/\/hoycordobaweb.com\/index.php\/wp-json\/wp\/v2\/posts"}],"about":[{"href":"http:\/\/hoycordobaweb.com\/index.php\/wp-json\/wp\/v2\/types\/post"}],"author":[{"embeddable":true,"href":"http:\/\/hoycordobaweb.com\/index.php\/wp-json\/wp\/v2\/users\/1"}],"replies":[{"embeddable":true,"href":"http:\/\/hoycordobaweb.com\/index.php\/wp-json\/wp\/v2\/comments?post=71853"}],"version-history":[{"count":0,"href":"http:\/\/hoycordobaweb.com\/index.php\/wp-json\/wp\/v2\/posts\/71853\/revisions"}],"wp:featuredmedia":[{"embeddable":true,"href":"http:\/\/hoycordobaweb.com\/index.php\/wp-json\/wp\/v2\/media\/71854"}],"wp:attachment":[{"href":"http:\/\/hoycordobaweb.com\/index.php\/wp-json\/wp\/v2\/media?parent=71853"}],"wp:term":[{"taxonomy":"category","embeddable":true,"href":"http:\/\/hoycordobaweb.com\/index.php\/wp-json\/wp\/v2\/categories?post=71853"},{"taxonomy":"post_tag","embeddable":true,"href":"http:\/\/hoycordobaweb.com\/index.php\/wp-json\/wp\/v2\/tags?post=71853"}],"curies":[{"name":"wp","href":"https:\/\/api.w.org\/{rel}","templated":true}]}}