{"id":71830,"date":"2023-12-26T11:57:00","date_gmt":"2023-12-26T11:57:00","guid":{"rendered":"http:\/\/hoycordobaweb.com\/index.php\/2023\/12\/26\/milei-encabeza-una-reunion-de-gabinete-en-casa-rosada\/"},"modified":"2023-12-26T11:57:00","modified_gmt":"2023-12-26T11:57:00","slug":"milei-encabeza-una-reunion-de-gabinete-en-casa-rosada","status":"publish","type":"post","link":"http:\/\/hoycordobaweb.com\/index.php\/2023\/12\/26\/milei-encabeza-una-reunion-de-gabinete-en-casa-rosada\/","title":{"rendered":"Milei encabeza una reuni\u00f3n de Gabinete en Casa Rosada"},"content":{"rendered":"<p><img src=\"http:\/\/hoycordobaweb.com\/wp-content\/uploads\/2023\/12\/milei-encabeza-una-reunion-de-gabinete-en-casa-rosada.jpg\"><\/p>\n<figure class=\"mb-3\"><img loading=\"lazy\" data-src=\"http:\/\/hoycordobaweb.com\/wp-content\/uploads\/2023\/12\/milei-encabeza-una-reunion-de-gabinete-en-casa-rosada-2.jpg\" src=\"https:\/\/www.telam.com.ar\/assets\/img\/not_image.png\" class=\" lazy \" width=\"100%\" height=\"100%\" alt=\"Foto ArchivoAlejandro Santa Cruz\"><figcaption> Foto: Archivo\/Alejandro Santa Cruz <\/figcaption><\/figure>\n<p>El presidente Javier Milei encabeza una nueva reuni\u00f3n del Gabinete nacional en la Casa de Gobierno del que toman parte ministros y colaboradores pr\u00f3ximos.<\/p>\n<p>El jefe de Estado <strong>arrib\u00f3 a las 8 a la Casa Rosada y se dirigi\u00f3 a su despacho del primer piso<\/strong>, tras lo cual se traslado a las 8,30 al Sal\u00f3n Eva Per\u00f3n para deliberar junto al Gabinete.<\/p>\n<figure class=\"mb-3\"><img loading=\"lazy\" data-src=\"http:\/\/hoycordobaweb.com\/wp-content\/uploads\/2023\/12\/milei-encabeza-una-reunion-de-gabinete-en-casa-rosada-3.jpg\" src=\"https:\/\/www.telam.com.ar\/assets\/img\/not_image.png\" class=\" lazy \" width=\"100%\" height=\"100%\" alt=\"Diana Mondino ministra de Relaciones Exteriores Comercio Internacional y Culto Foto Daniel Dabove\"><figcaption> Diana Mondino, ministra de Relaciones Exteriores, Comercio Internacional y Culto. \/ Foto: Daniel Dabove <\/figcaption><\/figure>\n<p>De esa forma, Milei retoma sus tareas en la Casa de Gobierno, tras la pausa de la Navidad y luego de haber convocado a sesiones extraordinarias del Congreso hasta el 31 de enero.<\/p>\n<p>Participan adem\u00e1s la secretaria General de la Presidencia, Karina Milei; el jefe de Gabinete, Nicol\u00e1s Posse; y los ministros Guillermo Francos (Interior); Diana Mondino (Relaciones Exteriores, Comercio Internacional y Culto); Luis Petri (Defensa); Luis Caputo (Econom\u00eda); Guillermo Ferraro (Infraestructura); Mariano C\u00faneo Libarona (de Justicia); Mario Russo (Salud); Patricia Bullrich (Seguridad); y Sandra Pettovello (Capital Humano),<\/p>\n<p>Tambi\u00e9n se encuentran presentes el secretario de Legal y T\u00e9cnica, Javier Herrera Bravo; la secretaria de Comunicaci\u00f3n y Prensa, Bel\u00e9n Stettler; el vocero presidencial, Manuel Adorni; el secretario Ejecutivo de Gobierno de la Jefatura de Gabinete, Jos\u00e9 Rolandi; el presidente del Banco Central, Santiago Bausili y Santiago Caputo.<\/p>\n<p>Asimismo, como ya es habitual,<strong> tras la reuni\u00f3n de gabinete, a las 11, el vocero presidencial, Manuel Adorni, brindar\u00e1 una conferencia de prensa<\/strong> en el Sal\u00f3n de Conferencias de la Casa Rosada.<\/p>\n<figure class=\"mb-3\"><img loading=\"lazy\" data-src=\"http:\/\/hoycordobaweb.com\/wp-content\/uploads\/2023\/12\/milei-encabeza-una-reunion-de-gabinete-en-casa-rosada-4.jpg\" src=\"https:\/\/www.telam.com.ar\/assets\/img\/not_image.png\" class=\" lazy \" width=\"100%\" height=\"100%\" alt=\"Santiago Bausili presidente del Banco Central Foto Daniel Dabove\"><figcaption> Santiago Bausili, presidente del Banco Central \/ Foto: Daniel Dabove <\/figcaption><\/figure>\n<h2 class>La convocatoria a sesiones extraordinaras<\/h2>\n<p>El viernes pasado a la noche, el jefe de Estado convoc\u00f3 a sesiones extraordinarias del Parlamento, a partir de este martes y hasta fines de enero.<\/p>\n<p>El Congreso tiene sesiones ordinarias entre el 1 de marzo y el 30 de noviembre, y s\u00f3lo el Presidente tiene la facultad de convocar a sesiones extraordinarias.<\/p>\n<figure class=\"mb-3\"><img loading=\"lazy\" data-src=\"http:\/\/hoycordobaweb.com\/wp-content\/uploads\/2023\/12\/milei-encabeza-una-reunion-de-gabinete-en-casa-rosada-5.jpg\" src=\"https:\/\/www.telam.com.ar\/assets\/img\/not_image.png\" class=\" lazy \" width=\"100%\" height=\"100%\" alt=\"Javier Herrera Bravo secretario Legal y Tcnico Foto Daniel Dabove\"><figcaption> Javier Herrera Bravo, secretario Legal y T\u00e9cnico. \/ Foto: Daniel Dabove <\/figcaption><\/figure>\n<p>La convocatoria incluye una decena de proyectos de ley que considera claves para su gesti\u00f3n, entre los que se destaca una <strong>reforma de funciones del Estado y cambios en el r\u00e9gimen del Impuesto a las Ganancias<\/strong>.<\/p>\n<p>Respecto de este \u00faltimo, Milei hab\u00eda anticipado la semana pasada a los gobernadores que iba a volver a aplicar -en septiembre pasado hab\u00eda habido una quita aplicada por el anterior gobierno- el impuesto a los altos ingresos por el t\u00e9rmino de un a\u00f1o, pero a\u00fan se desconoce a partir de qu\u00e9 sueldo bruto se aplicar\u00e1 el tributo.<\/p>\n<figure class=\"mb-3\"><img loading=\"lazy\" data-src=\"http:\/\/hoycordobaweb.com\/wp-content\/uploads\/2023\/12\/milei-encabeza-una-reunion-de-gabinete-en-casa-rosada-6.jpg\" src=\"https:\/\/www.telam.com.ar\/assets\/img\/not_image.png\" class=\" lazy \" width=\"100%\" height=\"100%\" alt=\"Guillermo Francos ministro del Interior Foto Daniel Dabove\"><figcaption> Guillermo Francos, ministro del Interior. \/ Foto: Daniel Dabove <\/figcaption><\/figure>\n<p>Otro tema que se incluy\u00f3 es el <strong>proyecto de Boleta \u00danica<\/strong>, que se aprob\u00f3 en el 2022 en Diputados y est\u00e1 pendiente de su tratamiento en el Senado, aunque en este punto no se descarta incluir la eliminaci\u00f3n de las PASO, con lo cual deber\u00eda volver a debatirse ese paquete vinculado con lo electoral en la C\u00e1mara baja.<\/p>\n<p>Tambi\u00e9n en la convocatoria a extraordinarias se incluye en el temario una iniciativa por la cual se solicita autorizaci\u00f3n para que el se\u00f1or Presidente de la Naci\u00f3n pueda ausentarse del pa\u00eds durante el a\u00f1o 2024 \u00abcuando razones de gobierno lo requieran\u00bb.<\/p>\n","protected":false},"excerpt":{"rendered":"<p>Foto: Archivo\/Alejandro Santa Cruz El presidente Javier Milei encabeza una nueva reuni\u00f3n del Gabinete nacional en la Casa de Gobierno del que toman parte ministros y colaboradores pr\u00f3ximos. El jefe de Estado arrib\u00f3 a las 8 a la Casa Rosada y se dirigi\u00f3 a su despacho del primer piso, tras lo cual se traslado a [&hellip;]<\/p>\n","protected":false},"author":1,"featured_media":71831,"comment_status":"open","ping_status":"closed","sticky":false,"template":"","format":"standard","meta":[],"categories":[19],"tags":[],"_links":{"self":[{"href":"http:\/\/hoycordobaweb.com\/index.php\/wp-json\/wp\/v2\/posts\/71830"}],"collection":[{"href":"http:\/\/hoycordobaweb.com\/index.php\/wp-json\/wp\/v2\/posts"}],"about":[{"href":"http:\/\/hoycordobaweb.com\/index.php\/wp-json\/wp\/v2\/types\/post"}],"author":[{"embeddable":true,"href":"http:\/\/hoycordobaweb.com\/index.php\/wp-json\/wp\/v2\/users\/1"}],"replies":[{"embeddable":true,"href":"http:\/\/hoycordobaweb.com\/index.php\/wp-json\/wp\/v2\/comments?post=71830"}],"version-history":[{"count":0,"href":"http:\/\/hoycordobaweb.com\/index.php\/wp-json\/wp\/v2\/posts\/71830\/revisions"}],"wp:featuredmedia":[{"embeddable":true,"href":"http:\/\/hoycordobaweb.com\/index.php\/wp-json\/wp\/v2\/media\/71831"}],"wp:attachment":[{"href":"http:\/\/hoycordobaweb.com\/index.php\/wp-json\/wp\/v2\/media?parent=71830"}],"wp:term":[{"taxonomy":"category","embeddable":true,"href":"http:\/\/hoycordobaweb.com\/index.php\/wp-json\/wp\/v2\/categories?post=71830"},{"taxonomy":"post_tag","embeddable":true,"href":"http:\/\/hoycordobaweb.com\/index.php\/wp-json\/wp\/v2\/tags?post=71830"}],"curies":[{"name":"wp","href":"https:\/\/api.w.org\/{rel}","templated":true}]}}