{"id":71798,"date":"2023-12-26T11:52:32","date_gmt":"2023-12-26T11:52:32","guid":{"rendered":"https:\/\/ladecimaweb.com\/?p=23649"},"modified":"2023-12-26T11:52:32","modified_gmt":"2023-12-26T11:52:32","slug":"crece-el-escandalo-por-los-potenciar-trabajo-mas-de-8-000-beneficiarios-son-empleados-provinciales","status":"publish","type":"post","link":"http:\/\/hoycordobaweb.com\/index.php\/2023\/12\/26\/crece-el-escandalo-por-los-potenciar-trabajo-mas-de-8-000-beneficiarios-son-empleados-provinciales\/","title":{"rendered":"Crece el esc\u00e1ndalo por los Potenciar Trabajo: m\u00e1s de 8.000 beneficiarios son empleados provinciales"},"content":{"rendered":"<div class=\"boldgrid-section\">\n<div class=\"container\">\n<div class=\"row\">\n<div class=\"col-md-12 col-xs-12 col-sm-12\">\n<p class=\"\"><span>(Con info de Infobae y otros medios porte\u00f1os) El fiscal federal <\/span><b>Guillermo Marijuan<\/b><span>&nbsp;acredit\u00f3 la identidad de al menos&nbsp;<\/span><b>8.535 empleados<\/b><span>&nbsp;de 10 provincias que son <strong>beneficiarios del programa Potenciar Trabajo<\/strong>, un hecho incompatible. El funcionario judicial solicit\u00f3 en noviembre las bases de datos de los trabajadores estatales de las 23 provincias y la Ciudad Aut\u00f3noma de Buenos Aires, para cruzarlas con el padr\u00f3n del plan social. Hasta ahora solo diez distritos respondieron. Los otros fueron intimados por segunda vez.<\/span><\/p>\n<p class=\"paragraph\" data-mrf-recirculation=\"Links inline\">Marijuan los acusa de \u201cla realizaci\u00f3n de <b>presuntas maniobras il\u00edcitas <\/b>que podr\u00edan encontrar adecuaci\u00f3n t\u00edpica en el delito de defraudaci\u00f3n contra la Administraci\u00f3n P\u00fablica; as\u00ed como tambi\u00e9n <b>contra los funcionarios p\u00fablicos nacionales y provinciales <\/b>que por sus acciones u omisiones han permitido o facilitado la comisi\u00f3n de estos fraudes contra el Estado Nacional, conductas que, en principio, encuadrar\u00edan en el delito de <b>violaci\u00f3n de los deberes de funcionario p\u00fablico<\/b>\u201d.<\/p>\n<p class=\"paragraph\" data-mrf-recirculation=\"Links inline\">Hasta la llegada de <b>Javier Milei <\/b>a la Casa Rosada, el mayor programa del ex Ministerio de Desarrollo Social era administrado por el l\u00edder del Movimiento Evita <b>Emilio P\u00e9rsico (foto)<\/b>, desde la secretar\u00eda de Econom\u00eda Social. Y los ministros que estuvieron a cargo de la poderosa cartera fueron <b>Daniel Arroyo<\/b>, <b>Juan \u201cJuanchi\u201d Zavaleta<\/b>, y <b>Victoria Tolosa Paz<\/b>. En las tres administraciones P\u00e9rsico sigui\u00f3 a cargo del Potenciar Trabajo.<\/p>\n<p class=\"paragraph\" data-mrf-recirculation=\"Links inline\">Son las provincias de Tucum\u00e1n con 1.145 empleados que cobran el Potenciar Trabajo; La Rioja, con 1.060 -divididos en 303 de planta permanente y 757 contratados-; Jujuy, 652; Corrientes, 518; Salta, 434; R\u00edo Negro, 198; <strong>C\u00f3rdoba, 194<\/strong>; Formosa, 180; y Santa Cruz, con 128.<\/p>\n<div class=\"dfpAd ad-inline\">La provincia de Buenos Aires es un caso particular. La decisi\u00f3n del reelecto gobernador <b>Axel Kicillof<\/b>, fue que cada uno de sus ministros cumpla con la manda judicial. Pero lo hacen de manera lenta. Hasta ahora lo hicieron el Ministerio de Seguridad, 809; Cultura y Educaci\u00f3n, 858 y Jefatura de Gabinete, 576. Solo en esas tres \u00e1reas ya se identificaron&nbsp;<b>2.243 personas que cobran el Potenciar Trabajo <\/b>y son, a la vez, empleados p\u00fablicos.<\/div>\n<p class=\"\"><span class=\"\">A este ritmo, la cantidad de incompatibilidades solo en las gobernaciones -sin contar los municipios- pueden superar largamente a las 20.000 personas.<\/span><\/p>\n<p class=\"\">La ministra de Capital Humano, <b>Sandra Pettovello<\/b>&nbsp;orden\u00f3 una \u201cauditor\u00eda de cero\u201d. Los datos de Marijuan podr\u00edan ser de suma importancia.<\/p>\n<p class=\"\">&nbsp;<\/p>\n<div class=\"ubm_banner\"><a href=\"https:\/\/www.cordobaturismo.gov.ar\/\" target=\"_blank\" rel=\"dofollow noopener noreferrer\"><img src=\"http:\/\/hoycordobaweb.com\/wp-content\/uploads\/2023\/12\/crece-el-escandalo-por-los-potenciar-trabajo-mas-de-8-000-beneficiarios-son-empleados-provinciales.gif\" alt=\"\"><\/a><\/div>\n<\/div>\n<div><\/div>\n<div class=\"col-md-12 col-xs-12 col-sm-12\">\n<p>&nbsp;<\/p>\n<\/div>\n<\/div>\n<\/div>\n<\/div>\n<p>La entrada <a rel=\"nofollow\" href=\"https:\/\/ladecimaweb.com\/crece-el-escandalo-por-los-potenciar-trabajo-mas-de-8-000-beneficiarios-son-empleados-provinciales\/\">Crece el esc\u00e1ndalo por los Potenciar Trabajo: m\u00e1s de 8.000 beneficiarios son empleados provinciales<\/a> se public\u00f3 primero en <a rel=\"nofollow\" href=\"https:\/\/ladecimaweb.com\">LaDecima<\/a>.<\/p>\n","protected":false},"excerpt":{"rendered":"<p>(Con info de Infobae y otros medios porte\u00f1os) El fiscal federal Guillermo Marijuan&nbsp;acredit\u00f3 la identidad de al menos&nbsp;8.535 empleados&nbsp;de 10 provincias que son beneficiarios del programa Potenciar Trabajo, un hecho incompatible. El funcionario judicial solicit\u00f3 en noviembre las bases de datos de los trabajadores estatales de las 23 provincias y la Ciudad Aut\u00f3noma de Buenos [&hellip;]<\/p>\n","protected":false},"author":1,"featured_media":71799,"comment_status":"closed","ping_status":"closed","sticky":false,"template":"","format":"standard","meta":[],"categories":[19],"tags":[],"_links":{"self":[{"href":"http:\/\/hoycordobaweb.com\/index.php\/wp-json\/wp\/v2\/posts\/71798"}],"collection":[{"href":"http:\/\/hoycordobaweb.com\/index.php\/wp-json\/wp\/v2\/posts"}],"about":[{"href":"http:\/\/hoycordobaweb.com\/index.php\/wp-json\/wp\/v2\/types\/post"}],"author":[{"embeddable":true,"href":"http:\/\/hoycordobaweb.com\/index.php\/wp-json\/wp\/v2\/users\/1"}],"replies":[{"embeddable":true,"href":"http:\/\/hoycordobaweb.com\/index.php\/wp-json\/wp\/v2\/comments?post=71798"}],"version-history":[{"count":0,"href":"http:\/\/hoycordobaweb.com\/index.php\/wp-json\/wp\/v2\/posts\/71798\/revisions"}],"wp:featuredmedia":[{"embeddable":true,"href":"http:\/\/hoycordobaweb.com\/index.php\/wp-json\/wp\/v2\/media\/71799"}],"wp:attachment":[{"href":"http:\/\/hoycordobaweb.com\/index.php\/wp-json\/wp\/v2\/media?parent=71798"}],"wp:term":[{"taxonomy":"category","embeddable":true,"href":"http:\/\/hoycordobaweb.com\/index.php\/wp-json\/wp\/v2\/categories?post=71798"},{"taxonomy":"post_tag","embeddable":true,"href":"http:\/\/hoycordobaweb.com\/index.php\/wp-json\/wp\/v2\/tags?post=71798"}],"curies":[{"name":"wp","href":"https:\/\/api.w.org\/{rel}","templated":true}]}}