{"id":71759,"date":"2023-12-24T21:53:35","date_gmt":"2023-12-24T21:53:35","guid":{"rendered":"https:\/\/www.ole.com.ar\/ecuador\/la-tri\/enner-valencia-goles-inter-fenerbahce-ecuador-tri-goleador_0_cNzOcTf4aI.html"},"modified":"2023-12-24T21:53:35","modified_gmt":"2023-12-24T21:53:35","slug":"el-ano-goleador-de-enner-de-fenerbahce-a-inter-y-los-festejos-en-la-tri","status":"publish","type":"post","link":"http:\/\/hoycordobaweb.com\/index.php\/2023\/12\/24\/el-ano-goleador-de-enner-de-fenerbahce-a-inter-y-los-festejos-en-la-tri\/","title":{"rendered":"El a\u00f1o goleador de Enner: de Fenerbahce a Inter y los festejos en La Tri"},"content":{"rendered":"<p><img src=\"http:\/\/hoycordobaweb.com\/wp-content\/uploads\/2023\/12\/el-ano-goleador-de-enner-de-fenerbahce-a-inter-y-los-festejos-en-la-tri.jpg\"><\/p>\n<p><time class=\"createDate\" datetime=\"2023-12-24T18:53:35-03:00\">24\/12\/2023 18:53hs.<\/time><time class=\"modificatedDate\" datetime=\"2023-12-24T18:56:33-03:00\"> Actualizado al 24\/12\/2023 18:56hs.<\/time><\/p>\n<div id=\"storyBody\">\n<div class=\"custom-text \" readability=\"35.678571428571\">\n<p>El 2023 de <strong><a href=\"https:\/\/www.ole.com.ar\/tema\/enner-valencia.html\" title=\"Enner Valencia\" alt=\"Enner Valencia\" class=\"slug\">Enner Valencia<\/a><\/strong> ha demostrado que el m\u00e1ximo goleador de la historia de la Selecci\u00f3n de Ecuador sigue m\u00e1s vigente que nunca a sus 34 a\u00f1os. Con una temporada que lo tuvo en el f\u00fatbol turco disputando competencias europeas, en la liga brasile\u00f1a participando de la Copa Libertadores y con La Tri en Eliminatorias Sudamericanas,<strong> el ofensivo de San Lorenzo se cans\u00f3 de hacer goles.<\/strong><\/p>\n<\/div>\n<div class=\"custom-text \" readability=\"36\">\n<p>Entre sus dos equipos y la Selecci\u00f3n ecuatoriana, Valencia promedi\u00f3 un total de <strong>31 goles en 58 partidos. <\/strong>Aqu\u00ed, un repaso por sus hitos m\u00e1s importantes en el a\u00f1o y sus envidiables n\u00fameros en ambas ligas.<\/p>\n<\/div>\n<p><h2><strong>Fenerbahce: goleador del torneo. 16 tantos y un p\u00f3ker para el recuerdo<\/strong><\/h2>\n<\/p>\n<div class=\"custom-text \" readability=\"32.212389380531\">\n<p>La primera mitad del a\u00f1o lo tuvo rompiendo redes en el f\u00fatbol turco, donde, gracias a los tantos anotados durante la primera mitad de la temporada europea (segundo semestre del 2022), qued\u00f3 como <strong>goleador de la Superliga de Turqu\u00eda 2023, con 29 tantos, cifra con la que <a href=\"https:\/\/www.ole.com.ar\/ecuador\/internacional\/fenerbahce-enner-valencia-gol-video-record-29-goles_0_Y2NjsdxFyF.html\" target=\"_self\" title=\"igual\u00f3 al m\u00e1ximo artillero del club en la Superliga de Turqu\u00eda.\" alt=\"igual\u00f3 al m\u00e1ximo artillero del club en la Superliga de Turqu\u00eda.\" rel=\"noopener noreferrer\">igual\u00f3 al m\u00e1ximo artillero del club en la Superliga de Turqu\u00eda.<\/a><\/strong><\/p>\n<\/div>\n<div class=\"custom-text \" readability=\"36\">\n<p>Su salida del cuadro de Estambul fue muy emotiva, pues nadie quer\u00eda dejar ir a su goleador. <strong>Fueron 16 goles en 24 partidos en el 2023<\/strong>, sumando liga y copa de Turqu\u00eda, adem\u00e1s de UEFA Europa League.<\/p>\n<\/div>\n<div class=\"sc-e7b891c4-0 jPbnQF\"><img alt=\"Valencia, goleador del Fenerbahce. (Reuter)\" src=\"http:\/\/hoycordobaweb.com\/wp-content\/uploads\/2023\/12\/el-ano-goleador-de-enner-de-fenerbahce-a-inter-y-los-festejos-en-la-tri-2.jpg\" width=\"720\" height=\"100\" decoding=\"async\" data-nimg=\"future\" loading=\"lazy\"><span class=\"epigraphe\">Valencia, goleador del Fenerbahce. (Reuter)<\/span><\/div>\n<div class=\"custom-text \" readability=\"37\">\n<p><strong>Por el certamen internacional le convirti\u00f3 al Sevilla en los octavos de final,<\/strong> tanto que no servir\u00eda de mucho ya que su equipo qued\u00f3 eliminado en esa misma fase. <strong>En Copa de Turqu\u00eda aport\u00f3 con un tanto ante el Rizespor,<\/strong> encuentro que fue victoria 2-1 y uno de los tantos en los que el tricolor fue capit\u00e1n.<\/p>\n<\/div>\n<div type=\"embed\" class=\"sc-7ce6049-0 dwIKul\">\n<div class=\"sc-7ce6049-1 bdcBBS videoText\" id=\"contentTitleembednQo5KHOv\" type=\"embed\" readability=\"56\"><svg fill=\"#ffffff\"><symbol id=\"play\" viewBox=\"0 0 512 512\"><path d=\"M512 256C512 397.4 397.4 512 256 512C114.6 512 0 397.4 0 256C0 114.6 114.6 0 256 0C397.4 0 512 114.6 512 256zM176 168V344C176 352.7 180.7 360.7 188.3 364.9C195.8 369.2 205.1 369 212.5 364.5L356.5 276.5C363.6 272.1 368 264.4 368 256C368 247.6 363.6 239.9 356.5 235.5L212.5 147.5C205.1 142.1 195.8 142.8 188.3 147.1C180.7 151.3 176 159.3 176 168V168z\" \/><\/symbol><use xlink:href=\"#play\" \/><\/svg><\/p>\n<div class=\"right\" readability=\"7\">\n<p>Enner Valencia<!-- --> &#8211;<!-- --> <span>24-12-2023<\/span><\/p>\n<h2 class=\"title-vid\">El gol ag\u00f3nico de Enner Valencia en la Copa de Turqu\u00eda<\/h2>\n<\/div>\n<\/div>\n<p><span class=\"back\" id=\"spanBackembednQo5KHOv\"><\/span><\/div>\n<div class=\"custom-text \" readability=\"29.305084745763\">\n<p><strong>Los otros 14 fueron por Superliga de Turqu\u00eda<\/strong>. Valencia cerr\u00f3 su temporada con dos dobletes y un <strong><a href=\"https:\/\/www.ole.com.ar\/ecuador\/internacional\/enner-valencia-doblete-fenerbahce-kasimpasa_0_03w51vdxlg.html\" target=\"_self\" title=\"p\u00f3ker\" alt=\"p\u00f3ker\" rel=\"noopener noreferrer\">p\u00f3ker<\/a><\/strong>. En la goleada 5-1 ante el Kasimpasa por la fecha 21 del certamen nacional, Ennerman clav\u00f3 cuatro goles. Su gran paso por el club se cerr\u00f3 con la<a href=\"https:\/\/www.ole.com.ar\/ecuador\/internacional\/final-copa-turquia-fenerbahce-istanbulbb-enner-valencia_0_kMdhnyKVFj.html\" target=\"_self\" title=\" consagraci\u00f3n en la Copa de Turqu\u00eda 2023.\" alt=\" consagraci\u00f3n en la Copa de Turqu\u00eda 2023.\" rel=\"noopener noreferrer\"> consagraci\u00f3n en la Copa de Turqu\u00eda 2023.<\/a><\/p>\n<\/div>\n<div type=\"embed\" class=\"sc-7ce6049-0 dwIKul\">\n<div class=\"sc-7ce6049-1 bdcBBS videoText\" id=\"contentTitleembedOxBQIBmQ\" type=\"embed\" readability=\"56\"><svg fill=\"#ffffff\"><symbol id=\"play\" viewBox=\"0 0 512 512\"><path d=\"M512 256C512 397.4 397.4 512 256 512C114.6 512 0 397.4 0 256C0 114.6 114.6 0 256 0C397.4 0 512 114.6 512 256zM176 168V344C176 352.7 180.7 360.7 188.3 364.9C195.8 369.2 205.1 369 212.5 364.5L356.5 276.5C363.6 272.1 368 264.4 368 256C368 247.6 363.6 239.9 356.5 235.5L212.5 147.5C205.1 142.1 195.8 142.8 188.3 147.1C180.7 151.3 176 159.3 176 168V168z\" \/><\/symbol><use xlink:href=\"#play\" \/><\/svg><\/p>\n<div class=\"right\" readability=\"7\">\n<p>Enner Valencia<!-- --> &#8211;<!-- --> <span>24-12-2023<\/span><\/p>\n<h2 class=\"title-vid\">Enner Valencia convirti\u00f3 cuatro goles en el mismo partido<\/h2>\n<\/div>\n<\/div>\n<p><span class=\"back\" id=\"spanBackembedOxBQIBmQ\"><\/span><\/div>\n<p><h2><strong>Inter de Porto Alegre: picante en Libertadores y de menos a m\u00e1s en Brasileirao<\/strong><\/h2>\n<\/p>\n<div class=\"custom-text \" readability=\"32.926701570681\">\n<p>A mitad de a\u00f1o, Valencia lleg\u00f3 al f\u00fatbol brasile\u00f1o como uno de los fichajes estrella con el que los dirigidos por Eduardo Coudet so\u00f1aban con su tercera Copa Libertadores.<strong> Si bien al principio le cost\u00f3 en la liga local, <a href=\"https:\/\/www.ole.com.ar\/ecuador\/internacional\/enner-valencia-equipo-ideal-copa-libertadores_0_MvYDndHZTU.html\" target=\"_self\" title=\"en el certamen internacional fue una de las figuras\" alt=\"en el certamen internacional fue una de las figuras\" rel=\"noopener noreferrer\">en el certamen internacional fue una de las figuras<\/a> en todos los partidos de su equipo<\/strong>, protagonista de las clasificaciones y demostrando toda su jerarqu\u00eda.<\/p>\n<\/div>\n<div class=\"custom-text \" readability=\"34.951898734177\">\n<p>Enner lleg\u00f3 con el desaf\u00edo de enfrentar a River Plate, uno de los candidatos, en octavos de final de la Libertadores.<strong> Con un gol en la ida, siendo figura en la vuelta y anotando su penal, fue una de las claves<\/strong> para que el Colorado se meta en cuartos de final. All\u00ed tambi\u00e9n la rompi\u00f3: <strong>un gol en La Paz y dos en Porto Alegre <a href=\"https:\/\/www.ole.com.ar\/ecuador\/internacional\/video-gol-enner-valencia-inter-porto-alegre-bolivar-cuartos-final-copa-libertadores_0_n88cVcK0SC.html\" target=\"_self\" title=\"para sellar el 3-0 del Inter ante Bolivar \" alt=\"para sellar el 3-0 del Inter ante Bolivar \" rel=\"noopener noreferrer\">para sellar el 3-0 del Inter ante Bolivar <\/a>y meterse en semifinales.<\/strong><\/p>\n<\/div>\n<div type=\"embed\" class=\"sc-7ce6049-0 dwIKul\">\n<div class=\"sc-7ce6049-1 bdcBBS videoText\" id=\"contentTitleembedB69N4ye0\" type=\"embed\" readability=\"56\"><svg fill=\"#ffffff\"><symbol id=\"play\" viewBox=\"0 0 512 512\"><path d=\"M512 256C512 397.4 397.4 512 256 512C114.6 512 0 397.4 0 256C0 114.6 114.6 0 256 0C397.4 0 512 114.6 512 256zM176 168V344C176 352.7 180.7 360.7 188.3 364.9C195.8 369.2 205.1 369 212.5 364.5L356.5 276.5C363.6 272.1 368 264.4 368 256C368 247.6 363.6 239.9 356.5 235.5L212.5 147.5C205.1 142.1 195.8 142.8 188.3 147.1C180.7 151.3 176 159.3 176 168V168z\" \/><\/symbol><use xlink:href=\"#play\" \/><\/svg><\/p>\n<div class=\"right\" readability=\"7\">\n<p>Enner Valencia<!-- --> &#8211;<!-- --> <span>24-12-2023<\/span><\/p>\n<h2 class=\"title-vid\">Cabezazo de Valencia para el 1-0 de Inter<\/h2>\n<\/div>\n<\/div>\n<p><span class=\"back\" id=\"spanBackembedB69N4ye0\"><\/span><\/div>\n<div type=\"embed\" class=\"sc-7ce6049-0 dwIKul\">\n<div class=\"sc-7ce6049-1 bdcBBS videoText\" id=\"contentTitleembedKgbmmlsh\" type=\"embed\" readability=\"56\"><svg fill=\"#ffffff\"><symbol id=\"play\" viewBox=\"0 0 512 512\"><path d=\"M512 256C512 397.4 397.4 512 256 512C114.6 512 0 397.4 0 256C0 114.6 114.6 0 256 0C397.4 0 512 114.6 512 256zM176 168V344C176 352.7 180.7 360.7 188.3 364.9C195.8 369.2 205.1 369 212.5 364.5L356.5 276.5C363.6 272.1 368 264.4 368 256C368 247.6 363.6 239.9 356.5 235.5L212.5 147.5C205.1 142.1 195.8 142.8 188.3 147.1C180.7 151.3 176 159.3 176 168V168z\" \/><\/symbol><use xlink:href=\"#play\" \/><\/svg><\/p>\n<div class=\"right\" readability=\"7\">\n<p>Enner Valencia<!-- --> &#8211;<!-- --> <span>24-12-2023<\/span><\/p>\n<h2 class=\"title-vid\">El golazo de Enner Valencia ante Bol\u00edvar<\/h2>\n<\/div>\n<\/div>\n<p><span class=\"back\" id=\"spanBackembedKgbmmlsh\"><\/span><\/div>\n<div type=\"embed\" class=\"sc-7ce6049-0 dwIKul\">\n<div class=\"sc-7ce6049-1 bdcBBS videoText\" id=\"contentTitleembedHrENzZdj\" type=\"embed\" readability=\"56\"><svg fill=\"#ffffff\"><symbol id=\"play\" viewBox=\"0 0 512 512\"><path d=\"M512 256C512 397.4 397.4 512 256 512C114.6 512 0 397.4 0 256C0 114.6 114.6 0 256 0C397.4 0 512 114.6 512 256zM176 168V344C176 352.7 180.7 360.7 188.3 364.9C195.8 369.2 205.1 369 212.5 364.5L356.5 276.5C363.6 272.1 368 264.4 368 256C368 247.6 363.6 239.9 356.5 235.5L212.5 147.5C205.1 142.1 195.8 142.8 188.3 147.1C180.7 151.3 176 159.3 176 168V168z\" \/><\/symbol><use xlink:href=\"#play\" \/><\/svg><\/p>\n<div class=\"right\" readability=\"7\">\n<p>Enner Valencia<!-- --> &#8211;<!-- --> <span>24-12-2023<\/span><\/p>\n<h2 class=\"title-vid\">El gol de Enner Valencia ante Bol\u00edvar en Porto Alegre<\/h2>\n<\/div>\n<\/div>\n<p><span class=\"back\" id=\"spanBackembedHrENzZdj\"><\/span><\/div>\n<div type=\"embed\" class=\"sc-7ce6049-0 dwIKul\">\n<div class=\"sc-7ce6049-1 bdcBBS videoText\" id=\"contentTitleembeds4rYD2K5\" type=\"embed\" readability=\"56\"><svg fill=\"#ffffff\"><symbol id=\"play\" viewBox=\"0 0 512 512\"><path d=\"M512 256C512 397.4 397.4 512 256 512C114.6 512 0 397.4 0 256C0 114.6 114.6 0 256 0C397.4 0 512 114.6 512 256zM176 168V344C176 352.7 180.7 360.7 188.3 364.9C195.8 369.2 205.1 369 212.5 364.5L356.5 276.5C363.6 272.1 368 264.4 368 256C368 247.6 363.6 239.9 356.5 235.5L212.5 147.5C205.1 142.1 195.8 142.8 188.3 147.1C180.7 151.3 176 159.3 176 168V168z\" \/><\/symbol><use xlink:href=\"#play\" \/><\/svg><\/p>\n<div class=\"right\" readability=\"7\">\n<p>Enner Valencia<!-- --> &#8211;<!-- --> <span>24-12-2023<\/span><\/p>\n<h2 class=\"title-vid\">El segundo gol de Enner Valencia ante Bol\u00edvar<\/h2>\n<\/div>\n<\/div>\n<p><span class=\"back\" id=\"spanBackembeds4rYD2K5\"><\/span><\/div>\n<div class=\"custom-text \" readability=\"34.911290322581\">\n<p><strong>Fueron esos los cuatro tantos con los que Ennerman pudo ayudar a su equipo a quedar entre los cuatro mejores de Sudam\u00e9rica.<\/strong> Su actuaci\u00f3n qued\u00f3 manchada con <a href=\"https:\/\/www.ole.com.ar\/ecuador\/internacional\/copa-libertadores-semifinal-inter-porto-alegre-fluminense-enner-valencia_0_U1gpWSelfz.html\" target=\"_self\" title=\"algunos goles errados\" alt=\"algunos goles errados\" rel=\"noopener noreferrer\">algunos goles errados<\/a> ante Fluminense en la semi, donde Inter terminar\u00eda perdiendo por un global de 4-3 contra el futuro campe\u00f3n, pero no hay dudas de que el equipo no hubiera llegado hasta ah\u00ed sin el tricolor.<\/p>\n<\/div>\n<div class=\"sc-e7b891c4-0 jPbnQF\"><img alt=\"Enner Valencia la rompi\u00f3 en Inter. (Reuter)\" src=\"http:\/\/hoycordobaweb.com\/wp-content\/uploads\/2023\/12\/el-ano-goleador-de-enner-de-fenerbahce-a-inter-y-los-festejos-en-la-tri-3.jpg\" width=\"720\" height=\"100\" decoding=\"async\" data-nimg=\"future\" loading=\"lazy\"><span class=\"epigraphe\">Enner Valencia la rompi\u00f3 en Inter. (Reuter)<\/span><\/div>\n<div class=\"custom-text \" readability=\"39\">\n<p>Por otro lado, en la liga brasile\u00f1a fue de menos a m\u00e1s. T<strong>ard\u00f3 10 partidos hasta que lleg\u00f3 su primer gol, cuando en la fecha 26, en el cl\u00e1sico contra Gremio<\/strong>, se destap\u00f3 y aport\u00f3 uno para la victoria 3-2. De ah\u00ed en adelante, comenz\u00f3 la m\u00e1quina: <strong>Ocho goles en los siguientes 11 partidos.<\/strong><\/p>\n<\/div>\n<div type=\"embed\" class=\"sc-7ce6049-0 dwIKul\">\n<div class=\"sc-7ce6049-1 bdcBBS videoText\" id=\"contentTitleembedKZ73yIKh\" type=\"embed\"><svg fill=\"#ffffff\"><symbol id=\"play\" viewBox=\"0 0 512 512\"><path d=\"M512 256C512 397.4 397.4 512 256 512C114.6 512 0 397.4 0 256C0 114.6 114.6 0 256 0C397.4 0 512 114.6 512 256zM176 168V344C176 352.7 180.7 360.7 188.3 364.9C195.8 369.2 205.1 369 212.5 364.5L356.5 276.5C363.6 272.1 368 264.4 368 256C368 247.6 363.6 239.9 356.5 235.5L212.5 147.5C205.1 142.1 195.8 142.8 188.3 147.1C180.7 151.3 176 159.3 176 168V168z\" \/><\/symbol><use xlink:href=\"#play\" \/><\/svg><\/p>\n<div class=\"right\">\n<p>ecuador<!-- --> &#8211;<!-- --> <span>24-12-2023<\/span><\/p>\n<h2 class=\"title-vid\">Enner Valencia abri\u00f3 el marcador ante Gremio<\/h2>\n<\/div>\n<\/div>\n<p><span class=\"back\" id=\"spanBackembedKZ73yIKh\"><\/span><\/div>\n<div class=\"custom-text \" readability=\"36\">\n<p>Con un doblete ante el Santos y goles en la mayor\u00eda de los partidos que jug\u00f3 el Inter en la \u00faltima etapa del campeonato, <strong>Valencia cerr\u00f3 su a\u00f1o en Porto Alegre con un total de 13 goles en 28 partidos, <\/strong>siendo cuatro de ellos por Libertadores y nueve en el Brasileirao.<\/p>\n<\/div>\n<p><h2><strong>A\u00f1o discreto en La Tri<\/strong><\/h2>\n<\/p>\n<div class=\"custom-text \" readability=\"38\">\n<p>En la Selecci\u00f3n de Ecuador, a Enner Valencia le falt\u00f3 la precisi\u00f3n que mostr\u00f3 durante todo el a\u00f1o en sus clubes. <strong>Si bien anot\u00f3 dos goles en la gira de amistosos de La Tri por Estados Unidos, uno a Bolivia y uno a Canad\u00e1<\/strong> en las victorias 1-0 y 3-1 respectivamente, en Eliminatorias Sudamericanas tuvo el arco cerrado.<\/p>\n<\/div>\n<div type=\"embed\" class=\"sc-7ce6049-0 dwIKul\">\n<div class=\"sc-7ce6049-1 bdcBBS videoText\" id=\"contentTitleembedmYcY94qr\" type=\"embed\" readability=\"56\"><svg fill=\"#ffffff\"><symbol id=\"play\" viewBox=\"0 0 512 512\"><path d=\"M512 256C512 397.4 397.4 512 256 512C114.6 512 0 397.4 0 256C0 114.6 114.6 0 256 0C397.4 0 512 114.6 512 256zM176 168V344C176 352.7 180.7 360.7 188.3 364.9C195.8 369.2 205.1 369 212.5 364.5L356.5 276.5C363.6 272.1 368 264.4 368 256C368 247.6 363.6 239.9 356.5 235.5L212.5 147.5C205.1 142.1 195.8 142.8 188.3 147.1C180.7 151.3 176 159.3 176 168V168z\" \/><\/symbol><use xlink:href=\"#play\" \/><\/svg><\/p>\n<div class=\"right\" readability=\"7\">\n<p>Enner Valencia<!-- --> &#8211;<!-- --> <span>24-12-2023<\/span><\/p>\n<h2 class=\"title-vid\">Gol de \u00c9nner Valencia ante Bolivia<\/h2>\n<\/div>\n<\/div>\n<p><span class=\"back\" id=\"spanBackembedmYcY94qr\"><\/span><\/div>\n<div type=\"embed\" class=\"sc-7ce6049-0 dwIKul\">\n<div class=\"sc-7ce6049-1 bdcBBS videoText\" id=\"contentTitleembedDb4eIjt1\" type=\"embed\"><svg fill=\"#ffffff\"><symbol id=\"play\" viewBox=\"0 0 512 512\"><path d=\"M512 256C512 397.4 397.4 512 256 512C114.6 512 0 397.4 0 256C0 114.6 114.6 0 256 0C397.4 0 512 114.6 512 256zM176 168V344C176 352.7 180.7 360.7 188.3 364.9C195.8 369.2 205.1 369 212.5 364.5L356.5 276.5C363.6 272.1 368 264.4 368 256C368 247.6 363.6 239.9 356.5 235.5L212.5 147.5C205.1 142.1 195.8 142.8 188.3 147.1C180.7 151.3 176 159.3 176 168V168z\" \/><\/symbol><use xlink:href=\"#play\" \/><\/svg><\/p>\n<div class=\"right\">\n<p>La Tri<!-- --> &#8211;<!-- --> <span>24-12-2023<\/span><\/p>\n<h2 class=\"title-vid\">El gol de Enner Valencia ante Costa Rica<\/h2>\n<\/div>\n<\/div>\n<p><span class=\"back\" id=\"spanBackembedDb4eIjt1\"><\/span><\/div>\n<div class=\"custom-text \" readability=\"38\">\n<p><strong>Enner disput\u00f3 cuatro de los seis encuentros de clasificatoria al Mundial 2026 y no pudo convertir ning\u00fan gol.<\/strong> Sin embargo, el a\u00f1o del artillero ecuatoriano fue m\u00e1s que destacable, a sus 34 a\u00f1os, demostrando la vigencia de un futbolista de jerarqu\u00eda que la rompi\u00f3 en Europa y tambi\u00e9n en Sudam\u00e9rica.<\/p>\n<\/div>\n<div class=\"sc-a7166897-0 exHLBh\" readability=\"6\">\n<section readability=\"2\"><picture><img alt=\"Kevin Rodr\u00edguez particip\u00f3 de una campa\u00f1a solidaria por Navidad en B\u00e9lgica\" src=\"http:\/\/hoycordobaweb.com\/wp-content\/uploads\/2023\/12\/el-ano-goleador-de-enner-de-fenerbahce-a-inter-y-los-festejos-en-la-tri-4.jpg\" width=\"290\" height=\"290\" decoding=\"async\" data-nimg=\"future\" loading=\"lazy\"><\/picture>\n<p><span>Mir\u00e1 tambi\u00e9n<\/span><\/p>\n<hr>\n<h3>Kevin Rodr\u00edguez particip\u00f3 de una campa\u00f1a solidaria por Navidad en B\u00e9lgica<\/h3>\n<\/p>\n<\/section>\n<\/div>\n<div class=\"sc-a7166897-0 exHLBh\" readability=\"6\">\n<section readability=\"2\"><picture><img alt=\"Video: Kendry P\u00e1ez festej\u00f3 Navidad con la gente de su barrio\" src=\"http:\/\/hoycordobaweb.com\/wp-content\/uploads\/2023\/12\/el-ano-goleador-de-enner-de-fenerbahce-a-inter-y-los-festejos-en-la-tri-5.jpg\" width=\"290\" height=\"290\" decoding=\"async\" data-nimg=\"future\" loading=\"lazy\"><\/picture>\n<p><span>Mir\u00e1 tambi\u00e9n<\/span><\/p>\n<hr>\n<h3>Video: Kendry P\u00e1ez festej\u00f3 Navidad con la gente de su barrio<\/h3>\n<\/p>\n<\/section>\n<\/div>\n<div class=\"sc-a7166897-0 exHLBh\" readability=\"6\">\n<section readability=\"2\"><picture><img alt=\"Liga de Quito sigue de fiesta: jugaron al &quot;Regalo Robado&quot;\" src=\"http:\/\/hoycordobaweb.com\/wp-content\/uploads\/2023\/12\/el-ano-goleador-de-enner-de-fenerbahce-a-inter-y-los-festejos-en-la-tri-6.jpg\" width=\"290\" height=\"290\" decoding=\"async\" data-nimg=\"future\" loading=\"lazy\"><\/picture>\n<p><span>Mir\u00e1 tambi\u00e9n<\/span><\/p>\n<hr>\n<h3>Liga de Quito sigue de fiesta: jugaron al \u00abRegalo Robado\u00bb<\/h3>\n<\/p>\n<\/section>\n<\/div>\n<\/div>\n","protected":false},"excerpt":{"rendered":"<p>24\/12\/2023 18:53hs. Actualizado al 24\/12\/2023 18:56hs. El 2023 de Enner Valencia ha demostrado que el m\u00e1ximo goleador de la historia de la Selecci\u00f3n de Ecuador sigue m\u00e1s vigente que nunca a sus 34 a\u00f1os. Con una temporada que lo tuvo en el f\u00fatbol turco disputando competencias europeas, en la liga brasile\u00f1a participando de la Copa [&hellip;]<\/p>\n","protected":false},"author":1,"featured_media":71760,"comment_status":"open","ping_status":"closed","sticky":false,"template":"","format":"standard","meta":[],"categories":[16],"tags":[],"_links":{"self":[{"href":"http:\/\/hoycordobaweb.com\/index.php\/wp-json\/wp\/v2\/posts\/71759"}],"collection":[{"href":"http:\/\/hoycordobaweb.com\/index.php\/wp-json\/wp\/v2\/posts"}],"about":[{"href":"http:\/\/hoycordobaweb.com\/index.php\/wp-json\/wp\/v2\/types\/post"}],"author":[{"embeddable":true,"href":"http:\/\/hoycordobaweb.com\/index.php\/wp-json\/wp\/v2\/users\/1"}],"replies":[{"embeddable":true,"href":"http:\/\/hoycordobaweb.com\/index.php\/wp-json\/wp\/v2\/comments?post=71759"}],"version-history":[{"count":0,"href":"http:\/\/hoycordobaweb.com\/index.php\/wp-json\/wp\/v2\/posts\/71759\/revisions"}],"wp:featuredmedia":[{"embeddable":true,"href":"http:\/\/hoycordobaweb.com\/index.php\/wp-json\/wp\/v2\/media\/71760"}],"wp:attachment":[{"href":"http:\/\/hoycordobaweb.com\/index.php\/wp-json\/wp\/v2\/media?parent=71759"}],"wp:term":[{"taxonomy":"category","embeddable":true,"href":"http:\/\/hoycordobaweb.com\/index.php\/wp-json\/wp\/v2\/categories?post=71759"},{"taxonomy":"post_tag","embeddable":true,"href":"http:\/\/hoycordobaweb.com\/index.php\/wp-json\/wp\/v2\/tags?post=71759"}],"curies":[{"name":"wp","href":"https:\/\/api.w.org\/{rel}","templated":true}]}}