{"id":71727,"date":"2023-12-24T10:01:10","date_gmt":"2023-12-24T10:01:10","guid":{"rendered":"https:\/\/www.trendencias.com\/belleza\/corte-bob-tambien-para-pelo-rizado-esto-que-tienes-que-pedirle-al-peluquero"},"modified":"2023-12-24T10:01:10","modified_gmt":"2023-12-24T10:01:10","slug":"el-corte-bob-tambien-es-para-el-pelo-rizado-esto-es-lo-que-tienes-que-pedirle-al-peluquero","status":"publish","type":"post","link":"http:\/\/hoycordobaweb.com\/index.php\/2023\/12\/24\/el-corte-bob-tambien-es-para-el-pelo-rizado-esto-es-lo-que-tienes-que-pedirle-al-peluquero\/","title":{"rendered":"El corte bob tambi\u00e9n es para el pelo rizado: esto es lo que tienes que pedirle al peluquero"},"content":{"rendered":"<p><strong>El corte de pelo bob <\/strong>es la m\u00e1xima tendencia del momento en lo que a temas de peluquer\u00eda se refiere. El caso es que no solo se adapta a todas las edades, sino tambi\u00e9n a todo tipo de pelos, aunque bien es cierto que <strong>para las rizadas<\/strong> hay que tener en cuenta muchos m\u00e1s aspectos, por lo que nada como hablar con expertos sobre el tema para que nos hablen de estilos, c\u00f3mo conseguirlos y a qui\u00e9n le sientan mejor.<\/p>\n<p><!-- BREAK 1 --> <\/p>\n<p>As\u00ed, hemos hablado con <a rel=\"noopener, noreferrer\" href=\"https:\/\/www.instagram.com\/camposcurlyhair\/?g=5\">Conchi Arias<\/a>, fundadora de <a rel=\"noopener, noreferrer\" href=\"https:\/\/www.camposcurlyhair.com\/productos\/\">Campos Curlyhair <\/a>(Granada) y experta en cabello rizado y ondulado, que nos ha propuesto tres estilos <em>curly <\/em>ideales y <em>tips <\/em>que tenemos que seguir para lucirlos de la mejor manera posible.<\/p>\n<p><!-- BREAK 2 --><\/p>\n<div class=\"article-asset article-asset-normal article-asset-center\">\n<div class=\"desvio-container\">\n<div class=\"desvio\">\n<div class=\"desvio-figure js-desvio-figure\"> <a href=\"https:\/\/www.trendencias.com\/belleza\/siete-trucos-para-dar-volumen-a-rizos-cabello-fino-tener-pelazo-envidia\"> <img alt=\"Siete trucos para dar volumen a los rizos en cabello fino y tener un pelazo de envidia\" src=\"http:\/\/hoycordobaweb.com\/wp-content\/uploads\/2023\/12\/el-corte-bob-tambien-es-para-el-pelo-rizado-esto-es-lo-que-tienes-que-pedirle-al-peluquero.jpg\"> <\/a> <\/div><\/div><\/div>\n<\/div>\n<h2>Bob wavy<\/h2>\n<p>En primero lugar Conchi nos habla del<strong> bob wavy <\/strong>que es estilo muy chic y elegante, f\u00e1cil de manejar y que suaviza los rasgos: <em>\u00abNosotros trabajamos este corte con una ligera elevaci\u00f3n para conseguir que el rizo se encoja un poco m\u00e1s, algo que es dif\u00edcil de lograr en melenas demasiado compactas. <\/em><em><strong>Las capas le aportan un toque juguet\u00f3n a este look de tendencia<\/strong><\/em><em> que, adem\u00e1s, es muy f\u00e1cil de llevar.\u00bb<\/em><\/p>\n<p><!-- BREAK 3 --> <\/p>\n<p>Nos comenda nuestra experta consultada que es perfecto para <em>\u00abrostros alargados, ya que <\/em><em><strong>el corte a la altura de la mand\u00edbula consigue elevar los rasgos y dulcificarlos<\/strong><\/em><em>. Tambi\u00e9n nos gusta combinarlo con una raya lateral, porque eleva la zona frontal superior y proporciona m\u00e1s volumen. <\/em><em><strong>Es un corte indicado en melenas onduladas<\/strong><\/em><em>, pero lo que lo descartar\u00edamos en cabellos con patrones de rizo m\u00e1s marcados, porque quedar\u00eda demasiado volumen en la parte inferior y poco en la parte superior, no se ver\u00eda compensado.\u00bb<\/em><\/p>\n<p><!-- BREAK 4 --><\/p>\n<h2><em>Fringed curls <\/em>y <em>bob<\/em><\/h2>\n<p>Ojo porque, como ya sabemos, este a\u00f1o el flequillo es un<em> must<\/em> y tambi\u00e9n para cabellos con rizos. As\u00ed, si sumamos un bob y un flequillo puede parecer una combinaci\u00f3n explosiva.<\/p>\n<p><!-- BREAK 5 --> <\/p>\n<p>As\u00ed, Conchi nos dice que si lo queremos conseguir, nada como seguir sus pasos: <em>\u00abcreamos capas en el cabello para elevarlo y darle ese aspecto tan ligero y voluminoso, pero con armon\u00eda. <\/em><em><strong>La clave est\u00e1 en el flequillo, muy frondoso y perfectamente integrado en el resto de la melena<\/strong><\/em><em>, lo que nos ayuda a enmarcar el rostro y lograr un aspecto juvenil y travieso. Es un corte bob que exige mantenimiento aunque tambi\u00e9n nos ofrece bastante versatilidad a la hora de recogerlo y jugar con \u00e9l<\/em>\u00ab.<\/p>\n<p><!-- BREAK 6 --> <\/p>\n<h2>Corte Morrison<\/h2>\n<p>Y, en tercer lugar, si queremos darle un rollazo a lo Morrison, que es perfecto para los rizos m\u00e1s marcados y muy \u00fatil para armonizar rostros muy alargados y para suavizar facciones muy marcadas.&nbsp;<\/p>\n<p><!-- BREAK 7 --><\/p>\n<p>En es este caso, para conseguirlo, Conchi nos comenta que \u00ab<em>acortamos el largo del cabello y subimos la l\u00ednea de peso para que el aspecto sea m\u00e1s redondito. Con esto conseguimos dulcificar mucho los rasgos, ya que <\/em><em><strong>al arquear los vol\u00famenes a la altura del ment\u00f3n y de los p\u00f3mulos obtenemos vol\u00famenes m\u00e1s arm\u00f3nicos<\/strong><\/em><em>. Otra clave del look es el flequillo ya que, en lugar de trabajarlo sobre su base, lo elevamos un poquito para conseguir mucho m\u00e1s movimiento en la zona frontal superior. De esta forma, no llega a ser el t\u00edpico shaggy o Morrison, sino que lo adaptamos para obtener una parte frontal superior con mucho m\u00e1s volumen, y m\u00e1s suavidad en los laterales y la l\u00ednea de peso\u00bb<\/em><\/p>\n<p><!-- BREAK 8 --><\/p>\n<p>Foto de <a rel=\"noopener, noreferrer\" href=\"https:\/\/unsplash.com\/es\/@von_co?utm_content=creditCopyText&amp;utm_medium=referral&amp;utm_source=unsplash\">Ivana Cajina<\/a> en <a rel=\"noopener, noreferrer\" href=\"https:\/\/unsplash.com\/es\/fotos\/mujer-sonriente-con-sudadera-con-capucha-gris-dnL6ZIpht2s?utm_content=creditCopyText&amp;utm_medium=referral&amp;utm_source=unsplash\">Unsplash<\/a><\/p>\n<p><!-- BREAK 9 --><\/p>\n<p>En Trendencias | <a href=\"https:\/\/www.trendencias.com\/belleza\/estos-estilos-mechas-que-llevaremos-2024-expertos\">Estos son los estilos en mechas que m\u00e1s llevaremos en 2024 seg\u00fan los expertos<\/a><\/p>\n<p><!-- BREAK 10 --> <\/p>\n","protected":false},"excerpt":{"rendered":"<p>El corte de pelo bob es la m\u00e1xima tendencia del momento en lo que a temas de peluquer\u00eda se refiere. El caso es que no solo se adapta a todas las edades, sino tambi\u00e9n a todo tipo de pelos, aunque bien es cierto que para las rizadas hay que tener en cuenta muchos m\u00e1s aspectos, [&hellip;]<\/p>\n","protected":false},"author":1,"featured_media":71728,"comment_status":"closed","ping_status":"closed","sticky":false,"template":"","format":"standard","meta":[],"categories":[1],"tags":[],"_links":{"self":[{"href":"http:\/\/hoycordobaweb.com\/index.php\/wp-json\/wp\/v2\/posts\/71727"}],"collection":[{"href":"http:\/\/hoycordobaweb.com\/index.php\/wp-json\/wp\/v2\/posts"}],"about":[{"href":"http:\/\/hoycordobaweb.com\/index.php\/wp-json\/wp\/v2\/types\/post"}],"author":[{"embeddable":true,"href":"http:\/\/hoycordobaweb.com\/index.php\/wp-json\/wp\/v2\/users\/1"}],"replies":[{"embeddable":true,"href":"http:\/\/hoycordobaweb.com\/index.php\/wp-json\/wp\/v2\/comments?post=71727"}],"version-history":[{"count":0,"href":"http:\/\/hoycordobaweb.com\/index.php\/wp-json\/wp\/v2\/posts\/71727\/revisions"}],"wp:featuredmedia":[{"embeddable":true,"href":"http:\/\/hoycordobaweb.com\/index.php\/wp-json\/wp\/v2\/media\/71728"}],"wp:attachment":[{"href":"http:\/\/hoycordobaweb.com\/index.php\/wp-json\/wp\/v2\/media?parent=71727"}],"wp:term":[{"taxonomy":"category","embeddable":true,"href":"http:\/\/hoycordobaweb.com\/index.php\/wp-json\/wp\/v2\/categories?post=71727"},{"taxonomy":"post_tag","embeddable":true,"href":"http:\/\/hoycordobaweb.com\/index.php\/wp-json\/wp\/v2\/tags?post=71727"}],"curies":[{"name":"wp","href":"https:\/\/api.w.org\/{rel}","templated":true}]}}