{"id":71709,"date":"2023-12-24T03:01:16","date_gmt":"2023-12-24T03:01:16","guid":{"rendered":"https:\/\/www.ole.com.ar\/ecuador\/liga-pro\/gonzalo-plata-gesto-solidario-regalos-navidad-guayaquil_0_dmoGTeLZyO.html"},"modified":"2023-12-24T03:01:16","modified_gmt":"2023-12-24T03:01:16","slug":"el-gesto-solidario-de-gonzalo-plata-para-navidad","status":"publish","type":"post","link":"http:\/\/hoycordobaweb.com\/index.php\/2023\/12\/24\/el-gesto-solidario-de-gonzalo-plata-para-navidad\/","title":{"rendered":"El gesto solidario de Gonzalo Plata para Navidad"},"content":{"rendered":"<p><img src=\"http:\/\/hoycordobaweb.com\/wp-content\/uploads\/2023\/12\/el-gesto-solidario-de-gonzalo-plata-para-navidad.jpg\"><\/p>\n<p><time class=\"createDate\" datetime=\"2023-12-24T00:01:16-03:00\">24\/12\/2023 00:01hs.<\/time><time class=\"modificatedDate\" datetime=\"2023-12-24T00:01:16-03:00\"><\/time><\/p>\n<div id=\"storyBody\">\n<div class=\"custom-text \" readability=\"33.436426116838\">\n<p><strong><a href=\"https:\/\/www.ole.com.ar\/tema\/gonzalo-plata.html\" target=\"_self\" title=\"Gonzalo Plata \" alt=\"Gonzalo Plata \" rel=\"noopener noreferrer\">Gonzalo Plata <\/a>se encuentra a miles de kil\u00f3metros de distancia de Ecuador y este a\u00f1o no pasar\u00e1 las fiestas en su pa\u00eds, como lo en otras ocasiones<\/strong>. Pero lo que s\u00ed mantendr\u00e1 es una tradici\u00f3n que \u00e9l mismo estableci\u00f3 desde que es jugador profesional: hacer entrega de regalos de navidad. <\/p>\n<\/div>\n<div class=\"custom-text \" readability=\"36\">\n<p><strong>As\u00ed lo anunci\u00f3 este s\u00e1bado a trav\u00e9s de sus redes sociales<\/strong>. Platita emiti\u00f3 un comunicado donde inform\u00f3 que este domingo llevar\u00e1 a cabo la repartici\u00f3n de regalos, dulces y comida a la gente del sector donde \u00e9l viv\u00f3 cuando era peque\u00f1o. Espec\u00edficamente en la casa donde \u00e9l residi\u00f3 junto a su familia.<\/p>\n<\/div>\n<div class=\"custom-text \" readability=\"38\">\n<p>Seg\u00fan dice el escrito, el evento empezar\u00e1 a las 14 y terminar\u00e1 a las 16. <strong>La direcci\u00f3n donde se desarrollar\u00e1 es la Calle L, entre la 19 y la 24ava, por el lado de la 25 en el suburbio oeste de Guayaquil<\/strong>. Aunque \u00e9l no estar\u00e1, su familia ser\u00e1 la encargada de llevar a cabo este acto.<\/p>\n<\/div>\n<div class=\"custom-text \" readability=\"39\">\n<p>\u00abNos complace informarles que, gracuas a la colaboraci\u00f3n de la Fundaci\u00f3n GP y la genrosidad de la empresa privada California Panader\u00eda y Pasteler\u00eda, <strong>entregaremos 500 juguetes a ni\u00f1os de 0 a 8 a\u00f1os, 500 funda navide\u00f1as de dulces y 150 canastas de v\u00edveres a familias de escaso recursos y personas mayores<\/strong>\u00ab, dice parte del documento.<\/p>\n<\/div>\n<p><h2><strong>Comunicado de Gonzalo Plata completo<\/strong><\/h2>\n<\/p>\n<div class=\"custom-embedhtml\" readability=\"8.3525280898876\">\n<blockquote class=\"twitter-tweet\" readability=\"10.550561797753\">\n<p lang=\"es\" dir=\"ltr\">Fecha: 24 de diciembre de 2023<br \/>Hora de inicio: 14:00<br \/>Hora de fin: 16:00<br \/>Lugar: Calle L, entre la 19 y la 24ava, por el lado de la 25, suburbio-oeste, Guayaquil (casa donde Gonzalo Plata vivi\u00f3 en su infancia).<br \/>Los generosos aportes para este evento provienen de la Fundaci\u00f3n GP. <a href=\"https:\/\/t.co\/RGAYTFoKnZ\">pic.twitter.com\/RGAYTFoKnZ<\/a><\/p>\n<p>\u2014 Gonzalo Plata (@Gonzalo_Plata20) <a href=\"https:\/\/twitter.com\/Gonzalo_Plata20\/status\/1738705951627030747?ref_src=twsrc%5Etfw\">December 23, 2023<\/a><\/p><\/blockquote><\/div>\n<div class=\"sc-a7166897-0 exHLBh\" readability=\"6\">\n<section readability=\"2\"><picture><img alt=\"\u00bfPor qu\u00e9 ser\u00e1 hist\u00f3rico el partido del Chelsea este 24 de diciembre?\" src=\"http:\/\/hoycordobaweb.com\/wp-content\/uploads\/2023\/12\/el-gesto-solidario-de-gonzalo-plata-para-navidad-2.jpg\" width=\"290\" height=\"290\" decoding=\"async\" data-nimg=\"future\" loading=\"lazy\"><\/picture>\n<p><span>Mir\u00e1 tambi\u00e9n<\/span><\/p>\n<hr>\n<h3>\u00bfPor qu\u00e9 ser\u00e1 hist\u00f3rico el partido del Chelsea este 24 de diciembre?<\/h3>\n<\/p>\n<\/section>\n<\/div>\n<div class=\"sc-a7166897-0 exHLBh\" readability=\"6\">\n<section readability=\"2\"><picture><img alt=\"Mois\u00e9s Caicedo: \u00bfqu\u00e9 consejo que le dio a Kendry P\u00e1ez en Inglaterra?\" src=\"http:\/\/hoycordobaweb.com\/wp-content\/uploads\/2023\/12\/el-gesto-solidario-de-gonzalo-plata-para-navidad-3.jpg\" width=\"290\" height=\"290\" decoding=\"async\" data-nimg=\"future\" loading=\"lazy\"><\/picture>\n<p><span>Mir\u00e1 tambi\u00e9n<\/span><\/p>\n<hr>\n<h3>Mois\u00e9s Caicedo: \u00bfqu\u00e9 consejo que le dio a Kendry P\u00e1ez en Inglaterra?<\/h3>\n<\/p>\n<\/section>\n<\/div>\n<div class=\"sc-a7166897-0 exHLBh\" readability=\"6\">\n<section readability=\"2\"><picture><img alt=\"El ex DT de Emelec que firm\u00f3 con V\u00e9lez\" src=\"http:\/\/hoycordobaweb.com\/wp-content\/uploads\/2023\/12\/el-gesto-solidario-de-gonzalo-plata-para-navidad-4.jpg\" width=\"290\" height=\"290\" decoding=\"async\" data-nimg=\"future\" loading=\"lazy\"><\/picture>\n<p><span>Mir\u00e1 tambi\u00e9n<\/span><\/p>\n<hr>\n<h3>El ex DT de Emelec que firm\u00f3 con V\u00e9lez<\/h3>\n<\/p>\n<\/section>\n<\/div>\n<div class=\"sc-a7166897-0 exHLBh\" readability=\"6\">\n<section readability=\"2\"><picture><img alt=\"\u00bfSe cae el pase de Mois\u00e9s Ram\u00edrez a M\u00e9xico? Cruz Azul busca otro arquero...\" src=\"http:\/\/hoycordobaweb.com\/wp-content\/uploads\/2023\/12\/el-gesto-solidario-de-gonzalo-plata-para-navidad-5.jpg\" width=\"290\" height=\"290\" decoding=\"async\" data-nimg=\"future\" loading=\"lazy\"><\/picture>\n<p><span>Mir\u00e1 tambi\u00e9n<\/span><\/p>\n<hr>\n<h3>\u00bfSe cae el pase de Mois\u00e9s Ram\u00edrez a M\u00e9xico? Cruz Azul busca otro arquero&#8230;<\/h3>\n<\/p>\n<\/section>\n<\/div>\n<div class=\"sc-a7166897-0 exHLBh\" readability=\"6\">\n<section readability=\"2\"><picture><img alt=\"Jeremy Sarmiento repiti\u00f3 como titular en el West Bromwich Albion: \u00bfcu\u00e1ntos va?\" src=\"http:\/\/hoycordobaweb.com\/wp-content\/uploads\/2023\/12\/el-gesto-solidario-de-gonzalo-plata-para-navidad-6.jpg\" width=\"290\" height=\"290\" decoding=\"async\" data-nimg=\"future\" loading=\"lazy\"><\/picture>\n<p><span>Mir\u00e1 tambi\u00e9n<\/span><\/p>\n<hr>\n<h3>Jeremy Sarmiento repiti\u00f3 como titular en el West Bromwich Albion: \u00bfcu\u00e1ntos va?<\/h3>\n<\/p>\n<\/section>\n<\/div>\n<div class=\"sc-a7166897-0 exHLBh\" readability=\"6\">\n<section readability=\"2\"><picture><img alt=\"Ricardo Ad\u00e9: &quot;La 5 y la 12 ya est\u00e1n en casa&quot;\" src=\"http:\/\/hoycordobaweb.com\/wp-content\/uploads\/2023\/12\/el-gesto-solidario-de-gonzalo-plata-para-navidad-7.jpg\" width=\"290\" height=\"290\" decoding=\"async\" data-nimg=\"future\" loading=\"lazy\"><\/picture>\n<p><span>Mir\u00e1 tambi\u00e9n<\/span><\/p>\n<hr>\n<h3>Ricardo Ad\u00e9: \u00abLa 5 y la 12 ya est\u00e1n en casa\u00bb<\/h3>\n<\/p>\n<\/section>\n<\/div>\n<div class=\"sc-a7166897-0 exHLBh\" readability=\"6\">\n<section readability=\"2\"><picture><img alt=\"El recuerdo de La Tri por el cumplea\u00f1os del Tin Delgado\" src=\"http:\/\/hoycordobaweb.com\/wp-content\/uploads\/2023\/12\/el-gesto-solidario-de-gonzalo-plata-para-navidad-8.jpg\" width=\"290\" height=\"290\" decoding=\"async\" data-nimg=\"future\" loading=\"lazy\"><\/picture>\n<p><span>Mir\u00e1 tambi\u00e9n<\/span><\/p>\n<hr>\n<h3>El recuerdo de La Tri por el cumplea\u00f1os del Tin Delgado<\/h3>\n<\/p>\n<\/section>\n<\/div>\n<\/div>\n","protected":false},"excerpt":{"rendered":"<p>24\/12\/2023 00:01hs. Gonzalo Plata se encuentra a miles de kil\u00f3metros de distancia de Ecuador y este a\u00f1o no pasar\u00e1 las fiestas en su pa\u00eds, como lo en otras ocasiones. Pero lo que s\u00ed mantendr\u00e1 es una tradici\u00f3n que \u00e9l mismo estableci\u00f3 desde que es jugador profesional: hacer entrega de regalos de navidad. As\u00ed lo anunci\u00f3 [&hellip;]<\/p>\n","protected":false},"author":1,"featured_media":71710,"comment_status":"open","ping_status":"closed","sticky":false,"template":"","format":"standard","meta":[],"categories":[16],"tags":[],"_links":{"self":[{"href":"http:\/\/hoycordobaweb.com\/index.php\/wp-json\/wp\/v2\/posts\/71709"}],"collection":[{"href":"http:\/\/hoycordobaweb.com\/index.php\/wp-json\/wp\/v2\/posts"}],"about":[{"href":"http:\/\/hoycordobaweb.com\/index.php\/wp-json\/wp\/v2\/types\/post"}],"author":[{"embeddable":true,"href":"http:\/\/hoycordobaweb.com\/index.php\/wp-json\/wp\/v2\/users\/1"}],"replies":[{"embeddable":true,"href":"http:\/\/hoycordobaweb.com\/index.php\/wp-json\/wp\/v2\/comments?post=71709"}],"version-history":[{"count":0,"href":"http:\/\/hoycordobaweb.com\/index.php\/wp-json\/wp\/v2\/posts\/71709\/revisions"}],"wp:featuredmedia":[{"embeddable":true,"href":"http:\/\/hoycordobaweb.com\/index.php\/wp-json\/wp\/v2\/media\/71710"}],"wp:attachment":[{"href":"http:\/\/hoycordobaweb.com\/index.php\/wp-json\/wp\/v2\/media?parent=71709"}],"wp:term":[{"taxonomy":"category","embeddable":true,"href":"http:\/\/hoycordobaweb.com\/index.php\/wp-json\/wp\/v2\/categories?post=71709"},{"taxonomy":"post_tag","embeddable":true,"href":"http:\/\/hoycordobaweb.com\/index.php\/wp-json\/wp\/v2\/tags?post=71709"}],"curies":[{"name":"wp","href":"https:\/\/api.w.org\/{rel}","templated":true}]}}