{"id":71701,"date":"2023-12-23T21:14:00","date_gmt":"2023-12-23T21:14:00","guid":{"rendered":"http:\/\/hoycordobaweb.com\/index.php\/2023\/12\/23\/el-gobierno-y-los-rebeldes-de-yemen-acordaron-respetar-un-nuevo-alto-el-fuego\/"},"modified":"2023-12-23T21:14:00","modified_gmt":"2023-12-23T21:14:00","slug":"el-gobierno-y-los-rebeldes-de-yemen-acordaron-respetar-un-nuevo-alto-el-fuego","status":"publish","type":"post","link":"http:\/\/hoycordobaweb.com\/index.php\/2023\/12\/23\/el-gobierno-y-los-rebeldes-de-yemen-acordaron-respetar-un-nuevo-alto-el-fuego\/","title":{"rendered":"El gobierno y los rebeldes de Yemen acordaron respetar un nuevo alto el fuego"},"content":{"rendered":"<p><img src=\"http:\/\/hoycordobaweb.com\/wp-content\/uploads\/2023\/12\/el-gobierno-y-los-rebeldes-de-yemen-acordaron-respetar-un-nuevo-alto-el-fuego.jpg\"><\/p>\n<figure class=\"mb-3\"><img loading=\"lazy\" data-src=\"http:\/\/hoycordobaweb.com\/wp-content\/uploads\/2023\/12\/el-gobierno-y-los-rebeldes-de-yemen-acordaron-respetar-un-nuevo-alto-el-fuego-2.jpg\" src=\"https:\/\/www.telam.com.ar\/assets\/img\/not_image.png\" class=\" lazy \" width=\"100%\" height=\"100%\" alt=\"Los rebeldes hutes y el Gobierno de Yemen tambin aceptaron la apertura de un proceso de paz para poner fin al conflicto Foto AFP\"><figcaption> Los rebeldes hut\u00edes y el Gobierno de Yemen tambi\u00e9n aceptaron la apertura de un proceso de paz para poner fin al conflicto \/ Foto: AFP. <\/figcaption><\/figure>\n<p>Los <strong>rebeldes hut\u00edes y el Gobierno de Yemen<\/strong> se comprometieron a respetar un nuevo alto el fuego en la guerra que est\u00e1n librando y aceptaron la <strong>apertura de un proceso de paz para poner fin al conflicto<\/strong>, anunci\u00f3 este s\u00e1bado el enviado de Naciones Unidas para Yemen.<\/p>\n<p>Tras una serie de reuniones en Arabia Saudita y en Om\u00e1n, Hans Grundberg \u201ccelebra el compromiso de las partes con una serie de medidas para instaurar un alto el fuego en todo el pa\u00eds y para participar en los preparativos para retomar un proceso pol\u00edtico inclusivo bajo los auspicios de la ONU\u201d, precis\u00f3 esta organizaci\u00f3n en un comunicado replicado por la agencia de noticias AFP.<\/p>\n<p><strong>Yemen est\u00e1 sumido desde 2014 en una guerra que opone a los rebeldes hut\u00edes y las fuerzas del Gobierno<\/strong>, apoyadas desde 2015 por una coalici\u00f3n militar dirigida por Arabia Saudita.<\/p>\n<p>El conflicto caus\u00f3 cientos de miles de muertos y una de las peores crisis humanitarias del mundo.<\/p>\n<p>La violencia disminuy\u00f3 tras la tregua negociada por la ONU en abril de 2022, que expir\u00f3 el pasado octubre, pero sigue respet\u00e1ndose en parte.<\/p>\n<blockquote class><p>Yemen est\u00e1 sumido desde 2014 en una guerra que opone a los rebeldes hut\u00edes y las fuerzas del Gobierno, apoyadas desde 2015 por una coalici\u00f3n militar dirigida por Arabia Saudita<\/p><\/blockquote>\n<p>Seg\u00fan el comunicado, el acuerdo incluye compromisos sobre el pago de salarios de los funcionarios, la apertura de carreteras hacia la ciudad de Taez -controlada por los rebeldes- y a otras partes de Yemen, y la reanudaci\u00f3n de las exportaciones de petr\u00f3leo.<\/p>\n<p>\u201cLos yemen\u00edes esperan resultados tangibles de este nuevo acuerdo para avanzar hacia una paz duradera\u201d, declar\u00f3 Grundberg, a\u00f1adiendo que<strong> los compromisos \u201cson ante todo una obligaci\u00f3n para con el pueblo yemen\u00ed\u201d<\/strong>. <\/p>\n","protected":false},"excerpt":{"rendered":"<p>Los rebeldes hut\u00edes y el Gobierno de Yemen tambi\u00e9n aceptaron la apertura de un proceso de paz para poner fin al conflicto \/ Foto: AFP. Los rebeldes hut\u00edes y el Gobierno de Yemen se comprometieron a respetar un nuevo alto el fuego en la guerra que est\u00e1n librando y aceptaron la apertura de un proceso [&hellip;]<\/p>\n","protected":false},"author":1,"featured_media":71702,"comment_status":"open","ping_status":"closed","sticky":false,"template":"","format":"standard","meta":[],"categories":[24],"tags":[],"_links":{"self":[{"href":"http:\/\/hoycordobaweb.com\/index.php\/wp-json\/wp\/v2\/posts\/71701"}],"collection":[{"href":"http:\/\/hoycordobaweb.com\/index.php\/wp-json\/wp\/v2\/posts"}],"about":[{"href":"http:\/\/hoycordobaweb.com\/index.php\/wp-json\/wp\/v2\/types\/post"}],"author":[{"embeddable":true,"href":"http:\/\/hoycordobaweb.com\/index.php\/wp-json\/wp\/v2\/users\/1"}],"replies":[{"embeddable":true,"href":"http:\/\/hoycordobaweb.com\/index.php\/wp-json\/wp\/v2\/comments?post=71701"}],"version-history":[{"count":0,"href":"http:\/\/hoycordobaweb.com\/index.php\/wp-json\/wp\/v2\/posts\/71701\/revisions"}],"wp:featuredmedia":[{"embeddable":true,"href":"http:\/\/hoycordobaweb.com\/index.php\/wp-json\/wp\/v2\/media\/71702"}],"wp:attachment":[{"href":"http:\/\/hoycordobaweb.com\/index.php\/wp-json\/wp\/v2\/media?parent=71701"}],"wp:term":[{"taxonomy":"category","embeddable":true,"href":"http:\/\/hoycordobaweb.com\/index.php\/wp-json\/wp\/v2\/categories?post=71701"},{"taxonomy":"post_tag","embeddable":true,"href":"http:\/\/hoycordobaweb.com\/index.php\/wp-json\/wp\/v2\/tags?post=71701"}],"curies":[{"name":"wp","href":"https:\/\/api.w.org\/{rel}","templated":true}]}}