{"id":71690,"date":"2023-12-22T13:49:54","date_gmt":"2023-12-22T13:49:54","guid":{"rendered":"https:\/\/fono.fcm.unc.edu.ar\/?p=11518"},"modified":"2023-12-22T13:49:54","modified_gmt":"2023-12-22T13:49:54","slug":"60-aniversario-ciclo-de-complementacion-curricular-ultimo-ingreso-a-la-carrera-en-el-2024","status":"publish","type":"post","link":"http:\/\/hoycordobaweb.com\/index.php\/2023\/12\/22\/60-aniversario-ciclo-de-complementacion-curricular-ultimo-ingreso-a-la-carrera-en-el-2024\/","title":{"rendered":"60\u00b0 Aniversario \u2013 Ciclo de Complementaci\u00f3n Curricular: \u00faltimo ingreso a la carrera en el 2024"},"content":{"rendered":"<h2 class=\"fusion-post-title\">60\u00b0 Aniversario \u2013 Ciclo de Complementaci\u00f3n Curricular: \u00faltimo ingreso a la carrera en el 2024<\/h2>\n<div class=\"post-content\" readability=\"31.760583941606\">\n<p class=\"fusion-post-title fusion-responsive-typography-calculated\" data-fontsize=\"18\" data-lineheight=\"27px\"><span><img loading=\"lazy\" class=\"alignright wp-image-11519 size-fusion-400\" src=\"https:\/\/fono.fcm.unc.edu.ar\/wp-content\/uploads\/sites\/14\/2023\/12\/CCC-400x402.png\" alt width=\"400\" height=\"402\" srcset=\"https:\/\/fono.fcm.unc.edu.ar\/wp-content\/uploads\/sites\/14\/2023\/12\/CCC-66x66.png 66w, https:\/\/fono.fcm.unc.edu.ar\/wp-content\/uploads\/sites\/14\/2023\/12\/CCC-150x150.png 150w, https:\/\/fono.fcm.unc.edu.ar\/wp-content\/uploads\/sites\/14\/2023\/12\/CCC-200x201.png 200w, https:\/\/fono.fcm.unc.edu.ar\/wp-content\/uploads\/sites\/14\/2023\/12\/CCC-298x300.png 298w, https:\/\/fono.fcm.unc.edu.ar\/wp-content\/uploads\/sites\/14\/2023\/12\/CCC-400x402.png 400w, https:\/\/fono.fcm.unc.edu.ar\/wp-content\/uploads\/sites\/14\/2023\/12\/CCC-600x603.png 600w, https:\/\/fono.fcm.unc.edu.ar\/wp-content\/uploads\/sites\/14\/2023\/12\/CCC-768x772.png 768w, https:\/\/fono.fcm.unc.edu.ar\/wp-content\/uploads\/sites\/14\/2023\/12\/CCC-800x804.png 800w, https:\/\/fono.fcm.unc.edu.ar\/wp-content\/uploads\/sites\/14\/2023\/12\/CCC-1018x1024.png 1018w, https:\/\/fono.fcm.unc.edu.ar\/wp-content\/uploads\/sites\/14\/2023\/12\/CCC.png 1077w\" sizes=\"(max-width: 400px) 100vw, 400px\">La Escuela de Fonoaudiolog\u00eda implementar\u00e1 el \u00faltimo ingreso al Ciclo de Complementaci\u00f3n Curricular ( CCC) a partir del a\u00f1o lectivo 2024 para Fonoaudi\u00f3logas\/os de planes no vigentes puedan acceder al t\u00edtulo de Licenciadas\/os.<\/span><\/p>\n<div class=\"post-content\" readability=\"31.434878587196\">\n<div class=\"post-content\" readability=\"30.59067357513\">\n<p><em>Para consultas administrativas:<\/em><\/p>\n<p>Dirigirse a Despacho de Alumnos de la Escuela a partir del 1\u00b0 de febrero de 2024.<\/p>\n<p>De lunes a viernes de 9 a 13 horas o por mail a&nbsp;<a href=\"mailto:despachofono@fcm.unc.edu.ar\" target=\"_blank\" rel=\"noopener noreferrer\">despachofono@fcm.unc.edu.ar&nbsp;<\/a><\/p>\n<\/div>\n<p><em>Para consultas acad\u00e9micas:<\/em><\/p>\n<p>Dirigirse por mail a <a href=\"mailto:complementacion@fono.fcm.unc.edu.ar\">complementacion@fono.fcm.unc.edu.ar<\/a><\/p>\n<p>La Coordinaci\u00f3n general del CCC:<\/p>\n<ul>\n<li>Prof. Lic. M\u00f3nica Brizuela<\/li>\n<li>Prof. Lic. Fernanda Verde<\/li>\n<li>Prof. Lic. Vanina Angiono<\/li>\n<\/ul>\n<div class=\"post-content\" readability=\"14.4\">\n<p>Ingresa para consultar la&nbsp;<a href=\"https:\/\/fono.fcm.unc.edu.ar\/wp-content\/uploads\/sites\/14\/2022\/05\/RM-1126-22-LICENCIADO-A-EN-FONOAUDIOLOGIA.pdf\" target=\"_blank\" rel=\"noopener noreferrer\">Resoluci\u00f3n N\u00b0 2022-1126 -APN-ME<\/a><\/p>\n<\/div>\n<\/div><\/div>\n","protected":false},"excerpt":{"rendered":"<p>60\u00b0 Aniversario \u2013 Ciclo de Complementaci\u00f3n Curricular: \u00faltimo ingreso a la carrera en el 2024 La Escuela de Fonoaudiolog\u00eda implementar\u00e1 el \u00faltimo ingreso al Ciclo de Complementaci\u00f3n Curricular ( CCC) a partir del a\u00f1o lectivo 2024 para Fonoaudi\u00f3logas\/os de planes no vigentes puedan acceder al t\u00edtulo de Licenciadas\/os. Para consultas administrativas: Dirigirse a Despacho de [&hellip;]<\/p>\n","protected":false},"author":1,"featured_media":0,"comment_status":"closed","ping_status":"closed","sticky":false,"template":"","format":"standard","meta":[],"categories":[1],"tags":[],"_links":{"self":[{"href":"http:\/\/hoycordobaweb.com\/index.php\/wp-json\/wp\/v2\/posts\/71690"}],"collection":[{"href":"http:\/\/hoycordobaweb.com\/index.php\/wp-json\/wp\/v2\/posts"}],"about":[{"href":"http:\/\/hoycordobaweb.com\/index.php\/wp-json\/wp\/v2\/types\/post"}],"author":[{"embeddable":true,"href":"http:\/\/hoycordobaweb.com\/index.php\/wp-json\/wp\/v2\/users\/1"}],"replies":[{"embeddable":true,"href":"http:\/\/hoycordobaweb.com\/index.php\/wp-json\/wp\/v2\/comments?post=71690"}],"version-history":[{"count":0,"href":"http:\/\/hoycordobaweb.com\/index.php\/wp-json\/wp\/v2\/posts\/71690\/revisions"}],"wp:attachment":[{"href":"http:\/\/hoycordobaweb.com\/index.php\/wp-json\/wp\/v2\/media?parent=71690"}],"wp:term":[{"taxonomy":"category","embeddable":true,"href":"http:\/\/hoycordobaweb.com\/index.php\/wp-json\/wp\/v2\/categories?post=71690"},{"taxonomy":"post_tag","embeddable":true,"href":"http:\/\/hoycordobaweb.com\/index.php\/wp-json\/wp\/v2\/tags?post=71690"}],"curies":[{"name":"wp","href":"https:\/\/api.w.org\/{rel}","templated":true}]}}