{"id":71662,"date":"2023-12-23T04:59:05","date_gmt":"2023-12-23T04:59:05","guid":{"rendered":"https:\/\/www.ole.com.ar\/river-plate\/posteos-diablito-echeverri-futuro-contrato_0_Nafj8M90Ej.html"},"modified":"2023-12-23T04:59:05","modified_gmt":"2023-12-23T04:59:05","slug":"los-posteos-del-diablito-echeverri-despues-de-declarar-que-no-renovara-su-contrato-con-river","status":"publish","type":"post","link":"http:\/\/hoycordobaweb.com\/index.php\/2023\/12\/23\/los-posteos-del-diablito-echeverri-despues-de-declarar-que-no-renovara-su-contrato-con-river\/","title":{"rendered":"Los posteos del Diablito Echeverri despu\u00e9s de declarar que no renovar\u00e1 su contrato con River"},"content":{"rendered":"<p><img src=\"http:\/\/hoycordobaweb.com\/wp-content\/uploads\/2023\/12\/los-posteos-del-diablito-echeverri-despues-de-declarar-que-no-renovara-su-contrato-con-river.jpg\"><\/p>\n<p><time class=\"createDate\" datetime=\"2023-12-23T01:59:005-03:00\">23\/12\/2023 01:59hs.<\/time><time class=\"modificatedDate\" datetime=\"2023-12-23T01:59:005-03:00\"><\/time><\/p>\n<div id=\"storyBody\">\n<div class=\"custom-text \" readability=\"34\">\n<p>El <strong>Diablito Echeverri <\/strong>poste\u00f3 durante la madrugada del s\u00e1bado una historia de Instagram relacionada con su futuro. Una publicaci\u00f3n que <strong>realiz\u00f3 desde el Madre de Ciudades<\/strong> un poco m\u00e1s de una hora despu\u00e9s de sentenciar que <strong>\u201cno voy a renovar mi contrato con River\u201d.<\/strong><\/p>\n<\/div>\n<div class=\"custom-text \" readability=\"35\">\n<p><strong>\u201cDos t\u00edtulos y que sean muchos m\u00e1s con esta camiseta\u201d<\/strong>, subi\u00f3 el chaque\u00f1o de 17 a\u00f1os. Su texto acompa\u00f1\u00f3 a su foto besando el Trofeo de Campeones que River gan\u00f3 en Santiago del Estero tras vencer a Rosario Central. Y con <strong>Echeverri <\/strong>como titular.<\/p>\n<\/div>\n<div class=\"custom-text \" readability=\"36\">\n<p><strong>\u201cPor un 2024 lleno de alegr\u00edas\u201d<\/strong>, agreg\u00f3 en un feed en el que se mostr\u00f3 posando con varios de sus compa\u00f1eros, entre ellos Enzo P\u00e9rez, quien se despidi\u00f3 de River.<\/p>\n<\/div>\n<div class=\"custom-text \" readability=\"39\">\n<p>\u00bfSi los posteos pueden considerarse una retractaci\u00f3n? No, al menos si se contempla que el Diablito dijo que pretende seguir <strong>\u201cseis meses o un a\u00f1o m\u00e1s\u201d en el club<\/strong>. Y que en ese per\u00edodo -que coincide con la duraci\u00f3n del contrato vigente- River disputar\u00e1 la Liga, la Copa de la Liga, la Copa Argentina y la Libertadores, m\u00e1s otros trofeos pendientes.<\/p>\n<\/div>\n<div type=\"embed\" class=\"sc-7ce6049-0 dwIKul\">\n<div class=\"sc-7ce6049-1 bdcBBS videoText\" id=\"contentTitleembedkco8W385\" type=\"embed\"><svg fill=\"#ffffff\"><symbol id=\"play\" viewBox=\"0 0 512 512\"><path d=\"M512 256C512 397.4 397.4 512 256 512C114.6 512 0 397.4 0 256C0 114.6 114.6 0 256 0C397.4 0 512 114.6 512 256zM176 168V344C176 352.7 180.7 360.7 188.3 364.9C195.8 369.2 205.1 369 212.5 364.5L356.5 276.5C363.6 272.1 368 264.4 368 256C368 247.6 363.6 239.9 356.5 235.5L212.5 147.5C205.1 142.1 195.8 142.8 188.3 147.1C180.7 151.3 176 159.3 176 168V168z\" \/><\/symbol><use xlink:href=\"#play\" \/><\/svg><\/p>\n<div class=\"right\">\n<p>River Plate<!-- --> &#8211;<!-- --> <span>23-12-2023<\/span><\/p>\n<h2 class=\"title-vid\">Echeverri sobre su futuro<\/h2>\n<\/div>\n<\/div>\n<p><span class=\"back\" id=\"spanBackembedkco8W385\"><\/span><\/div>\n<div class=\"custom-text \" readability=\"36\">\n<p>Sin embargo, <strong>s\u00ed puede leerse como una se\u00f1al que le baja al menos un poco el tono a la contundencia de su declaraci\u00f3n post partido<\/strong>. Una que desde su entorno le aclararon a <strong>Ol\u00e9 <\/strong>que no expres\u00f3 lo que quiso decir, ain cuando su mensaje son\u00f3 firme. Incluso ante la repregunta.<\/p>\n<\/div>\n<div class=\"custom-text \" readability=\"37\">\n<p>Por lo pronto, <strong>Jorge Brito<\/strong> se encarg\u00f3 de desdramatizar sobre la situaci\u00f3n al decir que se mantiene en di\u00e1logo con Enzo Montepaone, el agente del jugador, y que las charlas por la renovaci\u00f3n continuar\u00e1n.<\/p>\n<\/div>\n<p><h2>Brito, sobre Echeverri<\/h2>\n<\/p>\n<div class=\"sc-e7b891c4-0 jPbnQF\"><img alt=\"La historia del Diablito Echeverri.\" src=\"http:\/\/hoycordobaweb.com\/wp-content\/uploads\/2023\/12\/los-posteos-del-diablito-echeverri-despues-de-declarar-que-no-renovara-su-contrato-con-river-2.jpg\" width=\"720\" height=\"100\" decoding=\"async\" data-nimg=\"future\" loading=\"lazy\"><span class=\"epigraphe\">La historia del Diablito Echeverri.<\/span><\/div>\n<div class=\"custom-text \" readability=\"37\">\n<p>\u00abReci\u00e9n lo salud\u00e9 y estaba un poco mal por lo que hab\u00eda dicho. Porque tal vez dijo lo que no quer\u00eda decir. <strong>Hay que entender que tiene 17 a\u00f1os. Es un grand\u00edsimo jugador<\/strong>, con un potencial enorme. Reci\u00e9n lo estamos conociendo porque se sum\u00f3 hace unos meses al plantel. Tal vez en la euforia del festejo dijo algo que no es tan as\u00ed\u00bb, intent\u00f3 suavizar la situaci\u00f3n el m\u00e1ximo dirigente de River.<\/p>\n<\/div>\n<div class=\"custom-text \" readability=\"36\">\n<p>\u201cEl representante va a defender los intereses del jugador y nosotros los del club; es algo que ocurre siempre. <strong>Conf\u00edo plenamente en Claudio y en su representante<\/strong>, en que vamos a hacer algo que tiene que ser muy bueno para el club y muy bueno para el jugador\u00bb, complet\u00f3 Brito.<\/p>\n<\/div>\n<div class=\"custom-text \" readability=\"37\">\n<p>Sin embargo, hasta el momento e incluso cuando las tratativas se iniciaron hace un tiempo, todav\u00eda no hubo acuerdo en los tiempos de la pr\u00f3rroga del v\u00ednculo que une al Diablito con River. <strong>Ni por el valor de la cl\u00e1usula de rescisi\u00f3n que el club pretende elevar de los 25 millones de euros fijados en su primer contrato<\/strong>.<\/p>\n<\/div>\n<div class=\"custom-text \" readability=\"38\">\n<p>En ese contexto de incertidumbre, clubes de primera l\u00ednea de Europa como el <strong>Barcelona, PSG, Manchester City y Milan ya lo scoutean<\/strong>. Incluso Xavi Hern\u00e1ndez reconoci\u00f3 el inter\u00e9s, admitiendo que el \u00e1rea de reclutamiento del Barsa est\u00e1 atento al juvenil.<\/p>\n<\/div>\n<div type=\"embed\" class=\"sc-7ce6049-0 dwIKul\">\n<div class=\"sc-7ce6049-1 bdcBBS videoText\" id=\"contentTitleembedTLyADlsP\" type=\"embed\"><svg fill=\"#ffffff\"><symbol id=\"play\" viewBox=\"0 0 512 512\"><path d=\"M512 256C512 397.4 397.4 512 256 512C114.6 512 0 397.4 0 256C0 114.6 114.6 0 256 0C397.4 0 512 114.6 512 256zM176 168V344C176 352.7 180.7 360.7 188.3 364.9C195.8 369.2 205.1 369 212.5 364.5L356.5 276.5C363.6 272.1 368 264.4 368 256C368 247.6 363.6 239.9 356.5 235.5L212.5 147.5C205.1 142.1 195.8 142.8 188.3 147.1C180.7 151.3 176 159.3 176 168V168z\" \/><\/symbol><use xlink:href=\"#play\" \/><\/svg><\/p>\n<div class=\"right\">\n<p>River Plate<!-- --> &#8211;<!-- --> <span>23-12-2023<\/span><\/p>\n<h2 class=\"title-vid\">Echeverri: \u00abNo voy a renovar\u00bb<\/h2>\n<\/div>\n<\/div>\n<p><span class=\"back\" id=\"spanBackembedTLyADlsP\"><\/span><\/div>\n<div class=\"custom-text \" readability=\"37\">\n<p>En River, por lo pronto, quedaron sorprendidos: despu\u00e9s de la vuelta ol\u00edmpica, la frase del Diablito dej\u00f3 en shock a varios. \u00bfQu\u00e9 ocurrir\u00e1? La historia continuar\u00e1, y no en Instagram&#8230;<\/p>\n<\/div>\n<\/div>\n","protected":false},"excerpt":{"rendered":"<p>23\/12\/2023 01:59hs. El Diablito Echeverri poste\u00f3 durante la madrugada del s\u00e1bado una historia de Instagram relacionada con su futuro. Una publicaci\u00f3n que realiz\u00f3 desde el Madre de Ciudades un poco m\u00e1s de una hora despu\u00e9s de sentenciar que \u201cno voy a renovar mi contrato con River\u201d. \u201cDos t\u00edtulos y que sean muchos m\u00e1s con esta [&hellip;]<\/p>\n","protected":false},"author":1,"featured_media":71663,"comment_status":"open","ping_status":"closed","sticky":false,"template":"","format":"standard","meta":[],"categories":[16],"tags":[],"_links":{"self":[{"href":"http:\/\/hoycordobaweb.com\/index.php\/wp-json\/wp\/v2\/posts\/71662"}],"collection":[{"href":"http:\/\/hoycordobaweb.com\/index.php\/wp-json\/wp\/v2\/posts"}],"about":[{"href":"http:\/\/hoycordobaweb.com\/index.php\/wp-json\/wp\/v2\/types\/post"}],"author":[{"embeddable":true,"href":"http:\/\/hoycordobaweb.com\/index.php\/wp-json\/wp\/v2\/users\/1"}],"replies":[{"embeddable":true,"href":"http:\/\/hoycordobaweb.com\/index.php\/wp-json\/wp\/v2\/comments?post=71662"}],"version-history":[{"count":0,"href":"http:\/\/hoycordobaweb.com\/index.php\/wp-json\/wp\/v2\/posts\/71662\/revisions"}],"wp:featuredmedia":[{"embeddable":true,"href":"http:\/\/hoycordobaweb.com\/index.php\/wp-json\/wp\/v2\/media\/71663"}],"wp:attachment":[{"href":"http:\/\/hoycordobaweb.com\/index.php\/wp-json\/wp\/v2\/media?parent=71662"}],"wp:term":[{"taxonomy":"category","embeddable":true,"href":"http:\/\/hoycordobaweb.com\/index.php\/wp-json\/wp\/v2\/categories?post=71662"},{"taxonomy":"post_tag","embeddable":true,"href":"http:\/\/hoycordobaweb.com\/index.php\/wp-json\/wp\/v2\/tags?post=71662"}],"curies":[{"name":"wp","href":"https:\/\/api.w.org\/{rel}","templated":true}]}}