{"id":71653,"date":"2023-12-23T00:37:00","date_gmt":"2023-12-23T00:37:00","guid":{"rendered":"http:\/\/hoycordobaweb.com\/index.php\/2023\/12\/23\/lopez-obrador-inauguro-el-tren-que-cruza-del-oceano-atlantico-al-pacifico\/"},"modified":"2023-12-23T00:37:00","modified_gmt":"2023-12-23T00:37:00","slug":"lopez-obrador-inauguro-el-tren-que-cruza-del-oceano-atlantico-al-pacifico","status":"publish","type":"post","link":"http:\/\/hoycordobaweb.com\/index.php\/2023\/12\/23\/lopez-obrador-inauguro-el-tren-que-cruza-del-oceano-atlantico-al-pacifico\/","title":{"rendered":"L\u00f3pez Obrador inaugur\u00f3 el tren que cruza del oc\u00e9ano Atl\u00e1ntico al Pac\u00edfico"},"content":{"rendered":"<p><img src=\"http:\/\/hoycordobaweb.com\/wp-content\/uploads\/2023\/12\/lopez-obrador-inauguro-el-tren-que-cruza-del-oceano-atlantico-al-pacifico.jpg\"><\/p>\n<div class=\"video_repositive\"> <a class=\"video_sticky\" href=\"javascript:void();\" onclick=\"removeStuckVideo(true);\"><i class=\"far fa-window-close\"><\/i><\/a> <\/p>\n<div id=\"P_H22sLInQw\" class=\"video_telam\" readability=\"6.5\">\n<div class=\"feature_article_inner\" readability=\"33\">\n<p><h2 class=\"text-center\">L\u00f3pez Obrador inaugur\u00f3 el tren que cruza de oc\u00e9ano a oc\u00e9ano y busca competir con el canal de Panam\u00e1<\/h2>\n<\/p><\/div>\n<p>VER VIDEO <i class=\"fas fa-play\"><\/i><\/p>\n<\/p><\/div><\/div>\n<p>El presidente de M\u00e9xico, <strong>Andr\u00e9s L\u00f3pez Obrador<\/strong>, inaugur\u00f3 este viernes el ferrocarril Interoce\u00e1nico, que cruza el <strong>istmo de Tehuantepec <\/strong>para conectar los oc\u00e9anos Atl\u00e1ntico y Pac\u00edfico y con el que el pa\u00eds apunta a tener una alternativa al <strong>Canal de Panam\u00e1.<\/strong><\/p>\n<p><strong>L\u00f3pez Obrador <\/strong>asegur\u00f3 en el acto que \u00abha crecido tanto el comercio con Asia que se hace indispensable otro paso\u00bb porque el <strong>Canal de Panam\u00e1<\/strong> \u00abya est\u00e1 saturado\u00bb.<\/p>\n<p>El tren une los puertos de Salina Cruz (Oaxaca) en el Pac\u00edfico y de Coatzacoalcos (Veracruz) en la costa atl\u00e1ntica.<\/p>\n<p>\u00abEste proyecto lo han venido so\u00f1ando desde hace siglos autoridades, reyes, pol\u00edticos, gobernantes; desde que se llev\u00f3 a cabo la invasi\u00f3n espa\u00f1ola, Carlos V le pidi\u00f3 a Hern\u00e1n Cort\u00e9s que buscara un paso que uniera a los dos oc\u00e9anos\u00bb, destac\u00f3 el mandatario.<\/p>\n<p>Con el llamado<strong> Tren Maya<\/strong> \u2013abierto el lunes \u00faltimo- y el tren Interoce\u00e1nico el presidente pretende tambi\u00e9n desarrollar el sur del pa\u00eds hist\u00f3ricamente pobre.<\/p>\n<p>\u00abClaramente pensamos que se justifica tener un foco regional en esta zona para tratar de revertir el rezago tan grande que tiene y que es un rezago que no solamente es grande, sino que es creciente\u00bb, se\u00f1al\u00f3 a la <strong>agencia AFP Ernesto Stein<\/strong>, el representante para M\u00e9xico del <strong>Banco Interamericano de Desarrollo (BID).<\/strong><\/p>\n<figure class=\"mb-3\"><img loading=\"lazy\" data-src=\"http:\/\/hoycordobaweb.com\/wp-content\/uploads\/2023\/12\/lopez-obrador-inauguro-el-tren-que-cruza-del-oceano-atlantico-al-pacifico-2.jpg\" src=\"https:\/\/www.telam.com.ar\/assets\/img\/not_image.png\" class=\" lazy \" width=\"100%\" height=\"100%\" alt=\"Foto archivo\"><figcaption> Foto: archivo. <\/figcaption><\/figure>\n<h2 class>El proyecto de transportar 300.000 contenedores al a\u00f1o<\/h2>\n<p><br open> El Ferrocarril Interoce\u00e1nico ser\u00e1 administrado por la Secretar\u00eda de la Marina, igual que el <strong>Tren Maya<\/strong>. La idea es que el nuevo transporte pueda movilizar 300.000 contenedores al a\u00f1o en 2028, de acuerdo con datos oficiales.<\/p>\n<p>El tramo inaugurado este viernes es de 227 kil\u00f3metros y hay tres clases para los pasajeros. El tren cruza tambi\u00e9n los estados de <strong>Chiapas y Tabasco<\/strong>.<\/p>\n<p>El plan mexicano supone la siguiente mec\u00e1nica: los barcos llegar\u00edan a los remozados puertos de <strong>Salina Cruz o Coatzacoalcos<\/strong>, descargan all\u00ed sus mercader\u00edas y usan el tren para el cruce hasta el otro oc\u00e9ano para, otra vez, seguir en barco.<\/p>\n<p>Se estima que cuando el proyecto est\u00e9 definitivamente en marcha puede representar una suba de 3 a 5 puntos del PBI mexicano.<\/p>\n<p>Tambi\u00e9n el turismo genera expectativa por lo que pueda significar la nueva v\u00eda, pero la apuesta fuerte es a lo log\u00edstico y lo comercial, sobre todo ahora que el <strong>Canal de Panam\u00e1<\/strong> -que mueve cerca del 3% del comercio mundial- muestra flaquezas por la baja del agua, lo que dificulta el paso de grandes cargueros.<\/p>\n<p>El proyecto del tren se complementa con el armado de cinco primeros parques industriales, con los que el Gobierno conf\u00eda en atraer inversiones por 7.000 millones de d\u00f3lares.<\/p>\n<p>Las previsiones del Ejecutivo azteca hablan de seis horas de viaje para que un tren llegue de un puerto al otro.<\/p>\n<p>El cruce por el canal paname\u00f1o es de 80 kil\u00f3metros, pero suele demorarse de 8 a 10 horas. La variante mexicana, claro, obliga a tener en cuenta el tiempo de descarga de un transporte a otro y la nueva carga del otro lado.<\/p>\n","protected":false},"excerpt":{"rendered":"<p>L\u00f3pez Obrador inaugur\u00f3 el tren que cruza de oc\u00e9ano a oc\u00e9ano y busca competir con el canal de Panam\u00e1 VER VIDEO El presidente de M\u00e9xico, Andr\u00e9s L\u00f3pez Obrador, inaugur\u00f3 este viernes el ferrocarril Interoce\u00e1nico, que cruza el istmo de Tehuantepec para conectar los oc\u00e9anos Atl\u00e1ntico y Pac\u00edfico y con el que el pa\u00eds apunta a [&hellip;]<\/p>\n","protected":false},"author":1,"featured_media":71654,"comment_status":"open","ping_status":"closed","sticky":false,"template":"","format":"standard","meta":[],"categories":[24],"tags":[],"_links":{"self":[{"href":"http:\/\/hoycordobaweb.com\/index.php\/wp-json\/wp\/v2\/posts\/71653"}],"collection":[{"href":"http:\/\/hoycordobaweb.com\/index.php\/wp-json\/wp\/v2\/posts"}],"about":[{"href":"http:\/\/hoycordobaweb.com\/index.php\/wp-json\/wp\/v2\/types\/post"}],"author":[{"embeddable":true,"href":"http:\/\/hoycordobaweb.com\/index.php\/wp-json\/wp\/v2\/users\/1"}],"replies":[{"embeddable":true,"href":"http:\/\/hoycordobaweb.com\/index.php\/wp-json\/wp\/v2\/comments?post=71653"}],"version-history":[{"count":0,"href":"http:\/\/hoycordobaweb.com\/index.php\/wp-json\/wp\/v2\/posts\/71653\/revisions"}],"wp:featuredmedia":[{"embeddable":true,"href":"http:\/\/hoycordobaweb.com\/index.php\/wp-json\/wp\/v2\/media\/71654"}],"wp:attachment":[{"href":"http:\/\/hoycordobaweb.com\/index.php\/wp-json\/wp\/v2\/media?parent=71653"}],"wp:term":[{"taxonomy":"category","embeddable":true,"href":"http:\/\/hoycordobaweb.com\/index.php\/wp-json\/wp\/v2\/categories?post=71653"},{"taxonomy":"post_tag","embeddable":true,"href":"http:\/\/hoycordobaweb.com\/index.php\/wp-json\/wp\/v2\/tags?post=71653"}],"curies":[{"name":"wp","href":"https:\/\/api.w.org\/{rel}","templated":true}]}}