{"id":71620,"date":"2023-12-21T22:43:09","date_gmt":"2023-12-21T22:43:09","guid":{"rendered":"https:\/\/www.ole.com.ar\/fuera-de-juego\/palmeiras-endrick-kennedy-brasil-menezes_0_5YUFxP4JIf.html"},"modified":"2023-12-21T22:43:09","modified_gmt":"2023-12-21T22:43:09","slug":"endrick-y-kennedy-dentro-de-la-lista-de-brasil-para-el-preolimpico","status":"publish","type":"post","link":"http:\/\/hoycordobaweb.com\/index.php\/2023\/12\/21\/endrick-y-kennedy-dentro-de-la-lista-de-brasil-para-el-preolimpico\/","title":{"rendered":"Endrick y Kennedy, dentro de la lista de Brasil para el Preol\u00edmpico"},"content":{"rendered":"<p><img src=\"http:\/\/hoycordobaweb.com\/wp-content\/uploads\/2023\/12\/endrick-y-kennedy-dentro-de-la-lista-de-brasil-para-el-preolimpico.jpg\"><\/p>\n<p><time class=\"createDate\" datetime=\"2023-12-21T19:43:009-03:00\">21\/12\/2023 19:43hs.<\/time><time class=\"modificatedDate\" datetime=\"2023-12-21T19:43:009-03:00\"><\/time><\/p>\n<div id=\"storyBody\">\n<div class=\"custom-text \" readability=\"35\">\n<p>El cuerpo t\u00e9cnico de Ram\u00f3n Menezes no se quiere guardar nada y llevar\u00e1 a todos sus cracks al pr\u00f3ximo Preol\u00edmpico de Venezuela.<strong> El torneo se disputar\u00e1 desde el 20 de enero al 11 de febrero y definir\u00e1 a las dos selecciones <\/strong>sudamericanas que clasificar\u00e1n para <strong>los Juegos Ol\u00edmpicos de Par\u00eds 2024.<\/strong><\/p>\n<\/div>\n<div class=\"custom-text \" readability=\"37\">\n<p>El equipo brasile\u00f1o estar\u00e1 en el Grupo B junto con Venezuela, Colombia, Bolivia y Ecuador,<strong> a la espera de lo que podr\u00eda ser un duelo con la Selecci\u00f3n dirigida por Javier Mascherano en la fase final. <\/strong><\/p>\n<\/div>\n<p><h2>Endrick, la figura de Brasil<\/h2>\n<\/p>\n<div class=\"custom-text \" readability=\"36\">\n<p>La figura del Palmeiras que a mitad de 2024 ser\u00e1 parte del Real Madrid es la punta de lanza del seleccionado carioca de cara al Preol\u00edmpico Sudamericano.<strong> El delantero del Palmeiras es la principal figura del equipo de Ram\u00f3n Menezes, quien decidi\u00f3 no escatimar en su convocatoria<\/strong> pese a las negativas de varios clubes a ceder sus juveniles.<\/p>\n<\/div>\n<div class=\"sc-e7b891c4-0 jPbnQF\"><img alt=\"Palmeiras' Brazilian forward Endrick celebrates with the trophy after winning the Brazilian Championship following the football match between Cruzeiro and Palmeiras at Minerao stadium in Belo Horizonte, Brazil, on December 6, 2023. (Photo by DOUGLAS MAGNO \/ AFP)\" src=\"http:\/\/hoycordobaweb.com\/wp-content\/uploads\/2023\/12\/endrick-y-kennedy-dentro-de-la-lista-de-brasil-para-el-preolimpico-2.jpg\" width=\"720\" height=\"100\" decoding=\"async\" data-nimg=\"future\" loading=\"lazy\"><span class=\"epigraphe\">Palmeiras&#8217; Brazilian forward Endrick celebrates with the trophy after winning the Brazilian Championship following the football match between Cruzeiro and Palmeiras at Minerao stadium in Belo Horizonte, Brazil, on December 6, 2023. (Photo by DOUGLAS MAGNO \/ AFP)<\/span><\/div>\n<div class=\"custom-text \" readability=\"35\">\n<p>Si bien no fueron f\u00e1ciles las negociaciones para la citaci\u00f3n del delantero del Verdao, <strong>finalmente se logr\u00f3 destrabar el acuerdo y Endrick estar\u00e1 en el torneo clasificatorio<\/strong> rumbo a los juegos ol\u00edmpicos a disputarse en Francia.<\/p>\n<\/div>\n<div class=\"custom-text \" readability=\"37\">\n<p>Tras su visita a las instalaciones del Real Madrid el \u00faltimo fin de semana,<strong> el joven delantero, que ya fue convocado por Fernando Diniz a la Mayor, se encuentra de vacaciones <\/strong>y se reincorporar\u00e1 a los entrenamientos d\u00edas antes del comienzo del Preol\u00edmpico.<\/p>\n<\/div>\n<p><h2>Kennedy, el verdugo de Boca tambi\u00e9n convocado<\/h2>\n<\/p>\n<div class=\"sc-e7b891c4-0 jPbnQF\"><img alt=\"Kennedy, tambi\u00e9n convocado. (Foto: REUTERS\/Amr Abdallah Dalsh)\" src=\"http:\/\/hoycordobaweb.com\/wp-content\/uploads\/2023\/12\/endrick-y-kennedy-dentro-de-la-lista-de-brasil-para-el-preolimpico-3.jpg\" width=\"720\" height=\"100\" decoding=\"async\" data-nimg=\"future\" loading=\"lazy\"><span class=\"epigraphe\">Kennedy, tambi\u00e9n convocado. (Foto: REUTERS\/Amr Abdallah Dalsh)<\/span><\/div>\n<div class=\"custom-text \" readability=\"35\">\n<p><strong>Jhon Kennedy<\/strong>, un nombre que los hinchas de Boca no quieren escuchar tras aquella final ante Fluminense en el Maracan\u00e1,<strong> tambi\u00e9n ser\u00e1 parte del plantel carioca en el pr\u00f3ximo torneo sudamericano.<\/strong><\/p>\n<\/div>\n<div class=\"custom-text \" readability=\"33\">\n<p><strong>El delantero del Fluminense es otra de las grandes figuras del equipo de Ramon Menezes<\/strong> y compartir\u00e1 la delantera del elenco carioca junto a Endrick. <\/p>\n<\/div>\n<div class=\"custom-text \" readability=\"36\">\n<p>El verdugo de Boca en la final disputada en Rio de Janeiro se encuentra disputando el Mundial de Clubes, de hecho, <strong>convirti\u00f3 uno de los goles del equipo de Fernando Diniz en la victoria ante Al Ahly en semifinales<\/strong><\/p>\n<\/div>\n<p><h2>Los convocados de Menezes<\/h2>\n<\/p>\n<div class=\"custom-text \" readability=\"34\">\n<p>Dentro de la lista de 23 jugadores que dio a conocer Ramon Menezes, <strong>se encuentran 14 jugadores del Brasileirao mientras que los nueve restantes juegan en el exterior.<\/strong><\/p>\n<\/div>\n<div class=\"custom-text \" readability=\"33\">\n<p><strong>Arqueros<\/strong>: Mycael (Atletico Paranaense), Andrew (Gil Vicente) y Matheus Donelli (Corinthians).<\/p>\n<\/div>\n<div class=\"custom-text \" readability=\"40\">\n<p><strong>Defensores<\/strong>: Vinicius Tobias (Real Madrid), Matheus Dias (Internacional), Luan C\u00e2ndido (Bragantino), Patryck (San Pablo), Kaiky Fernandes (Almer\u00eda), Arthur Chaves (Acad\u00e9mico de Viseu), Robert Renan (Zenit) y Michel (Palmeiras).<\/p>\n<\/div>\n<div class=\"custom-text \" readability=\"37\">\n<p><strong>Mediocampistas<\/strong>: Andrey Santos (Nottingham Forest), Danilo (Nottingham Forest), Alexsander (Fluminense), Marlon Gomes (Vasco), Ronald (Gremio) y Gabriel Pirani (DC United).<\/p>\n<\/div>\n<div class=\"custom-text \" readability=\"38\">\n<p><strong>Delanteros<\/strong>: Marquinhos (Nantes), Giovane (Corinthians), Endrick (Palmeiras), John Kennedy (Fluminense), Gabriel Pec (Vasco), Guilherme Biro (Corinthians).<\/p>\n<\/div>\n<div class=\"custom-text \" readability=\"33\">\n<p>La canarinha <strong>har\u00e1 su debut oficial en el torneo sudamericano ante Bolivia el 23 de enero<\/strong> ya que la primer jornada no la disputar\u00e1 dado que tiene fecha libre. <\/p>\n<\/div>\n<div class=\"custom-text \" readability=\"37\">\n<p>Por otra parte, el grupo del Preol\u00edmpico esta conformado por <strong>Argentina, Paraguay, Chile, Per\u00fa y Uruguay.<\/strong> <\/p>\n<\/div>\n<div class=\"custom-text \" readability=\"33\">\n<p>Los dos primeros de cada grupos jugar\u00e1n la fase final la cual se disputa en enfrentamientos de todos contra todos y<strong> los dos que mas puntos obtengan conseguir\u00e1n los tickets rumbo a Par\u00eds 2024.<\/strong><\/p>\n<\/div>\n<div class=\"sc-a7166897-0 exHLBh\" readability=\"6.5\">\n<section readability=\"3\"><picture><img alt=\"Di Mar\u00eda recre\u00f3 en Benfica un golazo que le hizo a Suiza en el Mundial de Brasil 2014\" src=\"http:\/\/hoycordobaweb.com\/wp-content\/uploads\/2023\/12\/endrick-y-kennedy-dentro-de-la-lista-de-brasil-para-el-preolimpico-4.jpg\" width=\"290\" height=\"290\" decoding=\"async\" data-nimg=\"future\" loading=\"lazy\"><\/picture>\n<p><span>Mir\u00e1 tambi\u00e9n<\/span><\/p>\n<hr>\n<h3>Di Mar\u00eda recre\u00f3 en Benfica un golazo que le hizo a Suiza en el Mundial de Brasil 2014<\/h3>\n<\/p>\n<\/section>\n<\/div>\n<div class=\"sc-a7166897-0 exHLBh\" readability=\"6\">\n<section readability=\"2\"><picture><img alt=\"Fatura Broun: final con River y \u00bfdespedida?\" src=\"http:\/\/hoycordobaweb.com\/wp-content\/uploads\/2023\/12\/endrick-y-kennedy-dentro-de-la-lista-de-brasil-para-el-preolimpico-5.jpg\" width=\"290\" height=\"290\" decoding=\"async\" data-nimg=\"future\" loading=\"lazy\"><\/picture>\n<p><span>Mir\u00e1 tambi\u00e9n<\/span><\/p>\n<hr>\n<h3>Fatura Broun: final con River y \u00bfdespedida?<\/h3>\n<\/p>\n<\/section>\n<\/div>\n<div class=\"sc-a7166897-0 exHLBh\" readability=\"6.5\">\n<section readability=\"3\"><picture><img alt=\"Costas quiere un 9: Borja, Jos\u00e9 L\u00f3pez y los dos m\u00e1s terrenales\" src=\"http:\/\/hoycordobaweb.com\/wp-content\/uploads\/2023\/12\/endrick-y-kennedy-dentro-de-la-lista-de-brasil-para-el-preolimpico-6.jpg\" width=\"290\" height=\"290\" decoding=\"async\" data-nimg=\"future\" loading=\"lazy\"><\/picture>\n<p><span>Mir\u00e1 tambi\u00e9n<\/span><\/p>\n<hr>\n<h3>Costas quiere un 9: Borja, Jos\u00e9 L\u00f3pez y los dos m\u00e1s terrenales<\/h3>\n<\/p>\n<\/section>\n<\/div>\n<\/div>\n","protected":false},"excerpt":{"rendered":"<p>21\/12\/2023 19:43hs. El cuerpo t\u00e9cnico de Ram\u00f3n Menezes no se quiere guardar nada y llevar\u00e1 a todos sus cracks al pr\u00f3ximo Preol\u00edmpico de Venezuela. El torneo se disputar\u00e1 desde el 20 de enero al 11 de febrero y definir\u00e1 a las dos selecciones sudamericanas que clasificar\u00e1n para los Juegos Ol\u00edmpicos de Par\u00eds 2024. El equipo [&hellip;]<\/p>\n","protected":false},"author":1,"featured_media":71621,"comment_status":"open","ping_status":"closed","sticky":false,"template":"","format":"standard","meta":[],"categories":[16],"tags":[],"_links":{"self":[{"href":"http:\/\/hoycordobaweb.com\/index.php\/wp-json\/wp\/v2\/posts\/71620"}],"collection":[{"href":"http:\/\/hoycordobaweb.com\/index.php\/wp-json\/wp\/v2\/posts"}],"about":[{"href":"http:\/\/hoycordobaweb.com\/index.php\/wp-json\/wp\/v2\/types\/post"}],"author":[{"embeddable":true,"href":"http:\/\/hoycordobaweb.com\/index.php\/wp-json\/wp\/v2\/users\/1"}],"replies":[{"embeddable":true,"href":"http:\/\/hoycordobaweb.com\/index.php\/wp-json\/wp\/v2\/comments?post=71620"}],"version-history":[{"count":0,"href":"http:\/\/hoycordobaweb.com\/index.php\/wp-json\/wp\/v2\/posts\/71620\/revisions"}],"wp:featuredmedia":[{"embeddable":true,"href":"http:\/\/hoycordobaweb.com\/index.php\/wp-json\/wp\/v2\/media\/71621"}],"wp:attachment":[{"href":"http:\/\/hoycordobaweb.com\/index.php\/wp-json\/wp\/v2\/media?parent=71620"}],"wp:term":[{"taxonomy":"category","embeddable":true,"href":"http:\/\/hoycordobaweb.com\/index.php\/wp-json\/wp\/v2\/categories?post=71620"},{"taxonomy":"post_tag","embeddable":true,"href":"http:\/\/hoycordobaweb.com\/index.php\/wp-json\/wp\/v2\/tags?post=71620"}],"curies":[{"name":"wp","href":"https:\/\/api.w.org\/{rel}","templated":true}]}}