{"id":71614,"date":"2023-12-22T09:00:03","date_gmt":"2023-12-22T09:00:03","guid":{"rendered":"https:\/\/www.ole.com.ar\/river-plate\/armani-nena-nina-hincha-river-carta-santiago-estero-trofeo-campeones_0_6TmPlrbevA.html"},"modified":"2023-12-22T09:00:03","modified_gmt":"2023-12-22T09:00:03","slug":"conmovedor-le-pidio-a-armani-que-no-se-vaya-por-las-criticas-y-suena-con-entrar-a-la-cancha-con-el","status":"publish","type":"post","link":"http:\/\/hoycordobaweb.com\/index.php\/2023\/12\/22\/conmovedor-le-pidio-a-armani-que-no-se-vaya-por-las-criticas-y-suena-con-entrar-a-la-cancha-con-el\/","title":{"rendered":"Conmovedor: le pidi\u00f3 a Armani que \u00abno se vaya por las cr\u00edticas\u00bb y sue\u00f1a con entrar a la cancha con \u00e9l"},"content":{"rendered":"<p><img src=\"http:\/\/hoycordobaweb.com\/wp-content\/uploads\/2023\/12\/conmovedor-le-pidio-a-armani-que-no-se-vaya-por-las-criticas-y-suena-con-entrar-a-la-cancha-con-el.jpg\"><\/p>\n<p><time class=\"createDate\" datetime=\"2023-12-22T06:00:003-03:00\">22\/12\/2023 06:00hs.<\/time><time class=\"modificatedDate\" datetime=\"2023-12-21T22:57:51-03:00\"> Actualizado al 21\/12\/2023 22:57hs.<\/time><\/p>\n<div id=\"storyBody\">\n<div class=\"custom-text \" readability=\"39.136363636364\">\n<p>Agus, de 11 a\u00f1os y oriunda de Santiago del Estero, pensaba que el plantel de <a href=\"https:\/\/www.ole.com.ar\/tema\/river-plate.html\" title=\"River Plate\" alt=\"River Plate\" class=\"slug\">River<\/a> llegar\u00eda a su provincia el viernes. Cuando se aviv\u00f3, vol\u00f3 hacia la puerta del hotel y <a href=\"https:\/\/www.ole.com.ar\/river-plate\/recibimiento-river-plantel-santiago-estero-trofeo-campeones-rosario-central_0_2lakvUyKo6.html\" target=\"_self\" title=\"esper\u00f3, junto a miles de hinchas, a que llegara el micro con los jugadores\" alt=\"esper\u00f3, junto a miles de hinchas, a que llegara el micro con los jugadores\" rel=\"noopener noreferrer\">esper\u00f3, junto a miles de hinchas, a que llegara el micro con los jugadores<\/a>. <strong>Lo hizo con una carta en sus manos, una que ten\u00eda escrito \u00ab<a href=\"https:\/\/www.ole.com.ar\/tema\/franco-armani.html\" title=\"Franco Armani\" alt=\"Franco Armani\" class=\"slug\">Armani<\/a>\u00bb con un coraz\u00f3n por debajo<\/strong>. \u00bfSu misi\u00f3n? D\u00e1rsela al arquero, para hacerle saber que \u00abhay una ni\u00f1a en Santiago del Estero que lo admira y no quiere que se vaya\u00bb. Y fue misi\u00f3n cumplida: al bajarse del veh\u00edculo,<strong> el Pulpo fue a buscar directamente a la joven, que se llev\u00f3 un saludo, una firma y ahora sue\u00f1a con entrar a la cancha con \u00e9l.<\/strong><\/p>\n<\/div>\n<div class=\"custom-text \" readability=\"42\">\n<p>Se ve que la historia de la ni\u00f1a, que un rato antes del arribo del plantel se hab\u00eda viralizado en las redes por su carta, lleg\u00f3 a o\u00eddos de Armani. Al dejar el micro,<strong> lo primero que hizo el uno fue ir a buscar a Agus<\/strong> para conocerla y recibir el escrito. \u00abMe dijo que la iba a leer, que me quede tranquila y me dio un beso en el cachete. Y<strong>o le dije que me haga entrar con \u00e9l a la cancha y me dijo &#8216;s\u00ed, s\u00ed&#8217;. Ojal\u00e1 que se pueda dar, es mi sue\u00f1o<\/strong>\u00ab, le dijo despu\u00e9s la piba a TyC Sports.<\/p>\n<\/div>\n<div class=\"custom-text \" readability=\"38\">\n<p><strong>\u00bfY el contenido de la carta?<\/strong> Dio un pantallazo, la joven santiague\u00f1a: \u00ab<strong>Le dije que no se vaya por las cr\u00edticas<\/strong>, que sepa que hay una ni\u00f1a en Santiago del Estero que lo admira mucho gane o pierda\u00bb. Por semejante banca, este viernes a las 21 podr\u00eda tener premio y <strong>acompa\u00f1ar al uno en el ingreso al c\u00e9sped<\/strong> del estadio \u00danico Madre de Ciudades&#8230;<\/p>\n<\/div>\n<p><h2><strong>Agus, una hincha santiague\u00f1a, le hizo llegar su carta a Armani<\/strong><\/h2>\n<\/p>\n<div class=\"sc-e7b891c4-0 jPbnQF\"><img alt=\"Agus, hincha de River, le dio su carta a Franco Armani en Santiago del Estero.\" src=\"http:\/\/hoycordobaweb.com\/wp-content\/uploads\/2023\/12\/conmovedor-le-pidio-a-armani-que-no-se-vaya-por-las-criticas-y-suena-con-entrar-a-la-cancha-con-el-2.jpg\" width=\"720\" height=\"100\" decoding=\"async\" data-nimg=\"future\" loading=\"lazy\"><span class=\"epigraphe\">Agus, hincha de River, le dio su carta a Franco Armani en Santiago del Estero.<\/span><\/div>\n<div class=\"sc-e7b891c4-0 jPbnQF\"><img alt=\"Armani llegada de River a Santiago del Estero\nPrensa River\" src=\"http:\/\/hoycordobaweb.com\/wp-content\/uploads\/2023\/12\/conmovedor-le-pidio-a-armani-que-no-se-vaya-por-las-criticas-y-suena-con-entrar-a-la-cancha-con-el-3.jpg\" width=\"720\" height=\"100\" decoding=\"async\" data-nimg=\"future\" loading=\"lazy\"><span class=\"epigraphe\">Armani llegada de River a Santiago del Estero<br \/>\nPrensa River<\/span><\/div>\n<div class=\"sc-a7166897-0 exHLBh\" readability=\"6\">\n<section readability=\"2\"><picture><img alt=\"Video: el tremendo recibimiento al plantel de River en Santiago del Estero\" src=\"http:\/\/hoycordobaweb.com\/wp-content\/uploads\/2023\/12\/conmovedor-le-pidio-a-armani-que-no-se-vaya-por-las-criticas-y-suena-con-entrar-a-la-cancha-con-el-4.jpg\" width=\"290\" height=\"290\" decoding=\"async\" data-nimg=\"future\" loading=\"lazy\"><\/picture>\n<p><span>Mir\u00e1 tambi\u00e9n<\/span><\/p>\n<hr>\n<h3>Video: el tremendo recibimiento al plantel de River en Santiago del Estero<\/h3>\n<\/p>\n<\/section>\n<\/div>\n<div class=\"sc-a7166897-0 exHLBh\" readability=\"7\">\n<section readability=\"4\"><picture><img alt=\"River vs. Rosario Central: hora, por d\u00f3nde ver en vivo y posibles formaciones para el Trofeo de Campeones\" src=\"http:\/\/hoycordobaweb.com\/wp-content\/uploads\/2023\/12\/conmovedor-le-pidio-a-armani-que-no-se-vaya-por-las-criticas-y-suena-con-entrar-a-la-cancha-con-el-5.jpg\" width=\"290\" height=\"290\" decoding=\"async\" data-nimg=\"future\" loading=\"lazy\"><\/picture>\n<p><span>Mir\u00e1 tambi\u00e9n<\/span><\/p>\n<hr>\n<h3>River vs. Rosario Central: hora, por d\u00f3nde ver en vivo y posibles formaciones para el Trofeo de Campeones<\/h3>\n<\/p>\n<\/section>\n<\/div>\n<div class=\"sc-a7166897-0 exHLBh\" readability=\"6\">\n<section readability=\"2\"><picture><img alt=\"La lista de River: Demichelis convoc\u00f3 a todo el plantel para la final ante Central\" src=\"http:\/\/hoycordobaweb.com\/wp-content\/uploads\/2023\/12\/conmovedor-le-pidio-a-armani-que-no-se-vaya-por-las-criticas-y-suena-con-entrar-a-la-cancha-con-el-6.jpg\" width=\"290\" height=\"290\" decoding=\"async\" data-nimg=\"future\" loading=\"lazy\"><\/picture>\n<p><span>Mir\u00e1 tambi\u00e9n<\/span><\/p>\n<hr>\n<h3>La lista de River: Demichelis convoc\u00f3 a todo el plantel para la final ante Central<\/h3>\n<\/p>\n<\/section>\n<\/div>\n<div class=\"sc-a7166897-0 exHLBh\" readability=\"6\">\n<section readability=\"2\"><picture><img alt=\"Qu\u00e9 jugadores de River y Rosario Central est\u00e1n en el equipo ideal de la Copa LPF\" src=\"http:\/\/hoycordobaweb.com\/wp-content\/uploads\/2023\/12\/conmovedor-le-pidio-a-armani-que-no-se-vaya-por-las-criticas-y-suena-con-entrar-a-la-cancha-con-el-7.jpg\" width=\"290\" height=\"290\" decoding=\"async\" data-nimg=\"future\" loading=\"lazy\"><\/picture>\n<p><span>Mir\u00e1 tambi\u00e9n<\/span><\/p>\n<hr>\n<h3>Qu\u00e9 jugadores de River y Rosario Central est\u00e1n en el equipo ideal de la Copa LPF<\/h3>\n<\/p>\n<\/section>\n<\/div>\n<div class=\"sc-a7166897-0 exHLBh\" readability=\"6\">\n<section readability=\"2\"><picture><img alt=\"Pedite una grande de Russo: la c\u00e1bala de Miguel antes de la final contra River\" src=\"http:\/\/hoycordobaweb.com\/wp-content\/uploads\/2023\/12\/conmovedor-le-pidio-a-armani-que-no-se-vaya-por-las-criticas-y-suena-con-entrar-a-la-cancha-con-el-8.jpg\" width=\"290\" height=\"290\" decoding=\"async\" data-nimg=\"future\" loading=\"lazy\"><\/picture>\n<p><span>Mir\u00e1 tambi\u00e9n<\/span><\/p>\n<hr>\n<h3>Pedite una grande de Russo: la c\u00e1bala de Miguel antes de la final contra River<\/h3>\n<\/p>\n<\/section>\n<\/div>\n<\/div>\n","protected":false},"excerpt":{"rendered":"<p>22\/12\/2023 06:00hs. Actualizado al 21\/12\/2023 22:57hs. Agus, de 11 a\u00f1os y oriunda de Santiago del Estero, pensaba que el plantel de River llegar\u00eda a su provincia el viernes. Cuando se aviv\u00f3, vol\u00f3 hacia la puerta del hotel y esper\u00f3, junto a miles de hinchas, a que llegara el micro con los jugadores. Lo hizo con [&hellip;]<\/p>\n","protected":false},"author":1,"featured_media":71615,"comment_status":"open","ping_status":"closed","sticky":false,"template":"","format":"standard","meta":[],"categories":[16],"tags":[],"_links":{"self":[{"href":"http:\/\/hoycordobaweb.com\/index.php\/wp-json\/wp\/v2\/posts\/71614"}],"collection":[{"href":"http:\/\/hoycordobaweb.com\/index.php\/wp-json\/wp\/v2\/posts"}],"about":[{"href":"http:\/\/hoycordobaweb.com\/index.php\/wp-json\/wp\/v2\/types\/post"}],"author":[{"embeddable":true,"href":"http:\/\/hoycordobaweb.com\/index.php\/wp-json\/wp\/v2\/users\/1"}],"replies":[{"embeddable":true,"href":"http:\/\/hoycordobaweb.com\/index.php\/wp-json\/wp\/v2\/comments?post=71614"}],"version-history":[{"count":0,"href":"http:\/\/hoycordobaweb.com\/index.php\/wp-json\/wp\/v2\/posts\/71614\/revisions"}],"wp:featuredmedia":[{"embeddable":true,"href":"http:\/\/hoycordobaweb.com\/index.php\/wp-json\/wp\/v2\/media\/71615"}],"wp:attachment":[{"href":"http:\/\/hoycordobaweb.com\/index.php\/wp-json\/wp\/v2\/media?parent=71614"}],"wp:term":[{"taxonomy":"category","embeddable":true,"href":"http:\/\/hoycordobaweb.com\/index.php\/wp-json\/wp\/v2\/categories?post=71614"},{"taxonomy":"post_tag","embeddable":true,"href":"http:\/\/hoycordobaweb.com\/index.php\/wp-json\/wp\/v2\/tags?post=71614"}],"curies":[{"name":"wp","href":"https:\/\/api.w.org\/{rel}","templated":true}]}}