{"id":71587,"date":"2023-12-21T11:02:00","date_gmt":"2023-12-21T11:02:00","guid":{"rendered":"http:\/\/hoycordobaweb.com\/index.php\/2023\/12\/21\/designaron-a-esteban-leguizamo-como-director-ejecutivo-de-pami\/"},"modified":"2023-12-21T11:02:00","modified_gmt":"2023-12-21T11:02:00","slug":"designaron-a-esteban-leguizamo-como-director-ejecutivo-de-pami","status":"publish","type":"post","link":"http:\/\/hoycordobaweb.com\/index.php\/2023\/12\/21\/designaron-a-esteban-leguizamo-como-director-ejecutivo-de-pami\/","title":{"rendered":"Designaron a Esteban Leguizamo como director ejecutivo de PAMI"},"content":{"rendered":"<p><img src=\"http:\/\/hoycordobaweb.com\/wp-content\/uploads\/2023\/12\/designaron-a-esteban-leguizamo-como-director-ejecutivo-de-pami.jpg\"><\/p>\n<figure class=\"mb-3\"><img loading=\"lazy\" data-src=\"http:\/\/hoycordobaweb.com\/wp-content\/uploads\/2023\/12\/designaron-a-esteban-leguizamo-como-director-ejecutivo-de-pami-2.jpg\" src=\"https:\/\/www.telam.com.ar\/assets\/img\/not_image.png\" class=\" lazy \" width=\"100%\" height=\"100%\" alt=\"Nuevos nombramientos en el PAMI \"><figcaption> Nuevos nombramientos en el PAMI. <\/figcaption><\/figure>\n<p>El Gobierno nacional oficializ\u00f3 la designaci\u00f3n de <strong>Esteban Leguizamo como Director Ejecutivo<\/strong> del Instituto Nacional de Servicios Sociales para Jubilados y Pensionados (PAMI), y de Miguel Blanco como S\u00edndico General de la Naci\u00f3n.<\/p>\n<p>La designaci\u00f3n de Leguizamo fue establecida mediante el Decreto 63\/2023 firmado por el presidente Javier Milei y por el ministro de Salud, Mario Antonio Russo, publicado en el Bolet\u00edn Oficial.<\/p>\n<p>Por medio del Decreto 62\/2023, se designa <strong>subdirector ejecutivo del organismo a Carlos Blas Zamparolo.<\/strong><\/p>\n<p>En tanto, se oficializ\u00f3 la designaci\u00f3n de <strong>Miguel Carlos Blanco como S\u00edndico General de la Naci\u00f3n<\/strong>, a trav\u00e9s del Decreto 68\/2023, firmado por Milei y el jefe de Gabinete, Nicol\u00e1s Posse. <\/p>\n","protected":false},"excerpt":{"rendered":"<p>Nuevos nombramientos en el PAMI. El Gobierno nacional oficializ\u00f3 la designaci\u00f3n de Esteban Leguizamo como Director Ejecutivo del Instituto Nacional de Servicios Sociales para Jubilados y Pensionados (PAMI), y de Miguel Blanco como S\u00edndico General de la Naci\u00f3n. La designaci\u00f3n de Leguizamo fue establecida mediante el Decreto 63\/2023 firmado por el presidente Javier Milei y [&hellip;]<\/p>\n","protected":false},"author":1,"featured_media":71588,"comment_status":"open","ping_status":"closed","sticky":false,"template":"","format":"standard","meta":[],"categories":[19],"tags":[],"_links":{"self":[{"href":"http:\/\/hoycordobaweb.com\/index.php\/wp-json\/wp\/v2\/posts\/71587"}],"collection":[{"href":"http:\/\/hoycordobaweb.com\/index.php\/wp-json\/wp\/v2\/posts"}],"about":[{"href":"http:\/\/hoycordobaweb.com\/index.php\/wp-json\/wp\/v2\/types\/post"}],"author":[{"embeddable":true,"href":"http:\/\/hoycordobaweb.com\/index.php\/wp-json\/wp\/v2\/users\/1"}],"replies":[{"embeddable":true,"href":"http:\/\/hoycordobaweb.com\/index.php\/wp-json\/wp\/v2\/comments?post=71587"}],"version-history":[{"count":0,"href":"http:\/\/hoycordobaweb.com\/index.php\/wp-json\/wp\/v2\/posts\/71587\/revisions"}],"wp:featuredmedia":[{"embeddable":true,"href":"http:\/\/hoycordobaweb.com\/index.php\/wp-json\/wp\/v2\/media\/71588"}],"wp:attachment":[{"href":"http:\/\/hoycordobaweb.com\/index.php\/wp-json\/wp\/v2\/media?parent=71587"}],"wp:term":[{"taxonomy":"category","embeddable":true,"href":"http:\/\/hoycordobaweb.com\/index.php\/wp-json\/wp\/v2\/categories?post=71587"},{"taxonomy":"post_tag","embeddable":true,"href":"http:\/\/hoycordobaweb.com\/index.php\/wp-json\/wp\/v2\/tags?post=71587"}],"curies":[{"name":"wp","href":"https:\/\/api.w.org\/{rel}","templated":true}]}}