{"id":71575,"date":"2023-12-21T10:52:32","date_gmt":"2023-12-21T10:52:32","guid":{"rendered":"https:\/\/www.mujerhoy.com\/moda\/no-te-pierdas\/look-navideno-falda-lentejuelas-ivanka-trump-kardashian-20231220130702-nt.html"},"modified":"2023-12-21T10:52:32","modified_gmt":"2023-12-21T10:52:32","slug":"el-look-navideno-con-falda-de-lentejuelas-de-ivanka-trump-que-puedes-copiar-con-prendas-low-cost-de-zara","status":"publish","type":"post","link":"http:\/\/hoycordobaweb.com\/index.php\/2023\/12\/21\/el-look-navideno-con-falda-de-lentejuelas-de-ivanka-trump-que-puedes-copiar-con-prendas-low-cost-de-zara\/","title":{"rendered":"El look navide\u00f1o con falda de lentejuelas de Ivanka Trump que puedes copiar con prendas low cost de Zara"},"content":{"rendered":"<p><!-- AUTHOR --> <\/p>\n<div class=\"voc-author-timesocial \"> <!-- AUTHOR --> <\/p>\n<div class=\"voc-author-timesocial__signature\"> <!-- IMAGE AUTHOR --> <picture class=\"voc-image-signature\"> <img class=\"voc-image-signature__img\" src=\"http:\/\/hoycordobaweb.com\/wp-content\/uploads\/2023\/12\/el-look-navideno-con-falda-de-lentejuelas-de-ivanka-trump-que-puedes-copiar-con-prendas-low-cost-de-zara.jpg\" alt=\"Carla Dom\u00ednguez\"> <\/picture> <!-- INFO AUTHOR --> <\/div><\/div>\n<p> <!-- COMPONENTS --> <\/p>\n<p class=\"voc-paragraph\">Seguramente nunca pensar\u00edas que el clan Kardashian se relacionar\u00eda en alguna ocasi\u00f3n con los Trump. Pues s\u00ed, ha pasado y as\u00ed lo ha posteado <a data-voc-vtm-id=\"in-text-traffic\" href=\"https:\/\/www.mujerhoy.com\/temas\/personajes\/ivanka-trump.html\">Ivanka Trump<\/a>, la hija del ex presidente de Estados Unidos, Donald Trump en sus redes sociales junto a Kim y Kendall Jenner.\n<\/p>\n<p class=\"voc-paragraph\">Las tres se juntaban en Las Vegas con motivo de <strong>la inauguraci\u00f3n del Hotel Fontainebleau<\/strong>. Una velada donde todas disfrutaron de la presencia tambi\u00e9n de otras personalidades como <strong>Cher, Anitta, Lenny Kravitz, o el cantante Justin Timberlake.<\/strong><\/p>\n<p class=\"voc-paragraph\">Para todo el mundo, ha sido sorprendente ver reunidas a las Kardashian junto a <strong>Ivanka Trump<\/strong>. Sin embargo, parece que su amistad viene desde hace a\u00f1os, ya que han crecido en el mismo c\u00edrculo de amigos. Incluso se las ha visto juntas en otras ocasiones m\u00e1s all\u00e1 de eventos especiales como este.\n<\/p>\n<p class=\"voc-paragraph\">Para este gran evento en Las Vegas, <strong>las Kardashian<\/strong> apostaron por looks en negro con vestidos ce\u00f1idos y tirantes muy finos. Sin embargo, Ivanka, aunque tambi\u00e9n apost\u00f3 por el negro a trav\u00e9s de <strong>un top palabra de honor<\/strong>, quiso a\u00f1adir un toque m\u00e1s navide\u00f1o a su look con <strong>una falda de lentejuelas.<\/strong><\/p>\n<p class=\"voc-paragraph\">Sin duda, el estilismo de Ivanka es de diez y es pura inspiraci\u00f3n si est\u00e1s buscando <strong>ideas para Navidad, o incluso Nochevieja<\/strong>. Tanto el top, como la falda metalizada son tendencia. En cuanto a accesorios, quiso apostar por el plateado, tanto en pendientes como en zapatos.\n<\/p>\n<p class=\"voc-paragraph\">La buena noticia es que puedes copiar el look de Ivanka y con piezas algo m\u00e1s asequibles. Hemos buscado en una de <strong>nuestras firmas favoritas low cost<\/strong> y hemos fichado algunas piezas similares con las que conseguir este look en tu pr\u00f3ximo evento.\n<\/p>\n<p><h3 class=\"voc-detail__title\"> El look inspirado en Ivanka Trump con piezas de Zara<br \/>\n<\/h3>\n<\/p>\n<div class=\"voc-detail-photo-zoom\"> <picture data-toggle=\"modal\" data-target=\"#photoZoomModal-931\" target=\"modal\">\n<div class=\"voc-img-icon-link\"> <img loading=\"lazy\" data-original=\"\/\/static.mujerhoy.com\/www\/multimedia\/202312\/19\/media\/cortadas\/top-palabra-honor-zara-negro-kZbC--650x900@MujerHoy.jpg\" width=\"650\" height=\"900\" class=\"lazy adsviu_analyse\" alt=\"Top palabra de honor en color negro de Zara. Foto: Zara.\"> <noscript> <img src=\"http:\/\/hoycordobaweb.com\/wp-content\/uploads\/2023\/12\/el-look-navideno-con-falda-de-lentejuelas-de-ivanka-trump-que-puedes-copiar-con-prendas-low-cost-de-zara.webp\" alt=\"Top palabra de honor en color negro de Zara. Foto: Zara.\"> <\/noscript> <i class=\"voc-icons zoom voc-multimedia-box voc-ico-l\"><\/i> <\/div><figcaption class=\"figure-caption\">Top palabra de honor en color negro de Zara. Foto: Zara.<\/figcaption><\/picture>\n<\/div>\n<div id=\"photoZoomModal-931\" class=\"voc-lightbox modal fade voc-lightbox--photo-zoom\" role=\"dialog\" data-voc-photozoom-lightbox>\n<div class=\"voc-lightbox__dialog\" role=\"document\">\n<div class=\"voc-lightbox__content\"> <!-- Modal header --> <!-- Modal content --> <\/p>\n<div class=\"voc-lightbox__photo-container\"> <picture class> <img loading=\"lazy\" data-original=\"\/\/static.mujerhoy.com\/www\/multimedia\/202312\/19\/media\/cortadas\/top-palabra-honor-zara-negro-kZbC--650x900@MujerHoy.jpg\" alt=\"Top palabra de honor en color negro de Zara. Foto: Zara.\" class=\"lazy\"> <noscript> <img src=\"http:\/\/hoycordobaweb.com\/wp-content\/uploads\/2023\/12\/el-look-navideno-con-falda-de-lentejuelas-de-ivanka-trump-que-puedes-copiar-con-prendas-low-cost-de-zara.webp\" alt=\"Top palabra de honor en color negro de Zara. Foto: Zara.\"> <\/noscript> <\/picture> <\/div><\/div><\/div>\n<\/div>\n<p class=\"voc-paragraph\">La ventaja de los tops en palabra de honor (ref: 0085\/803) es que se pueden lucir ahora con faldas de lentejuelas, pero tambi\u00e9n con vaqueros. Este top b\u00e1sico negro es muy similar al que luce Ivanka. Es un modelo sencillo con fruncido y cremallera lateral. <strong>Precio: 17,95 euros.<\/strong><\/p>\n<div class=\"voc-detail-photo-zoom\"> <picture data-toggle=\"modal\" data-target=\"#photoZoomModal-73\" target=\"modal\">\n<div class=\"voc-img-icon-link\"> <img loading=\"lazy\" data-original=\"\/\/static3.mujerhoy.com\/www\/multimedia\/202312\/19\/media\/cortadas\/falda-midi-lentejuelas-zara-kZbC--650x900@MujerHoy.jpg\" width=\"650\" height=\"900\" class=\"lazy adsviu_analyse\" alt=\"Falda de lentejuelas en plateado de Zara. Foto: Zara.\"> <noscript> <img src=\"http:\/\/hoycordobaweb.com\/wp-content\/uploads\/2023\/12\/el-look-navideno-con-falda-de-lentejuelas-de-ivanka-trump-que-puedes-copiar-con-prendas-low-cost-de-zara-1.webp\" alt=\"Falda de lentejuelas en plateado de Zara. Foto: Zara.\"> <\/noscript> <i class=\"voc-icons zoom voc-multimedia-box voc-ico-l\"><\/i> <\/div><figcaption class=\"figure-caption\">Falda de lentejuelas en plateado de Zara. Foto: Zara.<\/figcaption><\/picture>\n<\/div>\n<div id=\"photoZoomModal-73\" class=\"voc-lightbox modal fade voc-lightbox--photo-zoom\" role=\"dialog\" data-voc-photozoom-lightbox>\n<div class=\"voc-lightbox__dialog\" role=\"document\">\n<div class=\"voc-lightbox__content\"> <!-- Modal header --> <!-- Modal content --> <\/p>\n<div class=\"voc-lightbox__photo-container\"> <picture class> <img loading=\"lazy\" data-original=\"\/\/static3.mujerhoy.com\/www\/multimedia\/202312\/19\/media\/cortadas\/falda-midi-lentejuelas-zara-kZbC--650x900@MujerHoy.jpg\" alt=\"Falda de lentejuelas en plateado de Zara. Foto: Zara.\" class=\"lazy\"> <noscript> <img src=\"http:\/\/hoycordobaweb.com\/wp-content\/uploads\/2023\/12\/el-look-navideno-con-falda-de-lentejuelas-de-ivanka-trump-que-puedes-copiar-con-prendas-low-cost-de-zara-1.webp\" alt=\"Falda de lentejuelas en plateado de Zara. Foto: Zara.\"> <\/noscript> <\/picture> <\/div><\/div><\/div>\n<\/div>\n<p class=\"voc-paragraph\">Esta falda de lentejuelas es perfecta para combinar con el top anterior. Es una falda semitransparente (ref: 7901\/863) de tiro alto y cintura el\u00e1stica. Cuenta con abertura laterla y forro interior. Es una falda que podr\u00e1s lucir perfectamente durante estas fiestas. <strong>Precio: 29,95 euros.<\/strong><\/p>\n<div class=\"voc-detail-photo-zoom\"> <picture data-toggle=\"modal\" data-target=\"#photoZoomModal-879\" target=\"modal\">\n<div class=\"voc-img-icon-link\"> <img loading=\"lazy\" data-original=\"\/\/static2.mujerhoy.com\/www\/multimedia\/202312\/19\/media\/cortadas\/sandalias-tacon-plateado-zara-kZbC--650x900@MujerHoy.jpg\" width=\"650\" height=\"900\" class=\"lazy adsviu_analyse\" alt=\"Sandalias de tac\u00f3n en plateado de Zara. Foto: Zara.\"> <noscript> <img src=\"http:\/\/hoycordobaweb.com\/wp-content\/uploads\/2023\/12\/el-look-navideno-con-falda-de-lentejuelas-de-ivanka-trump-que-puedes-copiar-con-prendas-low-cost-de-zara-2.webp\" alt=\"Sandalias de tac\u00f3n en plateado de Zara. Foto: Zara.\"> <\/noscript> <i class=\"voc-icons zoom voc-multimedia-box voc-ico-l\"><\/i> <\/div><figcaption class=\"figure-caption\">Sandalias de tac\u00f3n en plateado de Zara. Foto: Zara.<\/figcaption><\/picture>\n<\/div>\n<div id=\"photoZoomModal-879\" class=\"voc-lightbox modal fade voc-lightbox--photo-zoom\" role=\"dialog\" data-voc-photozoom-lightbox>\n<div class=\"voc-lightbox__dialog\" role=\"document\">\n<div class=\"voc-lightbox__content\"> <!-- Modal header --> <!-- Modal content --> <\/p>\n<div class=\"voc-lightbox__photo-container\"> <picture class> <img loading=\"lazy\" data-original=\"\/\/static2.mujerhoy.com\/www\/multimedia\/202312\/19\/media\/cortadas\/sandalias-tacon-plateado-zara-kZbC--650x900@MujerHoy.jpg\" alt=\"Sandalias de tac\u00f3n en plateado de Zara. Foto: Zara.\" class=\"lazy\"> <noscript> <img src=\"http:\/\/hoycordobaweb.com\/wp-content\/uploads\/2023\/12\/el-look-navideno-con-falda-de-lentejuelas-de-ivanka-trump-que-puedes-copiar-con-prendas-low-cost-de-zara-2.webp\" alt=\"Sandalias de tac\u00f3n en plateado de Zara. Foto: Zara.\"> <\/noscript> <\/picture> <\/div><\/div><\/div>\n<\/div>\n<p class=\"voc-paragraph\">Se trata de unas sandalias de tac\u00f3n alto y plataforma delantera (ref: 2303\/310) para que puedas ir algo m\u00e1s c\u00f3moda. Es un zapato ideal y c\u00f3modo para lucir con este tipo de looks algo m\u00e1s arreglado. Es en color plata y est\u00e1 disponible en Zara por 39,95 euros.\n<\/p>\n<p> <!-- TOPICS --> <\/p>\n","protected":false},"excerpt":{"rendered":"<p>Seguramente nunca pensar\u00edas que el clan Kardashian se relacionar\u00eda en alguna ocasi\u00f3n con los Trump. Pues s\u00ed, ha pasado y as\u00ed lo ha posteado Ivanka Trump, la hija del ex presidente de Estados Unidos, Donald Trump en sus redes sociales junto a Kim y Kendall Jenner. Las tres se juntaban en Las Vegas con motivo [&hellip;]<\/p>\n","protected":false},"author":1,"featured_media":71576,"comment_status":"closed","ping_status":"closed","sticky":false,"template":"","format":"standard","meta":[],"categories":[1],"tags":[],"_links":{"self":[{"href":"http:\/\/hoycordobaweb.com\/index.php\/wp-json\/wp\/v2\/posts\/71575"}],"collection":[{"href":"http:\/\/hoycordobaweb.com\/index.php\/wp-json\/wp\/v2\/posts"}],"about":[{"href":"http:\/\/hoycordobaweb.com\/index.php\/wp-json\/wp\/v2\/types\/post"}],"author":[{"embeddable":true,"href":"http:\/\/hoycordobaweb.com\/index.php\/wp-json\/wp\/v2\/users\/1"}],"replies":[{"embeddable":true,"href":"http:\/\/hoycordobaweb.com\/index.php\/wp-json\/wp\/v2\/comments?post=71575"}],"version-history":[{"count":0,"href":"http:\/\/hoycordobaweb.com\/index.php\/wp-json\/wp\/v2\/posts\/71575\/revisions"}],"wp:featuredmedia":[{"embeddable":true,"href":"http:\/\/hoycordobaweb.com\/index.php\/wp-json\/wp\/v2\/media\/71576"}],"wp:attachment":[{"href":"http:\/\/hoycordobaweb.com\/index.php\/wp-json\/wp\/v2\/media?parent=71575"}],"wp:term":[{"taxonomy":"category","embeddable":true,"href":"http:\/\/hoycordobaweb.com\/index.php\/wp-json\/wp\/v2\/categories?post=71575"},{"taxonomy":"post_tag","embeddable":true,"href":"http:\/\/hoycordobaweb.com\/index.php\/wp-json\/wp\/v2\/tags?post=71575"}],"curies":[{"name":"wp","href":"https:\/\/api.w.org\/{rel}","templated":true}]}}