{"id":71567,"date":"2023-12-21T01:48:31","date_gmt":"2023-12-21T01:48:31","guid":{"rendered":"https:\/\/www.ole.com.ar\/ecuador\/la-tri\/ecuador-sede-sudamericano-sub-20-femenino_0_mllJnRHLnL.html"},"modified":"2023-12-21T01:48:31","modified_gmt":"2023-12-21T01:48:31","slug":"ecuador-sera-sede-del-sudamericano-femenino-sub-20-en-2024","status":"publish","type":"post","link":"http:\/\/hoycordobaweb.com\/index.php\/2023\/12\/21\/ecuador-sera-sede-del-sudamericano-femenino-sub-20-en-2024\/","title":{"rendered":"Ecuador ser\u00e1 sede del Sudamericano Femenino Sub 20 en 2024"},"content":{"rendered":"<p><img src=\"http:\/\/hoycordobaweb.com\/wp-content\/uploads\/2023\/12\/ecuador-sera-sede-del-sudamericano-femenino-sub-20-en-2024.jpg\"><\/p>\n<div><img src=\"http:\/\/hoycordobaweb.com\/wp-content\/uploads\/2023\/12\/ecuador-sera-sede-del-sudamericano-femenino-sub-20-en-2024.jpg\" class=\"ff-og-image-inserted\"><\/div>\n<div readability=\"32.336956521739\">\n<p>Este mi\u00e9rcoles la <strong><a href=\"https:\/\/www.ole.com.ar\/tema\/conmebol.html\" title=\"Conmebol\" alt=\"Conmebol\" class=\"slug\">Conmebol <\/a><\/strong>hizo p\u00fablico su calendario de competiciones internacionales para el a\u00f1o 2024. Aunque la <strong><a href=\"https:\/\/www.ole.com.ar\/tema\/copa-america.html\" title=\"Copa America\" alt=\"Copa America\" class=\"slug\">Copa Am\u00e9rica<\/a> <\/strong>-que se jugar\u00e1 en Estados Unidos- ser\u00e1 el torneo m\u00e1s importante, <strong>Ecuador ser\u00e1 sede un certamen: organizar\u00e1 el Sudamericano Sub 20 Femenino.<\/strong><\/p>\n<\/div>\n<div readability=\"35\">\n<p>La noticia fue celebrada en sus redes por la Federaci\u00f3n Ecuatoriana de F\u00fatbol. A falta de la confirmaci\u00f3n de los estadios en los que se jugar\u00e1n los cotejos en nuestro pa\u00eds,<strong> lo que s\u00ed se sabe es la fecha del torneo: se jugar\u00e1 desde el 17 de abril hasta el 5 de mayo.<\/strong><\/p>\n<\/div>\n<div readability=\"39\">\n<p>\u00abLa capacidad de organizaci\u00f3n, infraestructura deportiva y gesti\u00f3n log\u00edstica mostradas en competiciones internacionales como la final \u00fanica de la Libertadores 2022, la Libertadores Femenina de ese mismo a\u00f1o y el Sudamericano Sub 17 de 2023, ha posicionado a nuestro pa\u00eds como un gran anfitri\u00f3n de eventos deportivos\u00bb, destacaron desde la FEF.<\/p>\n<\/div>\n<div readability=\"35\">\n<p>Esta es la segunda vez que este torneo se lleva a cabo en Ecuador:<strong> ya hab\u00eda organizado la edici\u00f3n de 2018<\/strong>. En esa oportunidad los estadios elegidos fueron el Bellavista de Ambato, el Ol\u00edmpico de Ibarra y el Ol\u00edmpico de Riobamba. Y el campe\u00f3n de ese Sudamericano fue Brasil. <\/p>\n<\/div>\n","protected":false},"excerpt":{"rendered":"<p>Este mi\u00e9rcoles la Conmebol hizo p\u00fablico su calendario de competiciones internacionales para el a\u00f1o 2024. Aunque la Copa Am\u00e9rica -que se jugar\u00e1 en Estados Unidos- ser\u00e1 el torneo m\u00e1s importante, Ecuador ser\u00e1 sede un certamen: organizar\u00e1 el Sudamericano Sub 20 Femenino. La noticia fue celebrada en sus redes por la Federaci\u00f3n Ecuatoriana de F\u00fatbol. A [&hellip;]<\/p>\n","protected":false},"author":1,"featured_media":71568,"comment_status":"open","ping_status":"closed","sticky":false,"template":"","format":"standard","meta":[],"categories":[16],"tags":[],"_links":{"self":[{"href":"http:\/\/hoycordobaweb.com\/index.php\/wp-json\/wp\/v2\/posts\/71567"}],"collection":[{"href":"http:\/\/hoycordobaweb.com\/index.php\/wp-json\/wp\/v2\/posts"}],"about":[{"href":"http:\/\/hoycordobaweb.com\/index.php\/wp-json\/wp\/v2\/types\/post"}],"author":[{"embeddable":true,"href":"http:\/\/hoycordobaweb.com\/index.php\/wp-json\/wp\/v2\/users\/1"}],"replies":[{"embeddable":true,"href":"http:\/\/hoycordobaweb.com\/index.php\/wp-json\/wp\/v2\/comments?post=71567"}],"version-history":[{"count":0,"href":"http:\/\/hoycordobaweb.com\/index.php\/wp-json\/wp\/v2\/posts\/71567\/revisions"}],"wp:featuredmedia":[{"embeddable":true,"href":"http:\/\/hoycordobaweb.com\/index.php\/wp-json\/wp\/v2\/media\/71568"}],"wp:attachment":[{"href":"http:\/\/hoycordobaweb.com\/index.php\/wp-json\/wp\/v2\/media?parent=71567"}],"wp:term":[{"taxonomy":"category","embeddable":true,"href":"http:\/\/hoycordobaweb.com\/index.php\/wp-json\/wp\/v2\/categories?post=71567"},{"taxonomy":"post_tag","embeddable":true,"href":"http:\/\/hoycordobaweb.com\/index.php\/wp-json\/wp\/v2\/tags?post=71567"}],"curies":[{"name":"wp","href":"https:\/\/api.w.org\/{rel}","templated":true}]}}